{"id":204927,"date":"2025-10-28T06:15:17","date_gmt":"2025-10-28T06:15:17","guid":{"rendered":"https:\/\/www.europesays.com\/es\/204927\/"},"modified":"2025-10-28T06:15:17","modified_gmt":"2025-10-28T06:15:17","slug":"el-ascenso-del-real-oviedo-repartio-45-millones-de-euros-en-primas","status":"publish","type":"post","link":"https:\/\/www.europesays.com\/es\/204927\/","title":{"rendered":"El ascenso del Real Oviedo reparti\u00f3 4,5 millones de euros en primas"},"content":{"rendered":"<p><img fetchpriority=\"high\" class=\"v-a-img\" src=\"https:\/\/www.europesays.com\/es\/wp-content\/uploads\/2025\/10\/real-oviedo-ascenso-dinero-ks5G-U24014841553HiF-1200x840@El Comercio.jpg\" loading=\"eager\" decoding=\"async\" alt=\"Cazorla, a hombros rodeado de la afici\u00f3n del Real Oviedo, que tom\u00f3 el campo del Tartiere.\"  width=\"1200\" height=\"840\"\/><\/p>\n<p>Cazorla, a hombros rodeado de la afici\u00f3n del Real Oviedo, que tom\u00f3 el campo del Tartiere.          Dami\u00e1n Arienza        <\/p>\n<p>El Oviedo presentar\u00e1 en su pr\u00f3xima junta general de accionistas unas p\u00e9rdidas totales de 5,6 euros y prev\u00e9 unos beneficios de 6,1 millones en el ejercicio actual. El presupuesto de esta temporada asciende a 63.098.000 euros<\/p>\n<p><a class=\"v-mdl-ath__fig-a\" href=\"https:\/\/www.elcomercio.es\/autor\/ramon-julio-garcia-269.html\" title=\"Ram\u00f3n Julio Garc\u00eda\" rel=\"nofollow noopener\" target=\"_blank\"><br \/>\n<img decoding=\"async\" class=\"v-mdl-ath__img\" src=\"https:\/\/www.europesays.com\/es\/wp-content\/uploads\/2025\/08\/autor-269-foto-4.jpeg\" alt=\"Ram\u00f3n Julio Garc\u00eda\"\/><br \/>\n<\/a><\/p>\n<p class=\"v-mdl-ath__p v-mdl-ath__p--6\">\nLunes, 27 de octubre 2025, 17:41<\/p>\n<p>| Actualizado 17:54h.<\/p>\n<p class=\"v-p\">El ascenso a Primera Divisi\u00f3n del <a href=\"https:\/\/www.elcomercio.es\/real-oviedo\/\" data-voc-vtm-id=\"in-text-traffic\" title=\"Real Oviedo\" data-mrf-link=\"www.elcomercio.es\" rel=\"nofollow noopener\" target=\"_blank\">Real Oviedo<\/a> tuvo un coste en premios para la plantilla de 4,5 millones de euros que explican buena parte de las p\u00e9rdidas que ser\u00e1n presentadas a los accionistas en la junta general que se celebrar\u00e1 el pr\u00f3ximo 26 de noviembre, a las 17.00 horas, en el auditorio Pr\u00edncipe Felipe. El d\u00e9ficit final alcanza los 5,6 millones de euros y se justifica tambi\u00e9n por el despido de <a href=\"https:\/\/www.elcomercio.es\/real-oviedo\/calleja-vestuario-respira-seguridad-confianza-salimos-reforzados-20250315234458-nt.html\" data-voc-vtm-id=\"in-text-traffic\" title=\"Javier Calleja \" data-mrf-link=\"www.elcomercio.es\" rel=\"nofollow noopener\" target=\"_blank\">Javier Calleja <\/a> y por la realizaci\u00f3n de fichajes no presupuestados en un principio y que se consideraron claves para el \u00e9xito deportivo. El presupuesto de esta temporada asciende a 63.098.000 euros. <\/p>\n<p class=\"v-p\">Lo que en otras circunstancias ser\u00eda un grav\u00edsimo problema para el Oviedo, el ascenso hace que no haya problemas de liquidez, ni de endeudamiento a largo plazo. Jugar en la m\u00e1xima categor\u00eda reporta unos ingresos televisivos de 43,5 millones de euros, que cubren el tope salarial de la plantilla, y adem\u00e1s se presupuesta un beneficio de 6,1 millones al cierre del ejercicio 2025-26 que dejar\u00e1 margen para cubrir las p\u00e9rdidas acumuladas.<\/p>\n<p><a href=\"http:\/\/www.elcomercio.es\/real-oviedo\/ourense-real-oviedo-copa-rey-convocatoria-partido-jugadores-20251027175122-nt.html#vtm_modulosEngag=mod-rel:real-oviedo:noticia:1:cmp:1-not\" class=\"v-a-link\" aria-label=\"Imagen\" rel=\"nofollow noopener\" target=\"_blank\"><\/p>\n<p><img decoding=\"async\" loading=\"lazy\" src=\"https:\/\/www.europesays.com\/es\/wp-content\/uploads\/2025\/10\/ourense-real-oviedo-copa-rey-kZ--366x256@El Comercio.jpg\" class=\"v-a-img\" width=\"258\" height=\"180\" alt=\"\" data-voc-vtm-id=\"in-text-traffic\"\/><\/p>\n<p><\/a><\/p>\n<p class=\"v-p\">La decisi\u00f3n de destituir a Calleja tambi\u00e9n tuvo su peso en las cuentas, como lo tendr\u00e1 en las siguientes la decisi\u00f3n tomada con Veljko Paunovic. Uno de los problemas del Oviedo son las cantidades de dinero que se marchan en indemnizaciones y que en la campa\u00f1a 2024-25 se quedaron muy cerca del mill\u00f3n de euros, llegando a los 996.667 euros, que tambi\u00e9n crecer\u00e1n en esta campa\u00f1a.<\/p>\n<p class=\"v-p\">En el cap\u00edtulo de inversiones, destacan los casi 3,5 millones utilizados en la remodelaci\u00f3n del Carlos Tartiere y la creaci\u00f3n de nuevos palcos VIP, mientras que la tienda inaugurada en Parque Principado tuvo un coste superior a los 107.000 euros.<\/p>\n<p class=\"v-p\">Otro asunto que parece avanzar es la ciudad deportiva que se ubicar\u00e1 en La Belga. Las cuentas ya recogen pagos por encima de los 300.000 euros en una partida que puede hacer referencia a la nueva tienda inaugurada en el estadio y a la propia instalaci\u00f3n azul. Adem\u00e1s, se recoge que el club a\u00fan dispone de 6,4 millones del cr\u00e9dito de CVC, que ir\u00edan a parar a la nueva casa de los oviedistas.<\/p>\n<p class=\"v-p\">Los sueldos y dietas de los miembros del consejo de administraci\u00f3n azul superan los 240.000 euros, lo que los deja en cifras similares a las del curso anterior y los dos paquetes accionariales mayoritarios en el club son el Grupo Pachuca con el 59,97%, mientras que el Grupo Carso conserva el 15,45% del total.<\/p>\n<p class=\"v-p\">La junta general ser\u00e1 el marco perfecto para que los dirigentes azules den explicaciones concretas sobre el estado econ\u00f3mico del club y los planes que el Grupo Pachuca tiene para el futuro.<\/p>\n<p>Reporta un error<\/p>\n","protected":false},"excerpt":{"rendered":"Cazorla, a hombros rodeado de la afici\u00f3n del Real Oviedo, que tom\u00f3 el campo del Tartiere. Dami\u00e1n Arienza&hellip;\n","protected":false},"author":2,"featured_media":204928,"comment_status":"","ping_status":"","sticky":false,"template":"","format":"standard","meta":{"footnotes":""},"categories":[80],"tags":[6421,82,95,94,25,24,1557,4724,1796,55842,798,56077,23],"class_list":{"0":"post-204927","1":"post","2":"type-post","3":"status-publish","4":"format-standard","5":"has-post-thumbnail","7":"category-economia","8":"tag-ascenso","9":"tag-business","10":"tag-economia","11":"tag-economy","12":"tag-es","13":"tag-espana","14":"tag-euros","15":"tag-millones","16":"tag-oviedo","17":"tag-primas","18":"tag-real","19":"tag-repartio","20":"tag-spain"},"share_on_mastodon":{"url":"https:\/\/pubeurope.com\/@es\/115450329538915465","error":""},"_links":{"self":[{"href":"https:\/\/www.europesays.com\/es\/wp-json\/wp\/v2\/posts\/204927","targetHints":{"allow":["GET"]}}],"collection":[{"href":"https:\/\/www.europesays.com\/es\/wp-json\/wp\/v2\/posts"}],"about":[{"href":"https:\/\/www.europesays.com\/es\/wp-json\/wp\/v2\/types\/post"}],"author":[{"embeddable":true,"href":"https:\/\/www.europesays.com\/es\/wp-json\/wp\/v2\/users\/2"}],"replies":[{"embeddable":true,"href":"https:\/\/www.europesays.com\/es\/wp-json\/wp\/v2\/comments?post=204927"}],"version-history":[{"count":0,"href":"https:\/\/www.europesays.com\/es\/wp-json\/wp\/v2\/posts\/204927\/revisions"}],"wp:featuredmedia":[{"embeddable":true,"href":"https:\/\/www.europesays.com\/es\/wp-json\/wp\/v2\/media\/204928"}],"wp:attachment":[{"href":"https:\/\/www.europesays.com\/es\/wp-json\/wp\/v2\/media?parent=204927"}],"wp:term":[{"taxonomy":"category","embeddable":true,"href":"https:\/\/www.europesays.com\/es\/wp-json\/wp\/v2\/categories?post=204927"},{"taxonomy":"post_tag","embeddable":true,"href":"https:\/\/www.europesays.com\/es\/wp-json\/wp\/v2\/tags?post=204927"}],"curies":[{"name":"wp","href":"https:\/\/api.w.org\/{rel}","templated":true}]}}