{"id":20493,"date":"2025-08-02T10:46:10","date_gmt":"2025-08-02T10:46:10","guid":{"rendered":"https:\/\/www.europesays.com\/es\/20493\/"},"modified":"2025-08-02T10:46:10","modified_gmt":"2025-08-02T10:46:10","slug":"la-visita-sorpresa-de-la-princesa-leonor-al-real-club-nautico-de-palma","status":"publish","type":"post","link":"https:\/\/www.europesays.com\/es\/20493\/","title":{"rendered":"la visita sorpresa de la Princesa Leonor al Real Club N\u00e1utico de Palma"},"content":{"rendered":"<p><img decoding=\"async\" class=\"voc-author__img\" src=\"https:\/\/www.europesays.com\/es\/wp-content\/uploads\/2025\/07\/autor-1398-foto-6.jpeg\" alt=\"Angie Calero\"\/><\/p>\n<p>02\/08\/2025<br \/>\n<br \/><strong><br \/>\nActualizado a las 12:37h.<br \/>\n<\/strong><\/p>\n<p class=\"voc-p\" style=\"\">La <strong>Princesa Leonor<\/strong> ha acompa\u00f1ado al Rey hasta el <strong>Real Club N\u00e1utico de Palma (RCNP)<\/strong> en su quinto y \u00faltimo d\u00eda de regatas de la Copa del Rey Mapfre. Despu\u00e9s de cuatro veranos en los que el Rey ha sido el \u00fanico miembro de la Familia Real que ha pisado las instalaciones deportivas, la Heredera de la Corona aparec\u00eda poco antes de las diez y media junto a su padre para desearle suerte en la competici\u00f3n y, adem\u00e1s, saludar a las quince tripulaciones femeninas que compiten en esta 43 edici\u00f3n en la Women&#8217;s Cup. <\/p>\n<p class=\"voc-p\" style=\"\">El Rey y la Princesa han llegado en coche al RCNP y se han dirigido hacia la piscina para llegar al muelle de competici\u00f3n, donde han saludado al <strong>Consejo Superior Militar de Deportes<\/strong> (CSMD), formado por cuatro mujeres y capitaneado por <strong>Esther G\u00f3mez<\/strong>. Despu\u00e9s han posado para una fotograf\u00eda con las integrantes de los quince equipos, antes de hacerse a la mar para el \u00faltimo d\u00eda de competici\u00f3n. Adem\u00e1s de apoyar a las regatistas femeninas, se da la circunstancia de que este a\u00f1o <strong>participan 200 mujeres de 29 pa\u00edses diferentes<\/strong> en las cinco categor\u00edas de la Copa del Rey Mapfre. <\/p>\n<p class=\"voc-p\" style=\"\">La Princesa, muy sonriente, se ha dirigido junto a su padre hasta el muelle donde se encuentra el Aifos para saludar a su tripulaci\u00f3n y a la del Regulus I, que es uno de los veleros que la Armada inscribi\u00f3 el verano pasado, en previsi\u00f3n de que la Heredera pusiera competir en esta edici\u00f3n de las regatas despu\u00e9s de haber recorrido ocho pa\u00edses a bordo del<strong> Juan Sebasti\u00e1n de Elcano<\/strong>. As\u00ed, en esta edici\u00f3n, la Armada tiene tres veleros (Aifos, Regulus I y Regulus VII); mientras que el Ministerio de Defensa tiene el del CSMD.<\/p>\n<p><img decoding=\"async\" loading=\"lazy\" src=\"https:\/\/www.europesays.com\/es\/wp-content\/uploads\/2025\/08\/abrazo-U67056165876aod-760x427@diario_abc.jpg\" class=\"voc-img\" width=\"760\" height=\"427\" alt=\"El abrazo entre el Rey y la Princesa antes de que Don Felipe zarpase en el Aifos\" data-voc-vtm-id=\"in-text-traffic\"\/><\/p>\n<p>El abrazo entre el Rey y la Princesa antes de que Don Felipe zarpase en el Aifos<\/p>\n<p>EFE<\/p>\n<p class=\"voc-p\" style=\"\">En el muelle, la Princesa se ha reencontrado con algunos de sus compa\u00f1eros de la Escuela Naval Militar de Mar\u00edn, a quienes en lugar de darles le mano les ha saludado con dos besos como muestra de cercan\u00eda. El Rey, que iba detr\u00e1s de ella, les ha estrechado la mano. En ese momento la tripulaci\u00f3n del Aifos, que terminaba de preparar el barco para zarpar, ha descendido del velero para saludar a la Princesa.<\/p>\n<p class=\"voc-p\" style=\"\">La Princesa se ha despedido del Rey con <strong>un abrazo, dos besos y le ha deseado \u00absuerte\u00bb<\/strong>. Delante de ellos, una nube de fot\u00f3grafos ha captado el momento que ha atestiguado la vuelta de la Heredera al RCNP despu\u00e9s de cuatro a\u00f1os de ausencia.<\/p>\n<p class=\"voc-p\" style=\"\">La \u00faltima vez que la primog\u00e9nita de la Familia Real estuvo en estas instalaciones fue en el<strong> verano de 2021<\/strong>, cuando acudi\u00f3 junto a la Reina Letizia y la Infanta Sof\u00eda a despedir a Felipe VI antes de una competici\u00f3n. Aquel verano las restricciones sanitarias por el Covid impidieron que el RCNP y la Copa del Rey Mapfre estuvieran a medio gas, con menos participantes y embarcaciones. En las instalaciones, adem\u00e1s, hab\u00eda que ir con mascarilla. En aquel momento, la Familia Real al completo apoy\u00f3 la competici\u00f3n en un contexto realmente complicado. <\/p>\n<p>Reportar un error<\/p>\n","protected":false},"excerpt":{"rendered":"02\/08\/2025 Actualizado a las 12:37h. La Princesa Leonor ha acompa\u00f1ado al Rey hasta el Real Club N\u00e1utico de&hellip;\n","protected":false},"author":2,"featured_media":20494,"comment_status":"","ping_status":"","sticky":false,"template":"","format":"standard","meta":{"footnotes":""},"categories":[91],"tags":[12335,2493,146,147,25,24,10642,2326,11646,1650,5330,5785,23,1794],"class_list":{"0":"post-20493","1":"post","2":"type-post","3":"status-publish","4":"format-standard","5":"has-post-thumbnail","7":"category-entretenimiento","8":"tag-aparece","9":"tag-copa","10":"tag-entertainment","11":"tag-entretenimiento","12":"tag-es","13":"tag-espana","14":"tag-felipe","15":"tag-junto","16":"tag-leonor","17":"tag-princesa","18":"tag-rey","19":"tag-sorpresa","20":"tag-spain","21":"tag-vela"},"share_on_mastodon":{"url":"","error":""},"_links":{"self":[{"href":"https:\/\/www.europesays.com\/es\/wp-json\/wp\/v2\/posts\/20493","targetHints":{"allow":["GET"]}}],"collection":[{"href":"https:\/\/www.europesays.com\/es\/wp-json\/wp\/v2\/posts"}],"about":[{"href":"https:\/\/www.europesays.com\/es\/wp-json\/wp\/v2\/types\/post"}],"author":[{"embeddable":true,"href":"https:\/\/www.europesays.com\/es\/wp-json\/wp\/v2\/users\/2"}],"replies":[{"embeddable":true,"href":"https:\/\/www.europesays.com\/es\/wp-json\/wp\/v2\/comments?post=20493"}],"version-history":[{"count":0,"href":"https:\/\/www.europesays.com\/es\/wp-json\/wp\/v2\/posts\/20493\/revisions"}],"wp:featuredmedia":[{"embeddable":true,"href":"https:\/\/www.europesays.com\/es\/wp-json\/wp\/v2\/media\/20494"}],"wp:attachment":[{"href":"https:\/\/www.europesays.com\/es\/wp-json\/wp\/v2\/media?parent=20493"}],"wp:term":[{"taxonomy":"category","embeddable":true,"href":"https:\/\/www.europesays.com\/es\/wp-json\/wp\/v2\/categories?post=20493"},{"taxonomy":"post_tag","embeddable":true,"href":"https:\/\/www.europesays.com\/es\/wp-json\/wp\/v2\/tags?post=20493"}],"curies":[{"name":"wp","href":"https:\/\/api.w.org\/{rel}","templated":true}]}}