{"id":204931,"date":"2025-10-28T06:17:08","date_gmt":"2025-10-28T06:17:08","guid":{"rendered":"https:\/\/www.europesays.com\/es\/204931\/"},"modified":"2025-10-28T06:17:08","modified_gmt":"2025-10-28T06:17:08","slug":"junts-mostrara-el-alcance-de-su-oposicion-en-unos-dias-con-la-financiacion-singular-y-la-ley-ela-espana","status":"publish","type":"post","link":"https:\/\/www.europesays.com\/es\/204931\/","title":{"rendered":"Junts mostrar\u00e1 el alcance de su oposici\u00f3n en unos d\u00edas con la financiaci\u00f3n singular y la ley ELA | Espa\u00f1a"},"content":{"rendered":"<p class=\"\">El l\u00edder de Junts, <a href=\"https:\/\/elpais.com\/espana\/2025-10-27\/ultima-hora-de-la-actualidad-politica-en-directo.html\" target=\"_self\" rel=\"nofollow noopener\" title=\"https:\/\/elpais.com\/espana\/2025-10-27\/ultima-hora-de-la-actualidad-politica-en-directo.html\">Carles Puigdemont, asegur\u00f3 este lunes desde Perpi\u00f1\u00e1n<\/a> (Francia) que a partir de este jueves Pedro S\u00e1nchez \u201cno podr\u00e1 gobernar ni ejercer el Gobierno\u201d ni so\u00f1ar con unos futuros Presupuestos del Estado para 2026, porque sus siete diputados clave en el Congreso ya no formar\u00e1n parte del bloque de la mayor\u00eda de investidura. Pero<a href=\"https:\/\/elpais.com\/espana\/2024-07-24\/junts-marca-distancias-con-sanchez-como-aviso-por-la-negociacion-de-illa-y-compromete-a-la-mayoria-de-investidura.html\" target=\"_self\" rel=\"nofollow noopener\" title=\"https:\/\/elpais.com\/espana\/2024-07-24\/junts-marca-distancias-con-sanchez-como-aviso-por-la-negociacion-de-illa-y-compromete-a-la-mayoria-de-investidura.html\"> esa alianza no ha sido inquebrantable ya desde el inicio de este convulso mandato <\/a>que llega ahora a su ecuador. Junts ha votado 22 veces contra leyes, decretos y proyectos de ese bloque, la mayor\u00eda de contenido econ\u00f3mico. Esta semana, en el pleno, no hay votaciones relevantes, pero el Ejecutivo se prepara para evaluar ese tipo de oposici\u00f3n a primeros de noviembre en dos iniciativas muy simb\u00f3licas: una sobre la ley ELA y<a href=\"https:\/\/elpais.com\/espana\/catalunya\/2025-07-14\/junts-carga-contra-el-acuerdo-ni-es-singular-ni-plural-no-es-un-nuevo-modelo-de-financiacion.html\" target=\"_self\" rel=\"nofollow noopener\" title=\"https:\/\/elpais.com\/espana\/catalunya\/2025-07-14\/junts-carga-contra-el-acuerdo-ni-es-singular-ni-plural-no-es-un-nuevo-modelo-de-financiacion.html\"> otra de ERC sobre la financiaci\u00f3n singular para Catalu\u00f1a<\/a>.<\/p>\n<p class=\"\">El 16 de noviembre de 2023 <a href=\"https:\/\/elpais.com\/espana\/2023-11-15\/ultimas-noticias-del-debate-de-investidura-de-sanchez-en-directo.html\" target=\"_self\" rel=\"nofollow noopener\" title=\"https:\/\/elpais.com\/espana\/2023-11-15\/ultimas-noticias-del-debate-de-investidura-de-sanchez-en-directo.html\">Junts y PSOE firmaron un acuerdo de investidura <\/a>con una serie de compromisos, que son los que ahora Puigdemont considera ampliamente incumplidos, pero unas semanas antes, en el mismo debate de la investidura de Pedro S\u00e1nchez la portavoz parlamentaria de esa formaci\u00f3n, Miriam Nogueras, ya avis\u00f3 de que ellos no deber\u00edan ser incluidos en ning\u00fan bloque. Y es lo que ha ejercido en estos dos a\u00f1os de mandato.<\/p>\n<p class=\"\">En la mayor\u00eda de las cerca <a href=\"https:\/\/www.psoe.es\/congreso\/noticias-congreso\/42-leyes-en-el-boe-y-el-90-de-votaciones-ganadas\/\" target=\"_self\" rel=\"nofollow noopener\" title=\"https:\/\/www.psoe.es\/congreso\/noticias-congreso\/42-leyes-en-el-boe-y-el-90-de-votaciones-ganadas\/\">de 1.200 votaciones registradas en estos 24 meses en el Congreso<\/a>, Junts ha votado con los dem\u00e1s componentes de esa mayor\u00eda, que han ganado m\u00e1s del 90% de las votaciones, aunque tambi\u00e9n se ha ido desmarcando puntualmente a modo de aviso a navegantes para que el PSOE no se acabara nunca de confiar. Y lo hizo en una primera votaci\u00f3n sobre la ley de amnist\u00eda, luego en varias relacionadas con impuestos a las grandes el\u00e9ctricas y los bancos o m\u00e1s tarde sobre temas relacionados con la inmigraci\u00f3n y la reducci\u00f3n de la jornada laboral. Se ha desmarcado as\u00ed en 22 ocasiones, 16 votando con PP y Vox, y otras absteni\u00e9ndose o no votando.<\/p>\n<p class=\"\">En muchos casos, los martes en los que se agendaban en la Junta de Portavoces del Congreso los asuntos para llevar al pleno, el interlocutor parlamentario del PSOE, Patxi L\u00f3pez, ten\u00eda que reconocer que no sab\u00eda lo que pensaba hacer Junts ni con qui\u00e9n saldr\u00edan adelante muchas iniciativas. Y asum\u00eda esa incertidumbre con una mezcla de paciencia, cansancio e impotencia. Todo apunta a que ese panorama no va a cambiar demasiado, seg\u00fan vaticinan los responsables socialistas.<\/p>\n<p class=\"\">En el PSOE, su portavoz y secretaria general del grupo en el Congreso, Montse M\u00ednguez, opt\u00f3 por destacar este lunes que incluso en esa situaci\u00f3n el Gobierno ha conseguido aprobar 45 leyes, no sin problemas y negociaciones in extremis. Esa es la actitud con la que afrontan en el PSOE y Sumar esta nueva etapa. El Ejecutivo lleva varias semanas sin llevar al Congreso proyectos de ley para su aprobaci\u00f3n los jueves, que es el d\u00eda que les corresponde. <a href=\"https:\/\/www.congreso.es\/es\/agenda?p_p_id=agenda&amp;p_p_lifecycle=0&amp;p_p_state=normal&amp;p_p_mode=view&amp;_agenda_mvcPath=cambiaragenda&amp;_agenda_tipoagenda=1&amp;_agenda_dia=29&amp;_agenda_mes=10&amp;_agenda_anio=2025\" target=\"_self\" rel=\"nofollow noopener\" title=\"https:\/\/www.congreso.es\/es\/agenda?p_p_id=agenda&amp;p_p_lifecycle=0&amp;p_p_state=normal&amp;p_p_mode=view&amp;_agenda_mvcPath=cambiaragenda&amp;_agenda_tipoagenda=1&amp;_agenda_dia=29&amp;_agenda_mes=10&amp;_agenda_anio=2025\">Esta semana tampoco, por lo que no se esperan votaciones muy sorprendentes<\/a> ni relevantes en contra.<\/p>\n<p class=\"\">El PP ha incluido en el orden del d\u00eda para este martes una moci\u00f3n \u201csobre las prioridades del Gobierno en materia de cooperaci\u00f3n territorial y el desarrollo de los compromisos multilaterales y bilaterales con las Comunidades Aut\u00f3nomas\u201d. Eso generar\u00e1 ruido pol\u00edtico. El mi\u00e9rcoles, en la sesi\u00f3n de control, Nogueras no tiene cupo para interrogar al presidente y solo otro diputado de Junts preguntar\u00e1 a la ministra de Inclusi\u00f3n, Seguridad Social y Migraciones, Elma Saiz, sobre c\u00f3mo describir\u00eda la gesti\u00f3n que est\u00e1 haciendo de los derechos de los aut\u00f3nomos.<\/p>\n<p class=\"\">La semana que viene no hay pleno, pero para la siguiente s\u00ed se podr\u00eda plantear un primer momento para examinar el estado de la relaci\u00f3n en la que entran el PSOE y Junts en esta nueva fase. El Gobierno prev\u00e9 llevar entonces al pleno la convalidaci\u00f3n del decreto especial por el que se dota con 500 millones de euros la financiaci\u00f3n de la ley ELA, que parec\u00eda contar con un apoyo casi un\u00e1nime y se est\u00e1 complicando con algunas dudas y cr\u00edticas del PP, y en particular de sus gobiernos aut\u00f3nomos en Galicia y Madrid, de Junts y de algunas asociaciones de afectados en ciertas regiones. El Ministerio de Derechos Sociales y ConELA, la plataforma que las agrupa, se est\u00e1n afanando por aclarar algunos \u00e1ngulos oscuros de ese decreto para forzar de nuevo un respaldo pr\u00e1cticamente general.<\/p>\n<p class=\"\">La otra votaci\u00f3n m\u00e1s que simb\u00f3lica, que podr\u00eda entrar en el primer pleno de noviembre, depende en principio de que la impulse ERC y tiene que ver con el <a href=\"https:\/\/elpais.com\/espana\/2025-07-14\/la-financiacion-autonomica-un-frente-abierto-con-erc-y-en-el-propio-psoe.html\" target=\"_self\" rel=\"nofollow noopener\" title=\"https:\/\/elpais.com\/espana\/2025-07-14\/la-financiacion-autonomica-un-frente-abierto-con-erc-y-en-el-propio-psoe.html\">nuevo modelo de financiaci\u00f3n singular para Catalu\u00f1a pactado entre esa formaci\u00f3n y el PSC<\/a> para facilitar la investidura del presidente catal\u00e1n, Salvador Illa. Esa era la votaci\u00f3n prevista. En el PSOE se preparaban ya incluso para encarar esa iniciativa. Pero ERC a\u00fan estudia si es el momento m\u00e1s oportuno para precipitar esa votaci\u00f3n y esa derrota en el Congreso, que ahora no contar\u00eda con el apoyo del PP, Vox ni tampoco de Junts. El partido de Puigdemont ya avis\u00f3 hace meses que esa financiaci\u00f3n negociada bilateralmente entre PSOE y ERC es \u201cinsuficiente\u201d, no es \u201cnada singular\u201d ni se aproxima a un concierto econ\u00f3mico como el vasco. ERC, que est\u00e1 marcando distancias con las propuestas que barrunta el Ministerio de Hacienda para reformar la financiaci\u00f3n, valora si conviene forzar la m\u00e1quina y retratar ya a Junts o esperar un poco y optar por otro de sus proyectos m\u00e1s relacionado con la vivienda, una de las fijaciones de ese partido y de su portavoz, Gabriel Rufi\u00e1n, para demostrar que s\u00ed tiene sentido esta mayor\u00eda progresista de la XV legislatura.<\/p>\n","protected":false},"excerpt":{"rendered":"El l\u00edder de Junts, Carles Puigdemont, asegur\u00f3 este lunes desde Perpi\u00f1\u00e1n (Francia) que a partir de este jueves&hellip;\n","protected":false},"author":2,"featured_media":204932,"comment_status":"","ping_status":"","sticky":false,"template":"","format":"standard","meta":{"footnotes":""},"categories":[8],"tags":[17,18,3834,1980,6322,4456,6913,1813,6324,25,24,13,14,56078,37500,11,54994,41254,3837,19,20,36526,28387,35916,9,10,15,16,56079,16261,23,12,21,22,14424,23217],"class_list":{"0":"post-204931","1":"post","2":"type-post","3":"status-publish","4":"format-standard","5":"has-post-thumbnail","7":"category-espana","8":"tag-breaking-news","9":"tag-breakingnews","10":"tag-carles-puigdemont","11":"tag-cataluna","12":"tag-comunidades-autonomas","13":"tag-congreso-diputados","14":"tag-debates-parlamentarios","15":"tag-ela","16":"tag-erc","17":"tag-es","18":"tag-espana","19":"tag-featured-news","20":"tag-featurednews","21":"tag-financiacion-electoral","22":"tag-financiacion-partidos","23":"tag-headlines","24":"tag-investidura-parlamentaria-pedro-sanchez-2023","25":"tag-jordi-turull","26":"tag-juntsxcat","27":"tag-latest-news","28":"tag-latestnews","29":"tag-leyes-ordinarias","30":"tag-leyes-organicas","31":"tag-miriam-nogueras","32":"tag-news","33":"tag-noticias","34":"tag-noticias-destacadas","35":"tag-noticiasdestacadas","36":"tag-pacto-autonomico","37":"tag-pactos-politicos","38":"tag-spain","39":"tag-titulares","40":"tag-ultimas-noticias","41":"tag-ultimasnoticias","42":"tag-votacion-parlamentaria","43":"tag-votaciones"},"share_on_mastodon":{"url":"","error":"Validation failed: Text character limit of 500 exceeded"},"_links":{"self":[{"href":"https:\/\/www.europesays.com\/es\/wp-json\/wp\/v2\/posts\/204931","targetHints":{"allow":["GET"]}}],"collection":[{"href":"https:\/\/www.europesays.com\/es\/wp-json\/wp\/v2\/posts"}],"about":[{"href":"https:\/\/www.europesays.com\/es\/wp-json\/wp\/v2\/types\/post"}],"author":[{"embeddable":true,"href":"https:\/\/www.europesays.com\/es\/wp-json\/wp\/v2\/users\/2"}],"replies":[{"embeddable":true,"href":"https:\/\/www.europesays.com\/es\/wp-json\/wp\/v2\/comments?post=204931"}],"version-history":[{"count":0,"href":"https:\/\/www.europesays.com\/es\/wp-json\/wp\/v2\/posts\/204931\/revisions"}],"wp:featuredmedia":[{"embeddable":true,"href":"https:\/\/www.europesays.com\/es\/wp-json\/wp\/v2\/media\/204932"}],"wp:attachment":[{"href":"https:\/\/www.europesays.com\/es\/wp-json\/wp\/v2\/media?parent=204931"}],"wp:term":[{"taxonomy":"category","embeddable":true,"href":"https:\/\/www.europesays.com\/es\/wp-json\/wp\/v2\/categories?post=204931"},{"taxonomy":"post_tag","embeddable":true,"href":"https:\/\/www.europesays.com\/es\/wp-json\/wp\/v2\/tags?post=204931"}],"curies":[{"name":"wp","href":"https:\/\/api.w.org\/{rel}","templated":true}]}}