{"id":204954,"date":"2025-10-28T06:36:25","date_gmt":"2025-10-28T06:36:25","guid":{"rendered":"https:\/\/www.europesays.com\/es\/204954\/"},"modified":"2025-10-28T06:36:25","modified_gmt":"2025-10-28T06:36:25","slug":"el-momento-historico-que-se-vivira-en-la-final-de-supervivientes-all-stars-con-la-presencia-de-los-familiares-de-los-concursantes","status":"publish","type":"post","link":"https:\/\/www.europesays.com\/es\/204954\/","title":{"rendered":"El momento hist\u00f3rico que se vivir\u00e1 en la final de Supervivientes All Stars con la presencia de los familiares de los concursantes"},"content":{"rendered":"<p data-journey-content=\"true\" data-node-id=\"3\" class=\"css-6wxqfj emevuu60\"><strong data-node-id=\"3.0\">La segunda edici\u00f3n de <a href=\"https:\/\/www.diezminutos.es\/supervivientes-television\/\" target=\"_blank\" data-vars-ga-outbound-link=\"https:\/\/www.diezminutos.es\/supervivientes-television\/\" data-vars-ga-ux-element=\"Hyperlink\" data-vars-ga-call-to-action=\"&#039;Supervivientes All Stars&#039;\" data-node-id=\"3.0.1\" class=\"body-link css-177bzfx emevuu60\" rel=\"nofollow noopener\">&#8216;Supervivientes All Stars&#8217;<\/a> llega a su fin este 30 de octubre y lo hace con importantes novedades<\/strong> en la historia del reality. Ha sido una de las ediciones m\u00e1s extremas del concurso, <a href=\"https:\/\/www.diezminutos.es\/teleprograma\/programas-tv\/a69158818\/temporal-destroza-playa-supervivientes-all-stars-2025\/\" target=\"_blank\" data-vars-ga-outbound-link=\"https:\/\/www.diezminutos.es\/teleprograma\/programas-tv\/a69158818\/temporal-destroza-playa-supervivientes-all-stars-2025\/\" data-vars-ga-ux-element=\"Hyperlink\" data-vars-ga-call-to-action=\"marcada por condiciones climatol\u00f3gicas sin precedentes\" data-node-id=\"3.2\" class=\"body-link css-177bzfx emevuu60\" rel=\"nofollow noopener\">marcada por condiciones climatol\u00f3gicas sin precedentes<\/a>: lluvias torrenciales, tormentas y desaf\u00edos que han puesto al l\u00edmite la resistencia de los concursantes. \u00abNo pod\u00edamos hacer nada, ni domir\u00bb, \u00abparec\u00eda que ten\u00edamos los truenos al lado\u00bb, \u00absiempre en tensi\u00f3n\u00bb expresaban los concursantes durante la \u00faltima emisi\u00f3n de &#8216;Supervivientes All Stars: Conexi\u00f3n Honduras&#8217;, programa en el que tambi\u00e9n se han enterado que deb\u00edan abandonar playa Leyenda para <a href=\"https:\/\/www.diezminutos.es\/teleprograma\/programas-tv\/a69159269\/resumen-gala-ayer-supervivientes-all-stars-2025-jessica-bueno-finalista\/\" target=\"_blank\" data-vars-ga-outbound-link=\"https:\/\/www.diezminutos.es\/teleprograma\/programas-tv\/a69159269\/resumen-gala-ayer-supervivientes-all-stars-2025-jessica-bueno-finalista\/\" data-vars-ga-ux-element=\"Hyperlink\" data-vars-ga-call-to-action=\"trasladarse Cayo Paloma, donde vivir\u00e1n la gran final\" data-node-id=\"3.4\" class=\"body-link css-177bzfx emevuu60\" rel=\"nofollow noopener\">trasladarse Cayo Paloma, donde vivir\u00e1n la gran final<\/a>. <strong data-node-id=\"3.6\">Siguiendo la estrategia de la primera edici\u00f3n y evitar comparaciones con la versi\u00f3n normal del concurso, la gran final se celebrar\u00e1 en Honduras, <\/strong>con la presencia de los familiares.<\/p>\n<p data-journey-content=\"true\" data-node-id=\"6\" class=\"css-6wxqfj emevuu60\">No lo van a pasar nada bien en sus \u00faltimos d\u00edas de concurso porque all\u00ed no hay mucha arena y no tienen mucho sitio para refugiarse,<strong data-node-id=\"6.1\"> no hay le\u00f1a, ni mucha pesca, el viento arrasa todo a su paso<\/strong> y a eso hay que a\u00f1adir las continuas tormentas. \u00abAh\u00ed sobrevivir\u00e1n hasta su regreso a Espa\u00f1a\u00bb, dijo Jorge Javier V\u00e1zquez en la \u00faltima gala, revelando que la gran final se vivir\u00e1 en Honduras. <\/p>\n<p><img draggable=\"true\" alt=\"supervivientes all stars 2\" title=\"Supervivientes All Stars 2\" loading=\"lazy\" width=\"4800\" height=\"3200\" decoding=\"async\" data-nimg=\"1\" style=\"color:transparent;width:100%;height:auto;\"   src=\"https:\/\/www.europesays.com\/es\/wp-content\/uploads\/2025\/10\/final-supervivientes-68ff41b2c4bfe.jpg\" class=\"css-0 e1g79fud0\"\/><\/p>\n<p>Mediaset<\/p>\n<p>Los familiares viajan a Honduras para la final de &#8216;Supervivientes All Stars 2025&#8217;<\/p>\n<p data-journey-content=\"true\" data-node-id=\"10\" class=\"css-6wxqfj emevuu60\"><strong data-node-id=\"10.0\"><a href=\"https:\/\/www.diezminutos.es\/teleprograma\/programas-tv\/a69159379\/miri-perez-cabrero-corazon-alejandro-albala-supervivientes-all-stars-2025\/\" target=\"_blank\" data-vars-ga-outbound-link=\"https:\/\/www.diezminutos.es\/teleprograma\/programas-tv\/a69159379\/miri-perez-cabrero-corazon-alejandro-albala-supervivientes-all-stars-2025\/\" data-vars-ga-ux-element=\"Hyperlink\" data-vars-ga-call-to-action=\"Miri Cabrero, que confes\u00f3 si est\u00e1 preparada para una relaci\u00f3n con Alejandro Albal\u00e1,\" data-node-id=\"10.0.0\" class=\"body-link css-177bzfx emevuu60\" rel=\"nofollow noopener\">Miri Cabrero, que confes\u00f3 si est\u00e1 preparada para una relaci\u00f3n con Alejandro Albal\u00e1,<\/a> Tony Spina y Jessica Bueno ya est\u00e1n en la gran final<\/strong>, mientras que Rub\u00e9n Torres y Adara Molinero se juegan el puesto que queda. Conocer\u00e1n su destino el 28 de octubre en una semifinal. Desde el estreno de esta edici\u00f3n, el pasado 4 de septiembre,<strong data-node-id=\"10.2\"> las pol\u00e9micas han salpicado cada gala y cada expulsi\u00f3n<\/strong>, la m\u00e1s reciente fue la que se vivi\u00f3 por <a href=\"https:\/\/www.diezminutos.es\/teleprograma\/programas-tv\/a69116754\/criticas-supervivientes-all-stars-jessica-bueno-hijos-corte-pelo\/\" target=\"_blank\" data-vars-ga-outbound-link=\"https:\/\/www.diezminutos.es\/teleprograma\/programas-tv\/a69116754\/criticas-supervivientes-all-stars-jessica-bueno-hijos-corte-pelo\/\" data-vars-ga-ux-element=\"Hyperlink\" data-vars-ga-call-to-action=\"el trato que recibi\u00f3 Jessica Bueno en &#039;La mesa de las tentaciones&#039;\" data-node-id=\"10.4\" class=\"body-link css-177bzfx emevuu60\" rel=\"nofollow noopener\">el trato que recibi\u00f3 Jessica Bueno en &#8216;La mesa de las tentaciones&#8217;<\/a>, cuando le propusieron raparse el pelo para poder hablar con sus hijos, cuando ya se hab\u00eda cortado 25 cent\u00edmetros de su larga melena a cambio de una hamburguesa y un arroz con leche. La modelo acept\u00f3, con dolor y l\u00e1grimas, la propuesta de la organizaci\u00f3n, pero tras las cr\u00edticas recibidas, a la sevillana se le concedi\u00f3 la llamada sin tener que raparse por su \u00abvalent\u00eda\u00bb.<\/p>\n<p data-journey-content=\"true\" data-node-id=\"14\" class=\"css-6wxqfj emevuu60\"><strong data-node-id=\"14.0\">En la final de &#8216;Supervivientes All Stars 2025&#8217; no habr\u00e1 llegada en helic\u00f3ptero de los finalistas<\/strong> a las instalaciones de Mediaset, pero s\u00ed <strong data-node-id=\"14.2\">las m\u00edticas pruebas que los concursantes vivir\u00e1n arropados por sus familiares<\/strong>. Porque s\u00ed, los seres queridos de los finalistas est\u00e1n viajando a Honduras para reencontrarse con los concursantes y darles todo su apoyo, sobre todo a Adara y a Torres, ya que el que menos votos reciba, vivir\u00e1 la final en Cayo Paloma, pero ya como expulsado. <strong data-node-id=\"14.4\">Jorge Javier V\u00e1zquez ser\u00e1 el encargado de anunciar qui\u00e9n se queda a las puertas de esta final hist\u00f3rica. Y tambi\u00e9n el nombre del ganador, al que previsiblemente sea Laura Madrue\u00f1o quien entregue el cheque con el premio.<\/strong><\/p>\n<p><img src=\"https:\/\/www.europesays.com\/es\/wp-content\/uploads\/2025\/10\/1761633385_404_edf7d479-6cd4-48bc-8600-bcfd6ef75c9d_1734435678.jpg\" alt=\"Headshot of Magdalena Pi\u00f1ero\" title=\"Headshot of Magdalena Pi\u00f1ero\" width=\"100%\" height=\"100%\" decoding=\"async\" loading=\"lazy\" class=\"css-o0wq4v ev8dhu53\"\/><\/p>\n<p>Magdalena Pi\u00f1ero es periodista experta en coraz\u00f3n, celebridades y sociedad. Licenciada en Periodismo por la Universidad de Sevilla, se mud\u00f3 a Madrid para cursar el M\u00e1ster de Periodismo de la Agencia EFE. Hizo pr\u00e1cticas en la secci\u00f3n de Tribunales y en la de Sociedad y Televisi\u00f3n. En ambas disfrut\u00f3 mucho, pero fue en la segunda en la que descubri\u00f3 que cubrir el estreno de la serie de televisi\u00f3n del momento y entrevistar a sus protagonistas le apasionaba mucho m\u00e1s de lo que jam\u00e1s hubiera imaginado. Sonr\u00ede al recordar sus primeras ruedas de prensa, entre ellas &#8216;El programa de Ana Rosa&#8217;.<br \/>\nLleva m\u00e1s de una d\u00e9cada trabajando en la web de Diezminutos.es, pero es una nost\u00e1lgica y recuerda con cari\u00f1o su etapa en el formato de papel de la revista, en la que estuvo colaborando. Un tiempo en el que ha visto y trabajado en las noticias m\u00e1s destacadas del panorama nacional como la boda de Pilar Rubio y Sergio Ramos; el divorcio de Paula Echavarr\u00eda y David Bustamante; y acontecimientos hist\u00f3ricos como la coronaci\u00f3n de Felipe VI como rey de Espa\u00f1a.<br \/>\nAdem\u00e1s del coraz\u00f3n, le encanta la moda y la belleza. De ah\u00ed que ponga el mismo entusiasmo escribiendo sobre los looks de la Reina Letizia que sobre la crema favorita de Isasaweis. Tiene ojo cl\u00ednico para detectar si dos famosas han llevado el mismo vestido y hacer un tema sobre cu\u00e1l de ellas lo lleva mejor.<br \/>\nEn sus ratos libres, adem\u00e1s de seguir form\u00e1ndose en las \u00faltimas novedades digitales para aplicarlas en su trabajo, le encanta ver realities como &#8216;Supervivientes&#8217; y &#8216;Soy Georgina&#8217; (comparte con Georgina Rodr\u00edguez su amor por los ib\u00e9ricos), programas de coraz\u00f3n y todo lo que se emita en la parrilla televisiva de lo que pueda sacar un buen salseo. \u00bfLa excusa que pone siempre para verlos sin que la molesten? : \u00abLo hago por trabajo\u00bb.<\/p>\n","protected":false},"excerpt":{"rendered":"La segunda edici\u00f3n de &#8216;Supervivientes All Stars&#8217; llega a su fin este 30 de octubre y lo hace&hellip;\n","protected":false},"author":2,"featured_media":204955,"comment_status":"","ping_status":"","sticky":false,"template":"","format":"standard","meta":{"footnotes":""},"categories":[91],"tags":[253,146,147,25,24,23],"class_list":{"0":"post-204954","1":"post","2":"type-post","3":"status-publish","4":"format-standard","5":"has-post-thumbnail","7":"category-entretenimiento","8":"tag-discover","9":"tag-entertainment","10":"tag-entretenimiento","11":"tag-es","12":"tag-espana","13":"tag-spain"},"share_on_mastodon":{"url":"https:\/\/pubeurope.com\/@es\/115450412015353072","error":""},"_links":{"self":[{"href":"https:\/\/www.europesays.com\/es\/wp-json\/wp\/v2\/posts\/204954","targetHints":{"allow":["GET"]}}],"collection":[{"href":"https:\/\/www.europesays.com\/es\/wp-json\/wp\/v2\/posts"}],"about":[{"href":"https:\/\/www.europesays.com\/es\/wp-json\/wp\/v2\/types\/post"}],"author":[{"embeddable":true,"href":"https:\/\/www.europesays.com\/es\/wp-json\/wp\/v2\/users\/2"}],"replies":[{"embeddable":true,"href":"https:\/\/www.europesays.com\/es\/wp-json\/wp\/v2\/comments?post=204954"}],"version-history":[{"count":0,"href":"https:\/\/www.europesays.com\/es\/wp-json\/wp\/v2\/posts\/204954\/revisions"}],"wp:featuredmedia":[{"embeddable":true,"href":"https:\/\/www.europesays.com\/es\/wp-json\/wp\/v2\/media\/204955"}],"wp:attachment":[{"href":"https:\/\/www.europesays.com\/es\/wp-json\/wp\/v2\/media?parent=204954"}],"wp:term":[{"taxonomy":"category","embeddable":true,"href":"https:\/\/www.europesays.com\/es\/wp-json\/wp\/v2\/categories?post=204954"},{"taxonomy":"post_tag","embeddable":true,"href":"https:\/\/www.europesays.com\/es\/wp-json\/wp\/v2\/tags?post=204954"}],"curies":[{"name":"wp","href":"https:\/\/api.w.org\/{rel}","templated":true}]}}