{"id":204960,"date":"2025-10-28T06:40:16","date_gmt":"2025-10-28T06:40:16","guid":{"rendered":"https:\/\/www.europesays.com\/es\/204960\/"},"modified":"2025-10-28T06:40:16","modified_gmt":"2025-10-28T06:40:16","slug":"librilla-llora-a-ainhoa-la-joven-asesinada-por-su-pareja-era-un-trozo-de-pan","status":"publish","type":"post","link":"https:\/\/www.europesays.com\/es\/204960\/","title":{"rendered":"Librilla llora a Ainhoa, la joven asesinada por su pareja: \u00abEra un trozo de pan\u00bb"},"content":{"rendered":"<p><a class=\"v-mdl-ath__fig-a\" href=\"https:\/\/www.laverdad.es\/autor\/raul-hernandez-533.html\" title=\"Ra\u00fal Hern\u00e1ndez\" rel=\"nofollow noopener\" target=\"_blank\"><br \/>\n<img decoding=\"async\" class=\"v-mdl-ath__img\" src=\"https:\/\/www.europesays.com\/es\/wp-content\/uploads\/2025\/08\/autor-533-foto-2.jpeg\" alt=\"Ra\u00fal Hern\u00e1ndez\"\/><br \/>\n<\/a><\/p>\n<p class=\"v-mdl-ath__p v-mdl-ath__p--6\">\nLunes, 27 de octubre 2025, 11:45<\/p>\n<p>| Actualizado 18:27h.<\/p>\n<p class=\"v-p\">Librilla amaneci\u00f3 este lunes de luto. En el entorno de la calle Totana, donde el domingo se hall\u00f3 el <a href=\"https:\/\/www.laverdad.es\/murcia\/otros-municipios\/guardia-civil-investiga-muerte-joven-librilla-20251026181943-nt.html\" title=\"www.laverdad.es\" data-voc-vtm-id=\"in-text-traffic\" data-mrf-link=\"www.laverdad.es\" rel=\"nofollow noopener\" target=\"_blank\">cuerpo sin vida de Ainhoa<\/a>, de 19 a\u00f1os, los vecinos est\u00e1n sumidos en una tristeza que se palpa en cada conversaci\u00f3n. La Guardia Civil mantiene detenido en la Comandancia de Murcia a su pareja, un joven de 27 a\u00f1os, como presunto autor de un nuevo crimen machista en la Regi\u00f3n de Murcia.<\/p>\n<p class=\"v-p\">En el pueblo nadie asimila a\u00fan lo ocurrido. Ainhoa, hija \u00fanica, era conocida por su sonrisa y su car\u00e1cter reservado. \u00abMucha gente la quer\u00eda, todo el mundo la conoc\u00eda. Su familia es de aqu\u00ed de toda la vida, muy conocida porque regentaba una carnicer\u00eda en el centro del pueblo. Ella era una chica buena, trabajadora, sin l\u00edos\u00bb, relataba, con la voz quebrada, un hombre que vive en las inmediaciones del domicilio.<\/p>\n<p class=\"v-p\">El arrestado, Quique, es un joven aficionado a la producci\u00f3n de m\u00fasica electr\u00f3nica que estaba en tratamiento psicol\u00f3gico. Aunque era habitual verle paseando junto a Ainhoa por el centro de la localidad con total normalidad, seg\u00fan indicaron algunos testimonios, la relaci\u00f3n se hab\u00eda complicado en las \u00faltimas semanas al apreciar un empeoramiento en su salud mental e incluso ella habr\u00eda tratado de dejarle. \u00abLos ve\u00edamos por la calle caminando, sin aparentar ning\u00fan conflicto. Pero de puertas para dentro era una relaci\u00f3n tormentosa\u00bb, a\u00f1ad\u00eda el mismo vecino, antes de recalcar que la tragedia les ha dejado a todos \u00abdestrozados\u00bb.<\/p>\n<p class=\"v-p\">Ese dolor lo manifiesta la prima de Ainhoa. Al cruzarse con los periodistas en una calle cercana al domicilio donde ocurri\u00f3 el crimen, solo acert\u00f3 a decir \u00abpor favor, no me pregunt\u00e9is nada. Estamos todos destrozados\u00bb.<\/p>\n<p class=\"v-p\">Por su parte, Nerea, una antigua compa\u00f1era de trabajo de Ainhoa durante las fiestas patronales, la recordaba como una chica \u00abespectacular\u00bb. \u00abEra una zagala s\u00faper simp\u00e1tica, amable, sonriente, muy callada. Muy tranquila. Era un trozo de pan\u00bb, coment\u00f3 este lunes. <\/p>\n<p class=\"v-p\">\u00abNos ve\u00edamos cuando est\u00e1bamos en el trabajo, charl\u00e1bamos un poco. Siempre con esa sonrisa suya. Es que no me lo creo, esto parece un sue\u00f1o. El pueblo entero est\u00e1 en shock\u00bb, a\u00f1adi\u00f3, visiblemente afectada. La joven coment\u00f3 que la hab\u00eda visto en varias ocasiones junto a su pareja, paseando o tomando algo con los padres de ella. \u00abSiempre iban los cuatro juntos, se les ve\u00eda normales. Nadie podr\u00eda imaginarse algo as\u00ed\u00bb, insisti\u00f3.<\/p>\n<p class=\"v-p\">Mientras tanto, la investigaci\u00f3n sigue su curso. La Guardia Civil contin\u00faa recabando pruebas en la vivienda de la calle Totana, donde se produjo el crimen, y se espera que la autopsia confirme las causas exactas de la muerte, aunque la principal hip\u00f3tesis es que Ainhoa fue asfixiada el s\u00e1bado por la noche. Quique se encuentra arrestado en los calabozos y est\u00e1 previsto que pase a disposici\u00f3n judicial en los juzgados de Totana en los pr\u00f3ximos d\u00edas.<\/p>\n<p>Luto en la Regi\u00f3n de Murcia<\/p>\n<p class=\"v-p\">Varios ayuntamientos, como el de Cartagena y el de San Javier, mantuvieron este lunes un minuto de silencio en memoria de la joven. Por su parte, el Ayuntamiento de Librilla ha expresado su \u00abm\u00e1s sentido p\u00e9same\u00bb por el asesinato de Ainhoa. En un comunicado, el Consistorio ha manifestado su \u00abrepulsa hacia todo tipo de violencia contra la mujer\u00bb y ha apelado a la \u00abprudencia y el respeto hacia las familias\u00bb en unos momentos que califican de \u00abmuy duros para el pueblo\u00bb.<\/p>\n<p class=\"v-p\">Desde el primer momento, explican, se han adoptado medidas de apoyo y protecci\u00f3n al entorno familiar de la v\u00edctima, priorizando la atenci\u00f3n a los allegados por encima de las declaraciones p\u00fablicas.<\/p>\n<p class=\"v-p\">El comunicado, firmado por la alcaldesa Mar\u00eda del Mar Hern\u00e1ndez Porras, anuncia la convocatoria de un minuto de silencio este jueves, a las 20 horas, en la calle Murcia \u2014a la altura de la Casa de la Cultura\u2014, antes del pleno municipal. Toda la Corporaci\u00f3n ha acordado por unanimidad sumarse al acto, al que se invita a participar a toda la ciudadan\u00eda.<\/p>\n<p class=\"v-p\">Asimismo, el Ayuntamiento ha decretado cinco d\u00edas de luto oficial y la suspensi\u00f3n de todos los actos previstos en la programaci\u00f3n de Halloween 2025.<\/p>\n<p class=\"v-p\">\u00abSon hechos dif\u00edciles de entender y complicados de gestionar desde los sentimientos de quienes nos conocemos como vecinos\u00bb, recoge el texto, que subraya la necesidad de mantener la unidad del municipio frente a la violencia machista.<\/p>\n<p class=\"v-p\">Asimismo, el presidente regional, Fernando L\u00f3pez Miras, expres\u00f3 este lunes su \u00abm\u00e1s sentido p\u00e9same\u00bb a las puertas del Ayuntamiento de San Javier y manifest\u00f3 su deseo de que \u00abtodo el peso de la ley caiga sobre el responsable y que no tengamos que lamentar m\u00e1s sucesos como este\u00bb.<\/p>\n<p class=\"v-p\">Tambi\u00e9n lament\u00f3 el suceso el delegado del Gobierno en la Regi\u00f3n de Murcia, Francisco Lucas, que presidi\u00f3 un minuto de silencio por la fallecida en el IES San Isidoro de Cartagena. Durante su visita, se\u00f1al\u00f3 que \u00abde confirmarse como un crimen de esta naturaleza, estar\u00edamos ante la segunda mujer asesinada por violencia machista en la Regi\u00f3n de Murcia este a\u00f1o\u00bb. \u00abQuiero hacer un llamamiento a toda la sociedad civil, instituciones y fuerzas pol\u00edticas para unirnos, sumar fuerzas y acabar de una vez por todas con la violencia de g\u00e9nero\u00bb, concluy\u00f3.<\/p>\n<p>Reporta un error<\/p>\n","protected":false},"excerpt":{"rendered":"Lunes, 27 de octubre 2025, 11:45 | Actualizado 18:27h. Librilla amaneci\u00f3 este lunes de luto. En el entorno&hellip;\n","protected":false},"author":2,"featured_media":204961,"comment_status":"","ping_status":"","sticky":false,"template":"","format":"standard","meta":{"footnotes":""},"categories":[8],"tags":[53865,53431,17,18,981,25,24,13,14,11,1928,19,20,55528,8385,9,10,15,16,12961,2477,23,12,21254,21,22],"class_list":{"0":"post-204960","1":"post","2":"type-post","3":"status-publish","4":"format-standard","5":"has-post-thumbnail","7":"category-espana","8":"tag-ainhoa","9":"tag-asesinada","10":"tag-breaking-news","11":"tag-breakingnews","12":"tag-era","13":"tag-es","14":"tag-espana","15":"tag-featured-news","16":"tag-featurednews","17":"tag-headlines","18":"tag-joven","19":"tag-latest-news","20":"tag-latestnews","21":"tag-librilla","22":"tag-llora","23":"tag-news","24":"tag-noticias","25":"tag-noticias-destacadas","26":"tag-noticiasdestacadas","27":"tag-pan","28":"tag-pareja","29":"tag-spain","30":"tag-titulares","31":"tag-trozo","32":"tag-ultimas-noticias","33":"tag-ultimasnoticias"},"share_on_mastodon":{"url":"https:\/\/pubeurope.com\/@es\/115450428071587638","error":""},"_links":{"self":[{"href":"https:\/\/www.europesays.com\/es\/wp-json\/wp\/v2\/posts\/204960","targetHints":{"allow":["GET"]}}],"collection":[{"href":"https:\/\/www.europesays.com\/es\/wp-json\/wp\/v2\/posts"}],"about":[{"href":"https:\/\/www.europesays.com\/es\/wp-json\/wp\/v2\/types\/post"}],"author":[{"embeddable":true,"href":"https:\/\/www.europesays.com\/es\/wp-json\/wp\/v2\/users\/2"}],"replies":[{"embeddable":true,"href":"https:\/\/www.europesays.com\/es\/wp-json\/wp\/v2\/comments?post=204960"}],"version-history":[{"count":0,"href":"https:\/\/www.europesays.com\/es\/wp-json\/wp\/v2\/posts\/204960\/revisions"}],"wp:featuredmedia":[{"embeddable":true,"href":"https:\/\/www.europesays.com\/es\/wp-json\/wp\/v2\/media\/204961"}],"wp:attachment":[{"href":"https:\/\/www.europesays.com\/es\/wp-json\/wp\/v2\/media?parent=204960"}],"wp:term":[{"taxonomy":"category","embeddable":true,"href":"https:\/\/www.europesays.com\/es\/wp-json\/wp\/v2\/categories?post=204960"},{"taxonomy":"post_tag","embeddable":true,"href":"https:\/\/www.europesays.com\/es\/wp-json\/wp\/v2\/tags?post=204960"}],"curies":[{"name":"wp","href":"https:\/\/api.w.org\/{rel}","templated":true}]}}