{"id":204966,"date":"2025-10-28T06:49:10","date_gmt":"2025-10-28T06:49:10","guid":{"rendered":"https:\/\/www.europesays.com\/es\/204966\/"},"modified":"2025-10-28T06:49:10","modified_gmt":"2025-10-28T06:49:10","slug":"duelo-de-estilos-ante-el-campeon-de-la-euroliga","status":"publish","type":"post","link":"https:\/\/www.europesays.com\/es\/204966\/","title":{"rendered":"Duelo de estilos ante el campe\u00f3n de la Euroliga"},"content":{"rendered":"<p class=\"ft-text\">El todopoderoso Fenerbah\u00e7e de Sarunas Jasikevicius visita el Roig Arena hoy martes en partido correspondiente a la s\u00e9ptima jornada de la <a class=\"ft-link ft-link--decoration\" href=\"https:\/\/www.levante-emv.com\/tags\/baloncesto\/\" rel=\"nofollow noopener\" target=\"_blank\">Euroliga<\/a>. Un duelo de estilos entre el mejor ataque de la competici\u00f3n y la mejor defensa, que promete emociones fuertes con el objetivo de lograr la cuarta victoria taronja en la competici\u00f3n y mandar un mensaje ambicioso de cara a las opciones de los de Pedro Mart\u00ednez esta temporada en la m\u00e1xima competici\u00f3n europea.<\/p>\n<p class=\"ft-text\">El t\u00e9cnico taronja cuenta solo con la baja de Jankuba Sima a la espera de la llegada de Braxton Key, mientras que Jasikevicius no podr\u00e1 contar por lesi\u00f3n con Brandon Boston Jr. y Arturs Zagars, adem\u00e1s del lesionado de larga duraci\u00f3n Jilson Bango.<\/p>\n<p class=\"ft-text\">El t\u00e9cnico lituano, sin embargo, pudo reservar el pasado fin de semana a dos de sus mejores jugadores, el mejor asistente de la competici\u00f3n Wade Baldwin IV y el alero Bonzie Colson.<\/p>\n<p class=\"ft-text\"><a class=\"ft-link ft-link--decoration\" href=\"https:\/\/www.levante-emv.com\/tags\/valencia-cf\/\" rel=\"nofollow noopener\" target=\"_blank\">El Valencia<\/a> BC, por su parte, afronta el primero de sus tres partidos de esta semana en el Roig Arena, con la motivaci\u00f3n a\u00f1adida de medirse al vigente campe\u00f3n, tal como destacan Jean Montero y Jaime Pradilla.<\/p>\n<p>Montero y Pradilla, motivados<\/p>\n<p class=\"ft-text\">El ala-p\u00edvot de <a class=\"ft-link ft-link--decoration\" href=\"https:\/\/www.levante-emv.com\/tags\/valencia-basket\/\" rel=\"nofollow noopener\" target=\"_blank\">Valencia Basket<\/a> Jaime Pradilla se\u00f1alaba en la previa de este encuentro que \u00abya vimos que con nuestra afici\u00f3n a favor el equipo tambi\u00e9n se crece y nos ayudan a sacar partidos, pero sabemos que va a ser un partido dif\u00edcil. Ellos vienen de ser los vigentes campeones de la Euroliga y va a ser un partido dif\u00edcil. Est\u00e1n haciendo una gran temporada y sabemos que no nos van a poner las cosas f\u00e1ciles. Vienen sabiendo cu\u00e1l es nuestro ritmo, cu\u00e1l es nuestro estilo de juego y son la mejor defensa de la Euroliga. Sabemos que van a intentar implantar su estilo de juego y su ritmo y nosotros queremos no dejarnos e intentar estar en nuestro ritmo y jugar a lo que nosotros queremos. Al final tambi\u00e9n son momentos, son rachas, el equipo contrario tambi\u00e9n juega. Es verdad que llevamos un mont\u00f3n de partidos, pero tampoco llevamos tanto juntos. Tenemos que seguir mejorando y poco a poco creo que la cosa va yendo bien\u00bb.<\/p>\n<p class=\"ft-text\">Por su parte, el escolta dominicano Jean Montero, pretendido por el Fenerbah\u00e7e el pasado verano, se\u00f1alaba que de cara a este encuentro \u00abhay que seguir implantando nuestro ritmo, es lo m\u00e1s importante. Fenerbahce es el campe\u00f3n de Europa, nosotros tenemos que tratar de mantenerlo con la cabeza fr\u00eda y tratar de salir f\u00edsicos, porque creo que va a ser un partido muy f\u00edsico. Los jugadores que hemos estado lesionados nos estamos integrando, que es lo m\u00e1s importante, y esperamos seguir as\u00ed, creciendo y unidos como equipo\u00bb.<\/p>\n<p>L\u00edderes en estilos opuestos<\/p>\n<p class=\"ft-text\">El enfrentamiento de hoy ser\u00e1 un choque de virtudes contrapuestas entre dos rivales que intentar\u00e1n potenciar lo que hacen mejor. El Valencia Basket es el equipo que m\u00e1s puntos mete (94,2) con la mejor eficacia ofensiva (1,23) mientras que el Fenerbah\u00e7e Beko Istanbul es el equipo que menos puntos encaja (80,3) con la mejor eficacia defensiva de la competici\u00f3n (1,08).<\/p>\n<p class=\"ft-text\">Un choque de extremos entre equipos que tienen en com\u00fan su alta eficacia en el lanzamiento (el cuadro taronja es segundo con un 58% mientras que el conjunto turco es cuarto con un 56,7% en sus tiros de campo) pero en el que el Valencia Basket pondr\u00e1 a prueba algunas de sus virtudes ante uno de los rivales que mejor las desactiva.<\/p>\n<p class=\"ft-text\">El cuadro valenciano es el segundo m\u00e1s valorado (106,5) pero se mide al tercer equipo que menos valoraci\u00f3n permite (85,7). Est\u00e1 entre los mejores en porcentajes de tiro pero se enfrenta a un rival que es el segundo que m\u00e1s baja la eficacia de sus oponentes (51,1% en eFG). Valencia Basket es el segundo que m\u00e1s asistencias da (20,7) pero juega hoy ante el tercer equipo que menos asistencias permite.<\/p>\n<p>Precedentes<\/p>\n<p class=\"ft-text\">Ser\u00e1 la s\u00e9ptima ocasi\u00f3n en la que este equipo turco visite Val\u00e8ncia (las seis primeras en La Fonteta) para un partido de la m\u00e1xima competici\u00f3n continental, con un balance en los enfrentamientos previos con cuatro victorias locales y dos triunfos del Fenerbah\u00e7e Beko Istanbul.<\/p>\n<p class=\"ft-text\">En el precedente m\u00e1s reciente, el de la tercera jornada de la temporada 23-24 de la EuroLeague, el equipo taronja se impuso por 77-74 en un partido que el equipo turco consigui\u00f3 equilibrar al final pero unos tiros libres de Ojeleye y el fallo en el lanzamiento que hubiese forzado la pr\u00f3rroga de Wilbekin, uno de los pocos jugadores que se mantienen en la plantilla del equipo amarillo y azul marino respecto a aquel partido, decantaron la balanza de lado valenciano.<\/p>\n","protected":false},"excerpt":{"rendered":"El todopoderoso Fenerbah\u00e7e de Sarunas Jasikevicius visita el Roig Arena hoy martes en partido correspondiente a la s\u00e9ptima&hellip;\n","protected":false},"author":2,"featured_media":204967,"comment_status":"","ping_status":"","sticky":false,"template":"","format":"standard","meta":{"footnotes":""},"categories":[269],"tags":[299,298,5773,168,320,13463,25,24,42806,833,6000,23,167,2916,706],"class_list":{"0":"post-204966","1":"post","2":"type-post","3":"status-publish","4":"format-standard","5":"has-post-thumbnail","7":"category-baloncesto","8":"tag-baloncesto","9":"tag-basketball","10":"tag-campeon","11":"tag-deportes","12":"tag-duelo","13":"tag-el-valencia","14":"tag-es","15":"tag-espana","16":"tag-estilos","17":"tag-euroliga","18":"tag-jaime-pradilla","19":"tag-spain","20":"tag-sports","21":"tag-valencia-basket","22":"tag-valenciano"},"share_on_mastodon":{"url":"https:\/\/pubeurope.com\/@es\/115450463219779269","error":""},"_links":{"self":[{"href":"https:\/\/www.europesays.com\/es\/wp-json\/wp\/v2\/posts\/204966","targetHints":{"allow":["GET"]}}],"collection":[{"href":"https:\/\/www.europesays.com\/es\/wp-json\/wp\/v2\/posts"}],"about":[{"href":"https:\/\/www.europesays.com\/es\/wp-json\/wp\/v2\/types\/post"}],"author":[{"embeddable":true,"href":"https:\/\/www.europesays.com\/es\/wp-json\/wp\/v2\/users\/2"}],"replies":[{"embeddable":true,"href":"https:\/\/www.europesays.com\/es\/wp-json\/wp\/v2\/comments?post=204966"}],"version-history":[{"count":0,"href":"https:\/\/www.europesays.com\/es\/wp-json\/wp\/v2\/posts\/204966\/revisions"}],"wp:featuredmedia":[{"embeddable":true,"href":"https:\/\/www.europesays.com\/es\/wp-json\/wp\/v2\/media\/204967"}],"wp:attachment":[{"href":"https:\/\/www.europesays.com\/es\/wp-json\/wp\/v2\/media?parent=204966"}],"wp:term":[{"taxonomy":"category","embeddable":true,"href":"https:\/\/www.europesays.com\/es\/wp-json\/wp\/v2\/categories?post=204966"},{"taxonomy":"post_tag","embeddable":true,"href":"https:\/\/www.europesays.com\/es\/wp-json\/wp\/v2\/tags?post=204966"}],"curies":[{"name":"wp","href":"https:\/\/api.w.org\/{rel}","templated":true}]}}