{"id":204974,"date":"2025-10-28T06:54:14","date_gmt":"2025-10-28T06:54:14","guid":{"rendered":"https:\/\/www.europesays.com\/es\/204974\/"},"modified":"2025-10-28T06:54:14","modified_gmt":"2025-10-28T06:54:14","slug":"la-ruta-2-la-posibilidad-de-una-isla-television","status":"publish","type":"post","link":"https:\/\/www.europesays.com\/es\/204974\/","title":{"rendered":"\u2018La ruta\u2019 2: la posibilidad de una isla | Televisi\u00f3n"},"content":{"rendered":"<p class=\"\">Algunas series tienen la virtud de interpelar a mucha gente en su conjunto. Otras, las menos, pretendan o no llegar a todo el mundo, atesoran como principal logro la intimidad con el espectador. Mientras las ves, sientes que te est\u00e1n hablando solo a ti. Y no necesariamente por identificaci\u00f3n. Tiene m\u00e1s bien que ver con la desnudez progresiva de sus personajes. Se nos van revelando de a poco en todos sus matices, lo que provoca que la implicaci\u00f3n del espectador con ellos sea mutua, por mucho que cada uno, desde el sof\u00e1, no les est\u00e9 contando nada. <a href=\"https:\/\/elpais.com\/television\/2022-11-22\/el-extasis-de-la-ruta.html\" target=\"_self\" rel=\"nofollow noopener\" title=\"https:\/\/elpais.com\/television\/2022-11-22\/el-extasis-de-la-ruta.html\">La primera temporada de La ruta<\/a> es un buen ejemplo de esto.<\/p>\n<p>M\u00e1s informaci\u00f3n<\/p>\n<p class=\"\">La segunda entrega, que repite art\u00edfices de la primera (Clara Botas, Roberto Mart\u00edn Maiztegui al guion, y Borja Soler Gil a la direcci\u00f3n), se enfrenta al reto de renovar esa confianza con sus espectadores desde presupuestos muy diferentes a su antecesora. Y lo consigue. Al final de la primera dejamos a Marc Rib\u00f3 (\u00c0lex Monner) en <a href=\"https:\/\/elpais.com\/television\/2024-10-18\/la-ruta-pone-rumbo-a-ibiza-asi-sera-el-argumento-los-actores-y-el-rodaje-de-la-segunda-parte-de-la-serie-de-atresplayer.html\" target=\"_self\" rel=\"nofollow noopener\" title=\"https:\/\/elpais.com\/television\/2024-10-18\/la-ruta-pone-rumbo-a-ibiza-asi-sera-el-argumento-los-actores-y-el-rodaje-de-la-segunda-parte-de-la-serie-de-atresplayer.html\">un avi\u00f3n rumbo a Ibiza<\/a> y ahora lo recogemos como DJ asentado en la isla. Y si la primera temporada utilizaba el recurso de estructura de invertir la l\u00ednea temporal y contarse, pues, desde el final hasta el principio, en esta se alternan dos l\u00edneas temporales: la de Marc, en 1996, y la de sus padres, en 1972, en Ibiza, isla en la que ya sabemos que ambos perdieron la vida. <\/p>\n<p class=\"\">La de la Ibiza de los setenta tambi\u00e9n es una historia de final amargo vista desde hoy. De la posibilidad de una isla \u2013que me perdone Houellebecq\u2013por hacer para los padres de Marc en el 72 y del inicio de un entorno hostil para el propio Marc en el 96, a un lugar donde \u2013que me perdone Carmen Mart\u00edn Gaite\u2013 lo raro es vivir. <\/p>\n<p class=\"\"><a href=\"https:\/\/elpais.com\/elpais\/2016\/12\/11\/tentaciones\/1481489507_852039.html\" target=\"_self\" rel=\"nofollow noopener\" title=\"https:\/\/elpais.com\/elpais\/2016\/12\/11\/tentaciones\/1481489507_852039.html\">Ese aire de fatalismo invade tambi\u00e9n al resto de personajes de la serie<\/a>. A \u00e9l contribuye el hecho de que tanto \u00c0lex Monner como Irene Escolar, una de las flamantes incorporaciones de esta temporada, se desdoblen, e interpreten, en cada respectiva l\u00ednea temporal, a sus personajes y a sus hijos (o a sus personajes y a sus padres, como cada cual lo quiera leer). Me dejo para el final a la extraordinaria Marina Salas, que interpreta a Leo, la madre de Marc, el coraz\u00f3n de esta entrega. Nacer en tus padres y morir en tus hijos. Y por el camino, intentar salirse de la ruta. <\/p>\n","protected":false},"excerpt":{"rendered":"Algunas series tienen la virtud de interpelar a mucha gente en su conjunto. Otras, las menos, pretendan o&hellip;\n","protected":false},"author":2,"featured_media":204975,"comment_status":"","ping_status":"","sticky":false,"template":"","format":"standard","meta":{"footnotes":""},"categories":[171],"tags":[151,3801,146,147,25,24,185,1925,16428,8190,23,807,214],"class_list":{"0":"post-204974","1":"post","2":"type-post","3":"status-publish","4":"format-standard","5":"has-post-thumbnail","7":"category-tv","8":"tag-atresmedia","9":"tag-discotecas","10":"tag-entertainment","11":"tag-entretenimiento","12":"tag-es","13":"tag-espana","14":"tag-musica","15":"tag-opinion","16":"tag-plataformas-digitales","17":"tag-series-espanolas","18":"tag-spain","19":"tag-television","20":"tag-tv"},"share_on_mastodon":{"url":"https:\/\/pubeurope.com\/@es\/115450482869299199","error":""},"_links":{"self":[{"href":"https:\/\/www.europesays.com\/es\/wp-json\/wp\/v2\/posts\/204974","targetHints":{"allow":["GET"]}}],"collection":[{"href":"https:\/\/www.europesays.com\/es\/wp-json\/wp\/v2\/posts"}],"about":[{"href":"https:\/\/www.europesays.com\/es\/wp-json\/wp\/v2\/types\/post"}],"author":[{"embeddable":true,"href":"https:\/\/www.europesays.com\/es\/wp-json\/wp\/v2\/users\/2"}],"replies":[{"embeddable":true,"href":"https:\/\/www.europesays.com\/es\/wp-json\/wp\/v2\/comments?post=204974"}],"version-history":[{"count":0,"href":"https:\/\/www.europesays.com\/es\/wp-json\/wp\/v2\/posts\/204974\/revisions"}],"wp:featuredmedia":[{"embeddable":true,"href":"https:\/\/www.europesays.com\/es\/wp-json\/wp\/v2\/media\/204975"}],"wp:attachment":[{"href":"https:\/\/www.europesays.com\/es\/wp-json\/wp\/v2\/media?parent=204974"}],"wp:term":[{"taxonomy":"category","embeddable":true,"href":"https:\/\/www.europesays.com\/es\/wp-json\/wp\/v2\/categories?post=204974"},{"taxonomy":"post_tag","embeddable":true,"href":"https:\/\/www.europesays.com\/es\/wp-json\/wp\/v2\/tags?post=204974"}],"curies":[{"name":"wp","href":"https:\/\/api.w.org\/{rel}","templated":true}]}}