{"id":204996,"date":"2025-10-28T07:18:11","date_gmt":"2025-10-28T07:18:11","guid":{"rendered":"https:\/\/www.europesays.com\/es\/204996\/"},"modified":"2025-10-28T07:18:11","modified_gmt":"2025-10-28T07:18:11","slug":"lamine-yamal-casa-shakira-pique","status":"publish","type":"post","link":"https:\/\/www.europesays.com\/es\/204996\/","title":{"rendered":"LAMINE YAMAL CASA SHAKIRA PIQU\u00c9"},"content":{"rendered":"<p class=\"ft-text ft-helper-closenews\">Pese a todo lo que se ha dicho estas \u00faltimas horas, las Mamarazzis podemos confirmar en exclusiva que Lamine Yamal<strong> ya ha adquirido la vivienda que fue el hogar familiar de Shakira y Gerard Piqu\u00e9<\/strong>. La propiedad, ubicada en Ciutat Diagonal, una <strong>privilegiada zona residencial de Esplugues de Llobregat<\/strong> (Barcelona), permanec\u00eda vac\u00eda desde que la cantante colombiana abandon\u00f3 la ciudad para instalarse en Miami junto a sus hijos.<\/p>\n<p class=\"ft-text\">Las Mamarazzis hemos podido saber que hace apenas quince d\u00edas se firm\u00f3 un cuantioso (muy cuantioso) contrato de arras y, en las \u00faltimas horas, se ha completado la <strong>firma definitiva<\/strong> que convierte al joven futbolista del Barcelona en el <strong>nuevo propietario<\/strong>. Lamine Yamal, considerado una de las mayores <strong>promesas del f\u00fatbol mundial<\/strong>, ha adquirido dos viviendas contiguas, una de 869 m\u00b2 y otra de 371 m\u00b2, que durante m\u00e1s de una d\u00e9cada fueron el refugio familiar de la pareja. La gesti\u00f3n de la compraventa ha estado a cargo de la agencia Meraki Capital, especializada en inmuebles de lujo y propiedades exclusivas.<\/p>\n<p class=\"ft-text\">La firma final se ha llevado a cabo esta tarde en la notar\u00eda GYG, situada en la avenida Diagonal de Barcelona, con la presencia de los representantes legales de todas partes. <strong>Shakira no ha asistido al acto<\/strong>, ya que su presencia no era necesaria: sus apoderados se han encargado de rubricar el acuerdo que pone fin al \u00faltimo v\u00ednculo material que un\u00eda a la artista y al exfutbolista. Han sido <strong>tres meses de largas negociaciones que han finalizado este lunes<\/strong>. El mi\u00e9rcoles las Mamarazzis ampliaremos detalles de este nuevo culebr\u00f3n que, una vez m\u00e1s, no nos va a dejar indiferentes.<\/p>\n<p class=\"ft-text\">De esta manera, <strong>Lamine Yamal se convierte en propietario de una de las mansiones m\u00e1s emblem\u00e1ticas<\/strong> y medi\u00e1ticas de Barcelona, marcando un nuevo cap\u00edtulo en la historia de una vivienda que ha sido testigo de momentos clave en la vida de dos de las figuras m\u00e1s conocidas del panorama internacional. Shakira ya no tendr\u00e1 m\u00e1s de vecina a su suegra. <strong>Los padres de Piqu\u00e9<\/strong>, desde esta tarde, <strong>son vecinos<\/strong> del crack del Bar\u00e7a.<\/p>\n<p data-close=\"closedContent\" class=\"subscribeHideForDisplay\">Suscr\u00edbete para seguir leyendo<\/p>\n","protected":false},"excerpt":{"rendered":"Pese a todo lo que se ha dicho estas \u00faltimas horas, las Mamarazzis podemos confirmar en exclusiva que&hellip;\n","protected":false},"author":2,"featured_media":204997,"comment_status":"","ping_status":"","sticky":false,"template":"","format":"standard","meta":{"footnotes":""},"categories":[268],"tags":[385,168,25,24,280,282,50559,11680,8138,23111,12504,281,23,167,56089,14780],"class_list":{"0":"post-204996","1":"post","2":"type-post","3":"status-publish","4":"format-standard","5":"has-post-thumbnail","7":"category-futbol","8":"tag-casa","9":"tag-deportes","10":"tag-es","11":"tag-espana","12":"tag-football","13":"tag-futbol","14":"tag-gerard-pique","15":"tag-lamine","16":"tag-lamine-yamal","17":"tag-pique","18":"tag-shakira","19":"tag-soccer","20":"tag-spain","21":"tag-sports","22":"tag-ya-es-de","23":"tag-yamal"},"share_on_mastodon":{"url":"https:\/\/pubeurope.com\/@es\/115450577247491734","error":""},"_links":{"self":[{"href":"https:\/\/www.europesays.com\/es\/wp-json\/wp\/v2\/posts\/204996","targetHints":{"allow":["GET"]}}],"collection":[{"href":"https:\/\/www.europesays.com\/es\/wp-json\/wp\/v2\/posts"}],"about":[{"href":"https:\/\/www.europesays.com\/es\/wp-json\/wp\/v2\/types\/post"}],"author":[{"embeddable":true,"href":"https:\/\/www.europesays.com\/es\/wp-json\/wp\/v2\/users\/2"}],"replies":[{"embeddable":true,"href":"https:\/\/www.europesays.com\/es\/wp-json\/wp\/v2\/comments?post=204996"}],"version-history":[{"count":0,"href":"https:\/\/www.europesays.com\/es\/wp-json\/wp\/v2\/posts\/204996\/revisions"}],"wp:featuredmedia":[{"embeddable":true,"href":"https:\/\/www.europesays.com\/es\/wp-json\/wp\/v2\/media\/204997"}],"wp:attachment":[{"href":"https:\/\/www.europesays.com\/es\/wp-json\/wp\/v2\/media?parent=204996"}],"wp:term":[{"taxonomy":"category","embeddable":true,"href":"https:\/\/www.europesays.com\/es\/wp-json\/wp\/v2\/categories?post=204996"},{"taxonomy":"post_tag","embeddable":true,"href":"https:\/\/www.europesays.com\/es\/wp-json\/wp\/v2\/tags?post=204996"}],"curies":[{"name":"wp","href":"https:\/\/api.w.org\/{rel}","templated":true}]}}