{"id":205000,"date":"2025-10-28T07:20:09","date_gmt":"2025-10-28T07:20:09","guid":{"rendered":"https:\/\/www.europesays.com\/es\/205000\/"},"modified":"2025-10-28T07:20:09","modified_gmt":"2025-10-28T07:20:09","slug":"una-ruta-de-esculturas-que-enamora-en-otono","status":"publish","type":"post","link":"https:\/\/www.europesays.com\/es\/205000\/","title":{"rendered":"una ruta de esculturas que enamora en oto\u00f1o"},"content":{"rendered":"\n<ul class=\"bodyList bodyList--unordered\">\n<li class=\"bodyList__item\"><strong><a href=\"https:\/\/www.elconfidencial.com\/viajes\/2025-10-24\/pueblo-medieval-madrid-reserva-biosfera-1tna-1qrt_4234549\/\" target=\"_self\" rel=\"nofollow noopener\">Descubre el bonito pueblo medieval a menos de dos horas de Madrid que es Reserva de la Biosfera de la UNESCO<\/a><\/strong><\/li>\n<li class=\"bodyList__item\"><strong><a href=\"https:\/\/profile.google.com\/cp\/CgsvZy8xMjI2ZzRoMA\" target=\"_blank\" rel=\"nofollow noopener\">Sigue a El Confidencial en Google Discover para enterarte de todas las noticias<\/a><\/strong><\/li>\n<\/ul>\n<p> <strong><a href=\"https:\/\/www.elconfidencial.com\/viajes\/2025-01-20\/visita-osaka-sierra-madrid-museo-japones-aire-libre-1tna-1qrt_4046423\/\" target=\"_self\" rel=\"nofollow noopener\">Puebla de la Sierra<\/a><\/strong>, uno de los pueblos m\u00e1s rec\u00f3nditos de la<strong> <\/strong>Comunidad de Madrid, guarda un secreto que despierta cada oto\u00f1o entre robles centenarios y monta\u00f1as envueltas en niebla: un <strong>valle convertido en galer\u00eda de arte<\/strong> donde la naturaleza y la escultura conviven en un mismo paisaje. A casi <strong>1.100 metros de altitud<\/strong>, el viaje hasta este enclave ya es parte de la experiencia. La carretera serpentea entre <strong>monta\u00f1as,<\/strong> anticipando la llegada a un lugar donde el silencio y el arte parecen haberse puesto de acuerdo para detener el tiempo. <\/p>\n<p> Al llegar, el visitante descubre un peque\u00f1o pueblo de piedra rojiza y pizarra, aislado durante siglos y protegido por los picos de la <strong>Sierra del Rinc\u00f3n<\/strong>, declarada <strong>Reserva de la Biosfera por la UNESCO<\/strong>. Pero lo que realmente sorprende es el <strong><a href=\"https:\/\/www.sierranortemadrid.org\/plan\/el-valle-de-los-suenos\/\" target=\"_blank\" rel=\"nofollow noopener\">Valle de los Sue\u00f1os<\/a><\/strong>, un museo al aire libre con m\u00e1s de un centenar de esculturas contempor\u00e1neas que se integran entre el bosque, los arroyos y las sendas que rodean el municipio. <\/p>\n<blockquote class=\"instagram-media\" data-instgrm-captioned=\"\" data-instgrm-permalink=\"https:\/\/www.instagram.com\/reel\/DQRBV8zjJZr\/?utm_source=ig_embed&amp;utm_campaign=loading\" data-instgrm-version=\"14\" style=\" background:#FFF; border:0; border-radius:3px; box-shadow:0 0 1px 0 rgba(0,0,0,0.5),0 1px 10px 0 rgba(0,0,0,0.15); margin: 1px; max-width:540px; min-width:326px; padding:0; width:99.375%; width:-webkit-calc(100% - 2px); width:calc(100% - 2px);\"\/><p>\n           Un museo entre monta\u00f1as y robles centenarios           <\/p>\n<p> El proyecto <strong>naci\u00f3 en los a\u00f1os noventa<\/strong> de la mano del escultor <strong><a href=\"https:\/\/www.instagram.com\/federicoeguia\/\" target=\"_blank\" rel=\"nofollow noopener\">Federico Egu\u00eda<\/a><\/strong> y un grupo de artistas que imaginaron un espacio donde el arte escapara de las ciudades y dialogara con la monta\u00f1a. Poco a poco, el sue\u00f1o se hizo realidad: hoy el recorrido, de unos <strong>siete kil\u00f3metros<\/strong>, ofrece una <strong>ruta circular de baja dificultad<\/strong> en la que el visitante puede tocar, sentir y contemplar <strong>obras de m\u00e1s de sesenta autores nacionales e internacionales<\/strong>. El visitante avanza entre claros y sombras, sorprendido a cada paso por formas que emergen del paisaje y transforman el paseo en una experiencia casi m\u00e1gica. <\/p>\n<p> <strong>Esculturas de piedra, bronce o hierro<\/strong> se camuflan entre los tonos ocres y dorados del oto\u00f1o. Entre las m\u00e1s fotografiadas destaca la <strong><a href=\"https:\/\/www.instagram.com\/reel\/DN6Kf-eDdP8\/?utm_source=ig_web_copy_link&amp;igsh=MzRlODBiNWFlZA==\" target=\"_blank\" rel=\"nofollow noopener\">Silla Gigante de Meira<\/a><\/strong>, una estructura blanca de madera reciclada que se alza sobre la ladera como si invitara a contemplar el horizonte. Tambi\u00e9n llaman la atenci\u00f3n obras como <strong>El \u00c1rbol de la Vida<\/strong>, una pieza met\u00e1lica que simboliza el v\u00ednculo entre la tierra y el cielo, o <strong>El Abrazo<\/strong>, dos figuras de piedra entrelazadas que evocan la uni\u00f3n entre arte y naturaleza. Esta mezcla de arte y paisaje convierte a Puebla de la Sierra en un <strong>destino imprescindible para los amantes del senderismo, la fotograf\u00eda y la tranquilidad<\/strong>. <\/p>\n<p>                         El arte japon\u00e9s y la vida rural en un mismo enclave           <\/p>\n<p> Adem\u00e1s del Valle de los Sue\u00f1os, el pueblo cuenta con otros dos espacios que refuerzan su identidad art\u00edstica. El primero es el <strong><a href=\"https:\/\/mancomunidadsierradelrincon.org\/patrimonio-cultural\/museo-japones-puebla-de-la-sierra\/\" target=\"_blank\" rel=\"nofollow noopener\">Museo de Pintura Contempor\u00e1nea Japonesa<\/a><\/strong>, fruto del hermanamiento con la ciudad de Osaka, que exhibe obras donadas por artistas nipones. El segundo, el <strong>Museo del Dibujo y Obra Gr\u00e1fica<\/strong>, re\u00fane piezas de grandes nombres del siglo XX como <strong>Picasso<\/strong>, <strong>Antonio L\u00f3pez<\/strong> o <strong>Miquel Barcel\u00f3<\/strong>. <\/p>\n<p> Fuera de los museos, Puebla mantiene viva su esencia serrana. En sus <strong>calles empedradas <\/strong>sobreviven la <strong><a href=\"https:\/\/www.sierranortemadrid.org\/espacio-cultural\/ermita-de-la-soledad\/\" target=\"_blank\" rel=\"nofollow noopener\">Ermita de la Soledad<\/a><\/strong>, la<strong> antigua fragua comunal y los tinados de pastores<\/strong>, peque\u00f1as construcciones de piedra que recuerdan su pasado ganadero. Y para reponer fuerzas, nada como probar la gastronom\u00eda local: <strong>guisos de caza, migas serranas o carne a la brasa<\/strong> en alguno de los restaurantes del pueblo, donde se come con vistas al bosque. <\/p>\n<p>                         Una escapada perfecta en oto\u00f1o           <\/p>\n<p> La combinaci\u00f3n de<strong> arte, naturaleza y calma<\/strong> convierte a Puebla de la Sierra en uno de los <strong>destinos m\u00e1s especiales de Madrid<\/strong>. A apenas dos horas de la capital, el recorrido por el Valle de los Sue\u00f1os se puede hacer en unas dos horas y media, con un desnivel suave y se\u00f1alizaci\u00f3n sencilla. Las<strong> visitas guiadas<\/strong>,<strong> organizadas por el <a href=\"https:\/\/puebladelasierra.es\/\" target=\"_blank\" rel=\"nofollow noopener\">Ayuntamiento<\/a><\/strong>, permiten <strong>conocer la historia de las obras y el proceso creativo<\/strong> de sus autores. <\/p>\n<p> <strong><a href=\"https:\/\/www.elconfidencial.com\/tags\/topics\/otono-21502\/\" target=\"_self\" rel=\"nofollow noopener\">Oto\u00f1o<\/a> y primavera <\/strong>son las<strong> mejores \u00e9pocas para visitar este pueblo <\/strong>de la Sierra del Rinc\u00f3n, cuando el valle se llena de color o de <strong>flores silvestres<\/strong>. Quien llega hasta aqu\u00ed no solo encuentra un <strong>museo natural<\/strong>, sino tambi\u00e9n un lugar donde <strong>el silencio, la monta\u00f1a y el arte se mezclan<\/strong> para recordar que, a veces, los sue\u00f1os tambi\u00e9n se esculpen entre \u00e1rboles. <\/p>\n<blockquote class=\"instagram-media\" data-instgrm-captioned=\"\" data-instgrm-permalink=\"https:\/\/www.instagram.com\/p\/CyB5Mb8srj7\/?utm_source=ig_embed&amp;utm_campaign=loading\" data-instgrm-version=\"14\" style=\" background:#FFF; border:0; border-radius:3px; box-shadow:0 0 1px 0 rgba(0,0,0,0.5),0 1px 10px 0 rgba(0,0,0,0.15); margin: 1px; max-width:540px; min-width:326px; padding:0; width:99.375%; width:-webkit-calc(100% - 2px); width:calc(100% - 2px);\"\/>\n<p> Llegar hasta este rinc\u00f3n del norte de Madrid requiere tiempo y calma: el<strong> trayecto en coche<\/strong> desde la capital dura alrededor de<strong> 1 hora y 45 minutos<\/strong> por la <strong>A-1 hasta Buitrago del Lozoya<\/strong>, desde donde parte una <strong>carretera de monta\u00f1a serpenteante<\/strong> que atraviesa bosques, miradores y el <strong><a href=\"https:\/\/sierradelguadarrama.com\/embalse-el-villar\/\" target=\"_blank\" rel=\"nofollow noopener\">Embalse del Villar<\/a><\/strong> antes de desembocar en el coraz\u00f3n del valle. Un camino tan bello como el destino que espera al final. <\/p>\n<p>         <script async src=\"\/\/www.instagram.com\/embed.js\"><\/script><\/p>\n","protected":false},"excerpt":{"rendered":"Descubre el bonito pueblo medieval a menos de dos horas de Madrid que es Reserva de la Biosfera&hellip;\n","protected":false},"author":2,"featured_media":205001,"comment_status":"","ping_status":"","sticky":false,"template":"","format":"standard","meta":{"footnotes":""},"categories":[173],"tags":[229,233,231,230,232,234,146,147,25,24,23],"class_list":{"0":"post-205000","1":"post","2":"type-post","3":"status-publish","4":"format-standard","5":"has-post-thumbnail","7":"category-arte-y-diseno","8":"tag-arte","9":"tag-arte-y-diseno","10":"tag-arts","11":"tag-arts-and-design","12":"tag-design","13":"tag-diseno","14":"tag-entertainment","15":"tag-entretenimiento","16":"tag-es","17":"tag-espana","18":"tag-spain"},"share_on_mastodon":{"url":"https:\/\/pubeurope.com\/@es\/115450584945576482","error":""},"_links":{"self":[{"href":"https:\/\/www.europesays.com\/es\/wp-json\/wp\/v2\/posts\/205000","targetHints":{"allow":["GET"]}}],"collection":[{"href":"https:\/\/www.europesays.com\/es\/wp-json\/wp\/v2\/posts"}],"about":[{"href":"https:\/\/www.europesays.com\/es\/wp-json\/wp\/v2\/types\/post"}],"author":[{"embeddable":true,"href":"https:\/\/www.europesays.com\/es\/wp-json\/wp\/v2\/users\/2"}],"replies":[{"embeddable":true,"href":"https:\/\/www.europesays.com\/es\/wp-json\/wp\/v2\/comments?post=205000"}],"version-history":[{"count":0,"href":"https:\/\/www.europesays.com\/es\/wp-json\/wp\/v2\/posts\/205000\/revisions"}],"wp:featuredmedia":[{"embeddable":true,"href":"https:\/\/www.europesays.com\/es\/wp-json\/wp\/v2\/media\/205001"}],"wp:attachment":[{"href":"https:\/\/www.europesays.com\/es\/wp-json\/wp\/v2\/media?parent=205000"}],"wp:term":[{"taxonomy":"category","embeddable":true,"href":"https:\/\/www.europesays.com\/es\/wp-json\/wp\/v2\/categories?post=205000"},{"taxonomy":"post_tag","embeddable":true,"href":"https:\/\/www.europesays.com\/es\/wp-json\/wp\/v2\/tags?post=205000"}],"curies":[{"name":"wp","href":"https:\/\/api.w.org\/{rel}","templated":true}]}}