{"id":205004,"date":"2025-10-28T07:23:17","date_gmt":"2025-10-28T07:23:17","guid":{"rendered":"https:\/\/www.europesays.com\/es\/205004\/"},"modified":"2025-10-28T07:23:17","modified_gmt":"2025-10-28T07:23:17","slug":"thom-yorke-de-radiohead-dice-que-absolutamente-no-se-presentaria-en-israel","status":"publish","type":"post","link":"https:\/\/www.europesays.com\/es\/205004\/","title":{"rendered":"Thom Yorke, de Radiohead, dice que \u201cabsolutamente no\u201d se presentar\u00eda en Israel"},"content":{"rendered":"<p>      CNN<br \/>\n        \u00a0\u2014\u00a0<\/p>\n<p class=\"paragraph inline-placeholder vossi-paragraph\" data-uri=\"es.cms.cnn.com\/_components\/paragraph\/instances\/cmh8zid38003i27qj473j2a0e@published\" data-editable=\"text\" data-component-name=\"paragraph\" data-article-gutter=\"true\">\n            El cantante de Radiohead, <a href=\"https:\/\/cnnespanol.cnn.com\/2024\/10\/31\/thom-yorke-radiohead-abandona-escenario-abucheo-propalestinos-trax\" rel=\"nofollow noopener\" target=\"_blank\">Thom Yorke<\/a>, dijo que ya no se presentar\u00eda en Israel despu\u00e9s de que la banda <a href=\"https:\/\/www.cnn.com\/2017\/07\/18\/middleeast\/radiohead-tel-aviv-concert\" rel=\"nofollow noopener\" target=\"_blank\">fuera criticada<\/a> por tocar en Tel Aviv en 2017.\n    <\/p>\n<p class=\"paragraph inline-placeholder vossi-paragraph\" data-uri=\"es.cms.cnn.com\/_components\/paragraph\/instances\/cmh8ziigt0000356nkcas3orn@published\" data-editable=\"text\" data-component-name=\"paragraph\" data-article-gutter=\"true\">\n            En una entrevista con el peri\u00f3dico brit\u00e1nico <a href=\"https:\/\/archive.ph\/o\/jAZDP\/https:\/\/www.thetimes.com\/culture\/music\/article\/radiohead-tour-2025-interview-israel-fn0bmdzl8\" target=\"_blank\" rel=\"nofollow noopener\">The Sunday Times<\/a>, realizada antes de que se acordara el alto el fuego entre Israel y Hamas, Yorke dijo que \u201cabsolutamente no\u201d se presentar\u00eda en Israel.\n    <\/p>\n<p class=\"paragraph inline-placeholder vossi-paragraph\" data-uri=\"es.cms.cnn.com\/_components\/paragraph\/instances\/cmh905tc80009356n7zrdi8ww@published\" data-editable=\"text\" data-component-name=\"paragraph\" data-article-gutter=\"true\">\n            \u201cNo querr\u00eda estar a 8.000 kil\u00f3metros (5.000 millas) de distancia del r\u00e9gimen de Netanyahu, pero Jonny tiene ra\u00edces all\u00ed\u201d, dijo a la publicaci\u00f3n, en referencia al guitarrista principal de Radiohead, Jonny Greenwood.\n    <\/p>\n<p class=\"paragraph inline-placeholder vossi-paragraph\" data-uri=\"es.cms.cnn.com\/_components\/paragraph\/instances\/cmh905tc8000a356n5vx9roxv@published\" data-editable=\"text\" data-component-name=\"paragraph\" data-article-gutter=\"true\">\n            CNN est\u00e1 contactando a la Oficina del primer ministro israel\u00ed para obtener comentarios.\n    <\/p>\n<p class=\"paragraph inline-placeholder vossi-paragraph\" data-uri=\"es.cms.cnn.com\/_components\/paragraph\/instances\/cmh905he60007356nj7zp56dn@published\" data-editable=\"text\" data-component-name=\"paragraph\" data-article-gutter=\"true\">\n            Greenwood dijo al Sunday Times que \u201crespetuosamente\u201d no estaba de acuerdo con Yorke.\n    <\/p>\n<p class=\"paragraph inline-placeholder vossi-paragraph\" data-uri=\"es.cms.cnn.com\/_components\/paragraph\/instances\/cmh906g2n000f356nftkancsm@published\" data-editable=\"text\" data-component-name=\"paragraph\" data-article-gutter=\"true\">\n            \u201cYo argumentar\u00eda que el Gobierno es m\u00e1s propenso a usar un boicot y decir: \u2018Todos nos odian, debemos hacer exactamente lo que queremos\u2019. Eso es mucho m\u00e1s peligroso\u201d, dijo Greenwood.\n    <\/p>\n<p>       <img decoding=\"async\" src=\"https:\/\/www.europesays.com\/es\/wp-content\/uploads\/2025\/10\/thom-yorke.jpg\" alt=\"Thom Yorke, con la agrupaci\u00f3n The Smile, durante un concierto en Londres, Reino Unido, el 10 de marzo de 2024.\" class=\"image_expandable__dam-img image_expandable__dam-img--loading\" onload=\"this.classList.remove('image_expandable__dam-img--loading')\" onerror=\"imageLoadError(this)\" height=\"865\" width=\"1300\" loading=\"lazy\"\/><\/p>\n<p class=\"paragraph inline-placeholder vossi-paragraph\" data-uri=\"es.cms.cnn.com\/_components\/paragraph\/instances\/cmh906g2n000g356nsjnkkmrg@published\" data-editable=\"text\" data-component-name=\"paragraph\" data-article-gutter=\"true\">\n            Greenwood dijo que lo \u00fanico de lo que se averg\u00fcenza es de haber arrastrado a sus compa\u00f1eros de banda \u201ca este l\u00edo\u201d. A\u00f1adi\u00f3: \u201cPero no me averg\u00fcenzo de trabajar con m\u00fasicos \u00e1rabes y jud\u00edos. No puedo disculparme por eso\u201d.\n    <\/p>\n<p class=\"paragraph inline-placeholder vossi-paragraph\" data-uri=\"es.cms.cnn.com\/_components\/paragraph\/instances\/cmh906ect000d356nsfz6oj1k@published\" data-editable=\"text\" data-component-name=\"paragraph\" data-article-gutter=\"true\">\n            Radiohead fue <a href=\"https:\/\/www.cnn.com\/2024\/10\/31\/entertainment\/thom-yorke-radiohead-melbourne-heckled-intl-scli\" rel=\"nofollow noopener\" target=\"_blank\">criticado<\/a> por presentarse en Tel Aviv durante su gira mundial \u201cA Moon Shaped Pool\u201d, que se realiz\u00f3 entre 2016 y 2018. En ese momento, la organizaci\u00f3n Boicot, Desinversi\u00f3n y Sanciones (BDS, por sus siglas en ingl\u00e9s) inst\u00f3 a Radiohead a boicotear a Israel por su conducta en la Ribera Occidental y Jerusal\u00e9n este.\n    <\/p>\n<p class=\"paragraph inline-placeholder vossi-paragraph\" data-uri=\"es.cms.cnn.com\/_components\/paragraph\/instances\/cmh9078xw000n356n43lh62lp@published\" data-editable=\"text\" data-component-name=\"paragraph\" data-article-gutter=\"true\">\n            El a\u00f1o pasado, Yorke se quit\u00f3 la guitarra y <a href=\"https:\/\/cnnespanol.cnn.com\/2024\/10\/31\/thom-yorke-radiohead-abandona-escenario-abucheo-propalestinos-trax\" rel=\"nofollow noopener\" target=\"_blank\">abandon\u00f3 el escenario<\/a> durante su concierto en solitario en Melbourne, Australia, despu\u00e9s de ser increpado por un manifestante propalestino.\n    <\/p>\n<p>       <img decoding=\"async\" src=\"https:\/\/www.europesays.com\/es\/wp-content\/uploads\/2025\/10\/radiohead-concierto.jpg\" alt=\"Radiohead se presenta en el Festival de M\u00fasica y Artes de Coachella Valley el 14 de abril de 2017, en Indio, California.\" class=\"image_expandable__dam-img image_expandable__dam-img--loading\" onload=\"this.classList.remove('image_expandable__dam-img--loading')\" onerror=\"imageLoadError(this)\" height=\"572\" width=\"860\" loading=\"lazy\"\/><\/p>\n<p class=\"paragraph inline-placeholder vossi-paragraph\" data-uri=\"es.cms.cnn.com\/_components\/paragraph\/instances\/cmh906n6e000l356nsf8560ea@published\" data-editable=\"text\" data-component-name=\"paragraph\" data-article-gutter=\"true\">\n            Radiohead pronto comenzar\u00e1 su primera gira en siete a\u00f1os, con presentaciones en toda Europa en noviembre y diciembre. Cuando The Sunday Times le pregunt\u00f3 si le preocupaba que esta gira pudiera ser blanco de manifestantes, Yorke respondi\u00f3: \u201c\u00bfEst\u00e1s bromeando?\u201d\n    <\/p>\n<p class=\"paragraph inline-placeholder vossi-paragraph\" data-uri=\"es.cms.cnn.com\/_components\/paragraph\/instances\/cmh9081mr000s356nv9w3tgu9@published\" data-editable=\"text\" data-component-name=\"paragraph\" data-article-gutter=\"true\">\n            \u201cPero a ellos no les importamos. Se trata de conseguir algo dram\u00e1tico para Instagram\u201d, dijo Yorke a The Sunday Times.\n    <\/p>\n<p class=\"paragraph inline-placeholder vossi-paragraph\" data-uri=\"es.cms.cnn.com\/_components\/paragraph\/instances\/cmh9081mr000t356ntflgnhfy@published\" data-editable=\"text\" data-component-name=\"paragraph\" data-article-gutter=\"true\">\n            Yorke dijo que no cre\u00eda que Israel debiera participar en el festival de Eurovisi\u00f3n, pero a\u00f1adi\u00f3: \u201cPero tampoco creo que Eurovisi\u00f3n deba hacer Eurovisi\u00f3n. As\u00ed que, \u00bfqu\u00e9 s\u00e9 yo?\u201d\n    <\/p>\n<p class=\"paragraph inline-placeholder vossi-paragraph\" data-uri=\"es.cms.cnn.com\/_components\/paragraph\/instances\/cmh9081mr000u356nsdiv3t8j@published\" data-editable=\"text\" data-component-name=\"paragraph\" data-article-gutter=\"true\">\n            Eurovisi\u00f3n es un importante concurso internacional de m\u00fasica anual en el que participan pa\u00edses de la Uni\u00f3n Europea de Radiodifusi\u00f3n. Israel compite en el certamen desde 1973 y los llamados a su exclusi\u00f3n se han <a href=\"https:\/\/www.cnn.com\/2025\/09\/26\/entertainment\/eurovision-israel-excluded-member-vote-intl\" rel=\"nofollow noopener\" target=\"_blank\">intensificado<\/a> tras la guerra en Gaza.\n    <\/p>\n","protected":false},"excerpt":{"rendered":"CNN \u00a0\u2014\u00a0 El cantante de Radiohead, Thom Yorke, dijo que ya no se presentar\u00eda en Israel despu\u00e9s de&hellip;\n","protected":false},"author":2,"featured_media":205005,"comment_status":"","ping_status":"","sticky":false,"template":"","format":"standard","meta":{"footnotes":""},"categories":[170],"tags":[35163,208,146,147,25,24,43166,74,184,185,76,3529,23,21086],"class_list":{"0":"post-205004","1":"post","2":"type-post","3":"status-publish","4":"format-standard","5":"has-post-thumbnail","7":"category-musica","8":"tag-boicot","9":"tag-conciertos","10":"tag-entertainment","11":"tag-entretenimiento","12":"tag-es","13":"tag-espana","14":"tag-guerra-de-israel-en-gaza","15":"tag-israel","16":"tag-music","17":"tag-musica","18":"tag-palestina","19":"tag-radiohead","20":"tag-spain","21":"tag-thom-yorke"},"share_on_mastodon":{"url":"https:\/\/pubeurope.com\/@es\/115450597052426318","error":""},"_links":{"self":[{"href":"https:\/\/www.europesays.com\/es\/wp-json\/wp\/v2\/posts\/205004","targetHints":{"allow":["GET"]}}],"collection":[{"href":"https:\/\/www.europesays.com\/es\/wp-json\/wp\/v2\/posts"}],"about":[{"href":"https:\/\/www.europesays.com\/es\/wp-json\/wp\/v2\/types\/post"}],"author":[{"embeddable":true,"href":"https:\/\/www.europesays.com\/es\/wp-json\/wp\/v2\/users\/2"}],"replies":[{"embeddable":true,"href":"https:\/\/www.europesays.com\/es\/wp-json\/wp\/v2\/comments?post=205004"}],"version-history":[{"count":0,"href":"https:\/\/www.europesays.com\/es\/wp-json\/wp\/v2\/posts\/205004\/revisions"}],"wp:featuredmedia":[{"embeddable":true,"href":"https:\/\/www.europesays.com\/es\/wp-json\/wp\/v2\/media\/205005"}],"wp:attachment":[{"href":"https:\/\/www.europesays.com\/es\/wp-json\/wp\/v2\/media?parent=205004"}],"wp:term":[{"taxonomy":"category","embeddable":true,"href":"https:\/\/www.europesays.com\/es\/wp-json\/wp\/v2\/categories?post=205004"},{"taxonomy":"post_tag","embeddable":true,"href":"https:\/\/www.europesays.com\/es\/wp-json\/wp\/v2\/tags?post=205004"}],"curies":[{"name":"wp","href":"https:\/\/api.w.org\/{rel}","templated":true}]}}