{"id":205008,"date":"2025-10-28T07:25:10","date_gmt":"2025-10-28T07:25:10","guid":{"rendered":"https:\/\/www.europesays.com\/es\/205008\/"},"modified":"2025-10-28T07:25:10","modified_gmt":"2025-10-28T07:25:10","slug":"la-junta-de-andalucia-destinara-85-millones-de-euros-a-reformar-en-2026-los-accesos-del-estadio-de-la-cartuja","status":"publish","type":"post","link":"https:\/\/www.europesays.com\/es\/205008\/","title":{"rendered":"La Junta de Andaluc\u00eda destinar\u00e1 8,5 millones de euros a reformar en 2026 los accesos del estadio de la Cartuja"},"content":{"rendered":"<p style=\"\">La <strong>Junta de Andaluc\u00eda<\/strong> est\u00e1 decidida en transformar el estadio de la Cartuja en un recinto mucho m\u00e1s accesible y si cabe amable de lo que es hoy d\u00eda, optimizando tanto entradas como salidas de los miles y miles de usuarios que suelen hacer  &#8230; uso de \u00e9l de forma frecuente. Entre ellos, ahora de forma habitual, los aficionados del Real Betis, que mientras ven c\u00f3mo en el tiempo que transcurra la transici\u00f3n del antiguo al nuevo Benito Villamar\u00edn \u2014algo que podr\u00eda dilatarse al menos dos temporadas m\u00e1s a la presente campa\u00f1a\u2014, animan cada dos fines de semana en un estadio, el sevillano, que es el tercero de Espa\u00f1a en capacidad y ostenta el honor de ser tambi\u00e9n el tercero de mayor afluencia media de LaLiga 2025-26, con 57.491 personas contabilizadas en total, por encima de San Mam\u00e9s y Mestalla. S\u00f3lo por debajo del Santiago Bernab\u00e9u y el Metropolitano.<\/p>\n<p class=\"voc-p\" style=\"\">En aras de renovar cualesquiera de los accesos y del entorno, que tambi\u00e9n han sido objeto de continuas atenciones prestadas por el Ayuntamiento de Sevilla, la intenci\u00f3n del gobierno que encabeza Juanma Moreno es la de invertir en dos intervenciones diferenciadas pero en el mismo intervalo un montante total de<strong> 8,5 millones de euros<\/strong> en todo lo que tiene que ver con los accesos (3,5 millones) y en la parte del interior del recinto ol\u00edmpico (cinco millones) que tantos dolores de cabeza han dado, especialmente antes de que aterrizara temporalmente el Betis en la isla de la Cartuja en este feudo que cuenta con una capacidad para 70.000 espectadores tras los esfuerzos realizados por distintas administraciones en contribuir al deseo de que el estadio de la Cartuja sea verdaderamente un recinto moderno y contempor\u00e1neo.<\/p>\n<p class=\"voc-p\" style=\"\">Cabe recordar que pese a que el coliseo hispalense naci\u00f3 con una preclara vocaci\u00f3n ol\u00edmpica nunca satisfecha, pese a aquel viejo sue\u00f1o cumplido de albergar el Mundial de Atletismo de 1999, el estadio de la Cartuja goza de <strong>una titularidad m\u00faltiple<\/strong>, en la que concurre mayoritariamente en t\u00e9rminos de pertenencia a la Junta de Andaluc\u00eda (40 por ciento), el Gobierno de Espa\u00f1a (25 por ciento), el Ayuntamiento de Sevilla (19 por ciento), la Diputaci\u00f3n de Sevilla (13 por ciento) y un tres por ciento que anda repartido entre el Real Betis y el Sevilla FC, que apunta a seguir los pasos de los verdiblancos en cuanto desbloqueen el proyecto del futuro estadio sevillista.<\/p>\n<p class=\"voc-p\" style=\"\">As\u00ed que la Consejer\u00eda de Educaci\u00f3n y Deporte de la Junta de Andaluc\u00eda que custodia <a href=\"https:\/\/www.abc.es\/deportes\/sevilla\/patricia-pozo-sobre-final-copa-rey-cartuja-20250404122420-nts.html\" target=\"_self\" data-voc-vtm-id=\"in-text-traffic\" title=\"Patricia del Pozo vuelve a dar un paso al frente como ya lo hizo hace escasos meses\" data-mrf-link=\"www.abc.es\" rel=\"nofollow noopener\">Patricia del Pozo vuelve a dar un paso al frente como ya lo hizo hace escasos meses<\/a>, cuando el citado estadio de f\u00fatbol volvi\u00f3 a ser objeto de importantes adecuaciones por parte del ente andaluz con motivo de la celebraci\u00f3n de la <strong>Copa del Rey entre el FC Barcelona y el Real Madrid<\/strong>, entre ellas de la ampliaci\u00f3n de aforo, con 12.000 asientos m\u00e1s, merced a una inversi\u00f3n global que alcanz\u00f3 los diez millones de euros. Una cifra ostensiblemente menor al impacto econ\u00f3mico alcanzado por aquella final copera, que tuvo un retorno estimado en la ciudad de 75 millones de euros seg\u00fan datos de la consejer\u00eda. Sin contar las otras finales y eventos que se han celebrado en su terreno de juego, entre ellos parte de la \u00faltima Eurocopa. Ni obviar los planes de futuro, con la final del torneo del K.O. 2025-26 y el Mundial de 2030 en el horizonte.<\/p>\n<p><img decoding=\"async\" loading=\"lazy\" src=\"https:\/\/www.europesays.com\/es\/wp-content\/uploads\/2025\/10\/betis-alaves-manuel-gomez-U44772316035UFF-760x427@diario_abc.JPG\" class=\"voc-img\" width=\"760\" height=\"427\" alt=\"Ambiente del estadio de la Cartuja el d\u00eda del estreno cartujano del Betis, que se midi\u00f3 al Alav\u00e9s\" data-voc-vtm-id=\"in-text-traffic\"\/><\/p>\n<p>Ambiente del estadio de la Cartuja el d\u00eda del estreno cartujano del Betis, que se midi\u00f3 al Alav\u00e9s<\/p>\n<p>Manuel G\u00f3mez \/ ABC<\/p>\n<p class=\"voc-p\" style=\"\">Se busca ahora por tanto desde el \u00f3rgano regional <strong>brindarle un nuevo impulso<\/strong> al estadio cartujano con dos trabajos bien diferenciados: uno que tiene que ver directamente con todo lo que ata\u00f1e a la accesibilidad del campo y otro que influir\u00e1 directamente en el interior del estadio. Los dos tienen en com\u00fan que arrancar\u00e1n en 2026 y que buscar\u00e1n adecentar los espacios que se han visto sensiblemente comprometidos por la gran cantidad de p\u00fablico que acude en masa a los partidos del Betis. Cobra especial relevancia todo lo que tenga que ver con las labores externas que puedan ayudar a los b\u00e9ticos y a quienes acudan al estadio sevillano de cara al futuro.<\/p>\n<p>\nDe enero a junio, inicialmente, mejoras en los aleda\u00f1os del estadio\n<\/p>\n<p class=\"voc-p\" style=\"\">Ser\u00e1 por tanto en el primer trimestre de 2026 cuando arranquen las actuaciones exteriores bajo una inversi\u00f3n de 3,5 millones de euros. Concretamente se trabajar\u00e1 sobre la zona sur y oeste del estadio de la Cartuja, en las que m\u00e1s p\u00fablico suelen llenarse, al ser por las que accede buena parte del beticismo, para seguir trabajando en <strong>la mejora del viario, los accesos, la iluminaci\u00f3n o la arboleda<\/strong>, aspectos todos a los que la Consejer\u00eda de Cultura y Deporte pretende impeler a medio plazo bajo una inversi\u00f3n de 3,5 millones de euros que se suma a la apuesta municipal y regional ya realizada en su d\u00eda para revigorizar todo lo que concierne a estos aspectos.<\/p>\n<p><img decoding=\"async\" loading=\"lazy\" src=\"https:\/\/www.europesays.com\/es\/wp-content\/uploads\/2025\/10\/sur-estadio-cartujano-U35254327655Ctv-760x427@diario_abc.JPG\" class=\"voc-img\" width=\"760\" height=\"427\" alt=\"En el mapa, en la parte baja, el acceso sur del estadio de la Cartuja; que junto al lado oeste ser\u00e1n intervenidos inicialmente en 2026\" data-voc-vtm-id=\"in-text-traffic\"\/><\/p>\n<p>En el mapa, en la parte baja, el acceso sur del estadio de la Cartuja; que junto al lado oeste ser\u00e1n intervenidos inicialmente en 2026<\/p>\n<p>GOogle Maps<\/p>\n<p class=\"voc-p\" style=\"\">Estos trabajos, seg\u00fan ha podido saber ABC, tendr\u00e1n <strong>una duraci\u00f3n de seis meses<\/strong>, con lo cual estas actuaciones se alargar\u00e1n presumiblemente desde el mes de enero hasta el de junio, incluido. Eso incluye por tanto la final de Copa, prevista para el 25 de abril, que salvo sorpresa albergar\u00e1 Sevilla. As\u00ed que los seguidores heliopolitanos ver\u00e1n de primera mano durante parte del final de la primera vuelta de LaLiga y toda la segunda parte del almanaque c\u00f3mo poco a poco el estadio cartujano contin\u00faa en esa l\u00ednea ascendente para potenciar y modernizar los entornos m\u00e1s cercanos del estadio. Est\u00e1 previsto que juegue el Betis su \u00faltimo partido dom\u00e9stico el fin de semana del 24 de mayo contra el Levante en el estadio de la Cartuja, y para entonces se espera que la Junta contin\u00fae inmersa en esas labores de desarrollo que no impedir\u00e1n ni mucho menos el desarrollo normal de la m\u00e1s alta competici\u00f3n, tambi\u00e9n en lo que tiene que ver a la recepci\u00f3n de tan alta demanda de p\u00fablico.<\/p>\n<p class=\"voc-p\" style=\"\">Se recuerda en este sentido que el Ayuntamiento de Sevilla, en agosto y por mediaci\u00f3n de la Gerencia Municipal de Urbanismo, <a href=\"https:\/\/www.abc.es\/sevilla\/ciudad\/urbanismo-invierte-millon-euros-mejorar-entorno-estadio-20250819171226-nts.html\" target=\"_self\" data-voc-vtm-id=\"in-text-traffic\" title=\"ya invirti\u00f3 casi un mill\u00f3n de euros en atenciones al estadio\" data-mrf-link=\"www.abc.es\" rel=\"nofollow noopener\">ya invirti\u00f3 casi un mill\u00f3n de euros en atenciones al estadio<\/a>. M\u00e1s de 600.000 euros fueron dedicados a diversos trabajos de acondicionamiento en los viales y en las zonas adyacentes del estadio de la Cartuja. Asimismo, <strong>el gobierno de Sanz destin\u00f3 200.000 euros en ampliar y mejorar el alumbrado<\/strong>, una competencia que buscar\u00e1 incrementar ahora el Ejecutivo andaluz. Tras cinco compromisos disputados en lo que lleva de temporada, a nadie se le escapa ya la hoja de ruta redefinida que mantiene el Consistorio hispalense a la hora de recibir a miles de b\u00e9ticos en el coliseo hispalense, despu\u00e9s de que se sigan limando aspectos relativos a los medios de transporte, los parkings y las zonas habilitadas. Con esta apuesta doble de la Consejer\u00eda de Cultura y Deporte se busca mejorar a\u00fan m\u00e1s esos accesos que tanta soluci\u00f3n busca el estadio de la Cartuja.<\/p>\n","protected":false},"excerpt":{"rendered":"La Junta de Andaluc\u00eda est\u00e1 decidida en transformar el estadio de la Cartuja en un recinto mucho m\u00e1s&hellip;\n","protected":false},"author":2,"featured_media":205009,"comment_status":"","ping_status":"","sticky":false,"template":"","format":"standard","meta":{"footnotes":""},"categories":[93],"tags":[31001,5587,5810,168,10837,25,24,3129,1557,25317,2024,4724,56047,23,167],"class_list":{"0":"post-205008","1":"post","2":"type-post","3":"status-publish","4":"format-standard","5":"has-post-thumbnail","7":"category-deportes","8":"tag-accesos","9":"tag-cartuja","10":"tag-cinco","11":"tag-deportes","12":"tag-destinara","13":"tag-es","14":"tag-espana","15":"tag-estadio","16":"tag-euros","17":"tag-fachada","18":"tag-junta","19":"tag-millones","20":"tag-reformar","21":"tag-spain","22":"tag-sports"},"share_on_mastodon":{"url":"https:\/\/pubeurope.com\/@es\/115450604958021359","error":""},"_links":{"self":[{"href":"https:\/\/www.europesays.com\/es\/wp-json\/wp\/v2\/posts\/205008","targetHints":{"allow":["GET"]}}],"collection":[{"href":"https:\/\/www.europesays.com\/es\/wp-json\/wp\/v2\/posts"}],"about":[{"href":"https:\/\/www.europesays.com\/es\/wp-json\/wp\/v2\/types\/post"}],"author":[{"embeddable":true,"href":"https:\/\/www.europesays.com\/es\/wp-json\/wp\/v2\/users\/2"}],"replies":[{"embeddable":true,"href":"https:\/\/www.europesays.com\/es\/wp-json\/wp\/v2\/comments?post=205008"}],"version-history":[{"count":0,"href":"https:\/\/www.europesays.com\/es\/wp-json\/wp\/v2\/posts\/205008\/revisions"}],"wp:featuredmedia":[{"embeddable":true,"href":"https:\/\/www.europesays.com\/es\/wp-json\/wp\/v2\/media\/205009"}],"wp:attachment":[{"href":"https:\/\/www.europesays.com\/es\/wp-json\/wp\/v2\/media?parent=205008"}],"wp:term":[{"taxonomy":"category","embeddable":true,"href":"https:\/\/www.europesays.com\/es\/wp-json\/wp\/v2\/categories?post=205008"},{"taxonomy":"post_tag","embeddable":true,"href":"https:\/\/www.europesays.com\/es\/wp-json\/wp\/v2\/tags?post=205008"}],"curies":[{"name":"wp","href":"https:\/\/api.w.org\/{rel}","templated":true}]}}