{"id":205020,"date":"2025-10-28T07:32:10","date_gmt":"2025-10-28T07:32:10","guid":{"rendered":"https:\/\/www.europesays.com\/es\/205020\/"},"modified":"2025-10-28T07:32:10","modified_gmt":"2025-10-28T07:32:10","slug":"proxima-participacion-en-v-encuentro-cultura-preventiva-en-andalucia-con-el-iaprl","status":"publish","type":"post","link":"https:\/\/www.europesays.com\/es\/205020\/","title":{"rendered":"Pr\u00f3xima participaci\u00f3n en \u00abV Encuentro Cultura Preventiva en Andaluc\u00eda\u00bb con el IAPRL"},"content":{"rendered":"<p><a href=\"https:\/\/www.fraternidad.com\/es-ES\/fraternidad-muprespa\" rel=\"nofollow noopener\" target=\"_blank\">Fraternidad-Muprespa<\/a>,\u00a0<a href=\"https:\/\/www.fraternidad.com\/es-ES\/mutua-colaboradora-con-la-seguridad-social\" rel=\"nofollow noopener\" target=\"_blank\">Mutua Colaboradora con la Seguridad Social<\/a>\u00a0 n\u00ba 275, participa en el<strong>\u00a0\u00ab<\/strong><strong>V Encuentro Cultura Preventiva en Andaluc\u00eda<\/strong><strong>\u201d<\/strong>, organizado por el <strong>I<\/strong><strong>nstituto Andaluz de Prevenci\u00f3n de Riesgos Laborales<\/strong>,<strong>\u00a0<\/strong>que se realizar\u00e1 los d\u00edas<strong> 30 y 31\u00a0de octubre <\/strong>en el\u00a0<strong>Palacio de Congresos de C\u00f3rdoba.<\/strong><\/p>\n<p>En esta edici\u00f3n con el lema <strong>&#8216;Prevenci\u00f3n obligatoria en seguridad laboral&#8217;, <\/strong>los distintos agentes sociales y econ\u00f3micos, el mundo empresarial, la poblaci\u00f3n trabajadora y los responsables de las pol\u00edticas de seguridad y <a href=\"https:\/\/www.fraternidad.com\/es-ES\/salud-laboral\" class=\"use-ajax dictionary-word\" data-dialog-type=\"modal\" rel=\"nofollow noopener\" target=\"_blank\">salud laboral<\/a>, compartir\u00e1n sus experiencias y herramientas para abordar los temas destacados en este encuentro:<strong> <\/strong>el compromiso, la dinamizaci\u00f3n y aprendizaje.\u00a0<\/p>\n<p>En representaci\u00f3n de la Mutua interviene\u00a0<strong>Mar Morales Gonz\u00e1lez,<\/strong> directora Dpto. Prevenci\u00f3n y Cultura de la Salud que participa el jueves <strong>30 de octubre a las <\/strong><strong>16:00 h <\/strong>en la <strong>Mesa 2:\u00a0\u201cLa visi\u00f3n de las Mutuas\u201d, <\/strong>en la que se explicaran las actividades preventivas que realizan las MCSS, y la diferencia con las que realizan los Servicios de Prevenci\u00f3n Ajenos.\u00a0<\/p>\n<p>Puedes <strong>inscribirte <\/strong>para asistir al evento haciendo clic en el siguiente<strong> enlace:<\/strong><\/p>\n<p class=\"text-featured\"><a href=\"https:\/\/www.juntadeandalucia.es\/organismos\/iaprl\/servicios\/actualidad\/eventos\/detalle\/606820.html\" rel=\"nofollow noopener\" target=\"_blank\"><strong>V Encuentro Cultura Preventiva en Andaluc\u00eda &#8211; Agenda &#8211; Junta de Andaluc\u00eda<\/strong><\/a><\/p>\n","protected":false},"excerpt":{"rendered":"Fraternidad-Muprespa,\u00a0Mutua Colaboradora con la Seguridad Social\u00a0 n\u00ba 275, participa en el\u00a0\u00abV Encuentro Cultura Preventiva en Andaluc\u00eda\u201d, organizado por&hellip;\n","protected":false},"author":2,"featured_media":205021,"comment_status":"","ping_status":"","sticky":false,"template":"","format":"standard","meta":{"footnotes":""},"categories":[5],"tags":[31860,15691,17,18,25,24,13,14,31862,31861,11,19,20,31863,31855,31859,31854,31858,31856,31864,31857,9,10,15,16,23,12,21,22],"class_list":{"0":"post-205020","1":"post","2":"type-post","3":"status-publish","4":"format-standard","5":"has-post-thumbnail","7":"category-titulares","8":"tag-accidente-trabajo","9":"tag-accidentes-laborales","10":"tag-breaking-news","11":"tag-breakingnews","12":"tag-es","13":"tag-espana","14":"tag-featured-news","15":"tag-featurednews","16":"tag-fraternidad","17":"tag-fraternidad-muprespa","18":"tag-headlines","19":"tag-latest-news","20":"tag-latestnews","21":"tag-muprespa","22":"tag-mutua","23":"tag-mutua-accidentes-laborales","24":"tag-mutua-de-accidentes","25":"tag-mutua-de-accidentes-de-trabajo","26":"tag-mutuas","27":"tag-mutuas-colaboradoras-de-la-seguridad-social","28":"tag-mutuas-de-accidentes","29":"tag-news","30":"tag-noticias","31":"tag-noticias-destacadas","32":"tag-noticiasdestacadas","33":"tag-spain","34":"tag-titulares","35":"tag-ultimas-noticias","36":"tag-ultimasnoticias"},"share_on_mastodon":{"url":"","error":"Validation failed: Text character limit of 500 exceeded"},"_links":{"self":[{"href":"https:\/\/www.europesays.com\/es\/wp-json\/wp\/v2\/posts\/205020","targetHints":{"allow":["GET"]}}],"collection":[{"href":"https:\/\/www.europesays.com\/es\/wp-json\/wp\/v2\/posts"}],"about":[{"href":"https:\/\/www.europesays.com\/es\/wp-json\/wp\/v2\/types\/post"}],"author":[{"embeddable":true,"href":"https:\/\/www.europesays.com\/es\/wp-json\/wp\/v2\/users\/2"}],"replies":[{"embeddable":true,"href":"https:\/\/www.europesays.com\/es\/wp-json\/wp\/v2\/comments?post=205020"}],"version-history":[{"count":0,"href":"https:\/\/www.europesays.com\/es\/wp-json\/wp\/v2\/posts\/205020\/revisions"}],"wp:featuredmedia":[{"embeddable":true,"href":"https:\/\/www.europesays.com\/es\/wp-json\/wp\/v2\/media\/205021"}],"wp:attachment":[{"href":"https:\/\/www.europesays.com\/es\/wp-json\/wp\/v2\/media?parent=205020"}],"wp:term":[{"taxonomy":"category","embeddable":true,"href":"https:\/\/www.europesays.com\/es\/wp-json\/wp\/v2\/categories?post=205020"},{"taxonomy":"post_tag","embeddable":true,"href":"https:\/\/www.europesays.com\/es\/wp-json\/wp\/v2\/tags?post=205020"}],"curies":[{"name":"wp","href":"https:\/\/api.w.org\/{rel}","templated":true}]}}