{"id":205024,"date":"2025-10-28T07:40:10","date_gmt":"2025-10-28T07:40:10","guid":{"rendered":"https:\/\/www.europesays.com\/es\/205024\/"},"modified":"2025-10-28T07:40:10","modified_gmt":"2025-10-28T07:40:10","slug":"bartomeu-bauca-impulsor-del-baloncesto-en-inca-pregonero-del-dijous-bo","status":"publish","type":"post","link":"https:\/\/www.europesays.com\/es\/205024\/","title":{"rendered":"Bartomeu Bau\u00e7\u00e0, impulsor del baloncesto en Inca, pregonero del Dijous Bo"},"content":{"rendered":"<p>El inquer <a href=\"https:\/\/www.ultimahora.es\/etiqueta\/Bartomeu+Bau%C3%A7%C3%A0.html?utm_source=Inline-tag&amp;utm_medium=internal\" rel=\"nofollow noopener\" target=\"_blank\">Bartomeu Bau\u00e7\u00e0<\/a> Arrom ser\u00e1 el encargado de pronunciar el preg\u00f3n del <a href=\"https:\/\/www.ultimahora.es\/etiqueta\/Dijous+Bo.html?utm_source=Inline-tag&amp;utm_medium=internal\" rel=\"nofollow noopener\" target=\"_blank\">Dijous Bo<\/a> 2025, que tendr\u00e1 lugar el viernes 7 de noviembre a las 20:30 horas, en el Teatre Principal d\u2019Inca. El acto que da inicio a la feria m\u00e1s conocida de cuantas se celebran en Mallorca, contar\u00e1 con las actuaciones del Orfe\u00f3 l\u2019Harpa d\u2019Inca y del quinteto de la Orquestra de Cambra de Mallorca, con la participaci\u00f3n del tenor Jos\u00e9 Manuel S\u00e1nchez y de la soprano Aina Campaner.<\/p>\n<p>El Ajuntament d\u2019Inca ha se\u00f1alado a Bartomeu Bau\u00e7\u00e0 como \u00abuna persona muy querida y reconocida en la ciudad\u00bb. Nacido y criado en la Avinguda de Lluc, aprendi\u00f3 el oficio de fontanero con su t\u00edo Andreu Arrom y, a\u00f1os m\u00e1s tarde, fund\u00f3 junto a su cu\u00f1ado la empresa Bau\u00e7\u00e0 Rubert Instal\u00b7lacions (BRI). \u00abComprometido con la vida social y deportiva de Inca, Bau\u00e7\u00e0 ha sido uno de los grandes impulsores del baloncesto en la ciudad: en 2012 particip\u00f3 en la creaci\u00f3n del Club B\u00e0squet Ciutat d\u2019Inca, del cual ha sido presidente durante doce a\u00f1os, y tambi\u00e9n es uno de los fundadores del Club B\u00e0squet Dijous Bo, una entidad que lleva con orgullo el nombre del d\u00eda m\u00e1s grande de Inca\u00bb, suraya el consistorio.<\/p>\n<p>Trayectoria<\/p>\n<p>Su trayectoria deportiva y social lo han catapultado a ocupar cargos de responsabilidad m\u00e1s all\u00e1 de Inca, como la vicepresidencia de la Federaci\u00f3n de Baloncesto de las Illes Balears y la participaci\u00f3n como patr\u00f3n de la Fundaci\u00f3 FEBIB 1935, que impulsa el lado solidario y humano del baloncesto en la comunidad aut\u00f3noma.<\/p>\n<p>El alcalde de Inca, <a href=\"https:\/\/www.ultimahora.es\/etiqueta\/Virgilio+Moreno.html?utm_source=Inline-tag&amp;utm_medium=internal\" rel=\"nofollow noopener\" target=\"_blank\">Virgilio Moreno<\/a>, ha destacado que \u00abBartomeu Bau\u00e7\u00e0 representa como pocos el esp\u00edritu del Dijous Bo: el esfuerzo, el compromiso, la ilusi\u00f3n y el orgullo de ser de Inca. Es un inquense muy querido, vinculado especialmente al tejido deportivo, y estoy convencido de que nos ofrecer\u00e1 un preg\u00f3n lleno de sentimiento y amor por nuestra ciudad\u00bb.<\/p>\n<p>El preg\u00f3n marca el inicio de los actos m\u00e1s esperados del calendario pay\u00e9s de Mallorca. La imagen promocional del Dijous Bo, que se celebrar\u00e1 el pr\u00f3ximo 13 de noviembre, es obra del dise\u00f1ador gr\u00e1fico inuqer Pedro Ag\u00fcera y representa un homenaje al campo y a las tradiciones con un collage digital titulado Un altre any.<\/p>\n","protected":false},"excerpt":{"rendered":"El inquer Bartomeu Bau\u00e7\u00e0 Arrom ser\u00e1 el encargado de pronunciar el preg\u00f3n del Dijous Bo 2025, que tendr\u00e1&hellip;\n","protected":false},"author":2,"featured_media":205025,"comment_status":"","ping_status":"","sticky":false,"template":"","format":"standard","meta":{"footnotes":""},"categories":[269],"tags":[56090,299,56091,298,168,56092,25,24,56093,1528,1527,23,167,1529,21,56094],"class_list":{"0":"post-205024","1":"post","2":"type-post","3":"status-publish","4":"format-standard","5":"has-post-thumbnail","7":"category-baloncesto","8":"tag-ajuntament-dinca","9":"tag-baloncesto","10":"tag-bartomeu-bauca","11":"tag-basketball","12":"tag-deportes","13":"tag-dijous-bo","14":"tag-es","15":"tag-espana","16":"tag-ferias-en-mallorca","17":"tag-municipios-de-mallorca","18":"tag-part-forana","19":"tag-spain","20":"tag-sports","21":"tag-ultima-hora","22":"tag-ultimas-noticias","23":"tag-virgilio-moreno"},"share_on_mastodon":{"url":"https:\/\/pubeurope.com\/@es\/115450663848510698","error":""},"_links":{"self":[{"href":"https:\/\/www.europesays.com\/es\/wp-json\/wp\/v2\/posts\/205024","targetHints":{"allow":["GET"]}}],"collection":[{"href":"https:\/\/www.europesays.com\/es\/wp-json\/wp\/v2\/posts"}],"about":[{"href":"https:\/\/www.europesays.com\/es\/wp-json\/wp\/v2\/types\/post"}],"author":[{"embeddable":true,"href":"https:\/\/www.europesays.com\/es\/wp-json\/wp\/v2\/users\/2"}],"replies":[{"embeddable":true,"href":"https:\/\/www.europesays.com\/es\/wp-json\/wp\/v2\/comments?post=205024"}],"version-history":[{"count":0,"href":"https:\/\/www.europesays.com\/es\/wp-json\/wp\/v2\/posts\/205024\/revisions"}],"wp:featuredmedia":[{"embeddable":true,"href":"https:\/\/www.europesays.com\/es\/wp-json\/wp\/v2\/media\/205025"}],"wp:attachment":[{"href":"https:\/\/www.europesays.com\/es\/wp-json\/wp\/v2\/media?parent=205024"}],"wp:term":[{"taxonomy":"category","embeddable":true,"href":"https:\/\/www.europesays.com\/es\/wp-json\/wp\/v2\/categories?post=205024"},{"taxonomy":"post_tag","embeddable":true,"href":"https:\/\/www.europesays.com\/es\/wp-json\/wp\/v2\/tags?post=205024"}],"curies":[{"name":"wp","href":"https:\/\/api.w.org\/{rel}","templated":true}]}}