{"id":205039,"date":"2025-10-28T07:50:11","date_gmt":"2025-10-28T07:50:11","guid":{"rendered":"https:\/\/www.europesays.com\/es\/205039\/"},"modified":"2025-10-28T07:50:11","modified_gmt":"2025-10-28T07:50:11","slug":"osakidetza-adelanta-la-vacunacion-de-la-gripe-para-toda-la-poblacion-en-bizkaia-y-gipuzkoa-ante-el-aumento-de-casos","status":"publish","type":"post","link":"https:\/\/www.europesays.com\/es\/205039\/","title":{"rendered":"Osakidetza adelanta la vacunaci\u00f3n de la gripe para toda la poblaci\u00f3n en Bizkaia y Gipuzkoa ante el aumento de casos"},"content":{"rendered":"<p>\t\t\t\t\t<img width=\"880\" height=\"495\" src=\"https:\/\/www.europesays.com\/es\/wp-content\/uploads\/2025\/10\/fotonoticia_20251027182241_1920-e1761636262934-880x495.jpg\" class=\"attachment-noticia size-noticia wp-post-image\" alt=\"Osakidetza adelanta la vacunaci\u00f3n de la gripe para toda la poblaci\u00f3n en Bizkaia y Gipuzkoa ante el aumento de casos\" decoding=\"async\" fetchpriority=\"high\"  \/>\t\t\t\t<\/p>\n<p>         \t<a href=\"https:\/\/youtu.be\/FGteiP9boDE?rp_banner_movil\" target=\"_blank\" rel=\"nofollow noopener\" onclick=\"ga(&#039;send&#039;, &#039;event&#039;, &#039;Publicidad&#039;, &#039;Comercio Local 2\u00aa Ola&#039;, &#039;banner_movil&#039;, 1);\"><\/p>\n<p>\t\t\t \t\t\t\t\t \t\t\t\t\t \t<img decoding=\"async\" class=\"d-xl-none mb-3 w-100\" src=\"https:\/\/www.europesays.com\/es\/wp-content\/uploads\/2025\/10\/MuyPro_960x300_CAST.jpg\" alt=\"Banner de Comercio Local 2\u00aa Ola en Bilbao\" width=\"320\" height=\"100\" loading=\"lazy\"\/><\/p>\n<p>\t\t  \t<\/a><\/p>\n<p>El <strong>Departamento de Salud<\/strong> ha decidido adelantar la campa\u00f1a de vacunaci\u00f3n contra la gripe en <strong>Bizkaia<\/strong> y Gipuzkoa. Desde hoy, cualquier persona puede pedir cita previa en los centros de salud o a trav\u00e9s de la web de Osakidetza, ante el aumento de contagios registrado en ambos territorios. En \u00c1lava, por el momento, se mantiene el calendario original, aunque se evaluar\u00e1n posibles cambios seg\u00fan evolucione la incidencia.<\/p>\n<p>Bizkaia, el territorio con mayor incidencia<\/p>\n<p>Los datos reflejan un avance temprano del virus: Bizkaia alcanza los 118 casos por cada 100.000 habitantes, seguida de Gipuzkoa (45,24) y \u00c1lava (15,22). La incidencia media en Euskadi se sit\u00faa en 78,58 casos.<\/p>\n<p>El incremento de la actividad gripal tambi\u00e9n se nota en los hospitales. Las urgencias por gripe representan ya el 0,88% del total, con especial incidencia en el Hospital Santa Marina (3,53%), donde la ocupaci\u00f3n supera el 85%. En conjunto, la ocupaci\u00f3n media de camas en Euskadi rebasa el 75% y se espera que siga aumentando con la llegada de m\u00e1s actividad quir\u00fargica.<\/p>\n<p>Aumento claro de la transmisi\u00f3n<\/p>\n<p>Durante la semana del 20 al 26 de octubre, Osakidetza ha registrado 583 casos, frente a los 533 de la semana anterior, lo que confirma una subida sostenida en la transmisi\u00f3n del virus. Desde el inicio de la campa\u00f1a, el n\u00famero acumulado de casos (1.735) triplica el de a\u00f1os anteriores, alcanzando cifras habituales con un mes de antelaci\u00f3n.<\/p>\n<p>Tambi\u00e9n aumentan los ingresos hospitalarios, que suman 192 frente a los 21 del a\u00f1o pasado, y los ingresos en UCI, con 8 pacientes desde el inicio de la campa\u00f1a, frente a 1 y 3 en ejercicios anteriores. Seg\u00fan Osakidetza, la gripe se ha adelantado unas cuatro semanas respecto al a\u00f1o pasado, y su evoluci\u00f3n depender\u00e1 de factores como el clima y el ritmo de vacunaci\u00f3n.<\/p>\n<p>Refuerzo en Bilbao: vacunaci\u00f3n sin cita en La Casilla<\/p>\n<p>Para hacer frente a la alta demanda, Osakidetza mantiene en marcha el punto de vacunaci\u00f3n sin cita en La Casilla (Bilbao), abierto todos los d\u00edas de 08:00 a 20:00 horas. Desde su apertura el pasado viernes, 4.799 personas han recibido la vacuna.<\/p>\n<p>Desde el inicio de la campa\u00f1a el 6 de octubre, se han ofrecido 359.143 citas de vacunaci\u00f3n, de las cuales m\u00e1s de 100.000 son para mayores de 80 a\u00f1os y casi 19.000 para ni\u00f1os de entre 6 meses y 5 a\u00f1os.<\/p>\n<p>Osakidetza y el Departamento de Salud insisten en la importancia de la vacunaci\u00f3n, especialmente entre ni\u00f1os, j\u00f3venes y personas de riesgo, recordando que la vacuna es la mejor herramienta para prevenir la gripe o evitar complicaciones de salud.<\/p>\n","protected":false},"excerpt":{"rendered":"El Departamento de Salud ha decidido adelantar la campa\u00f1a de vacunaci\u00f3n contra la gripe en Bizkaia y Gipuzkoa.&hellip;\n","protected":false},"author":2,"featured_media":205040,"comment_status":"","ping_status":"","sticky":false,"template":"","format":"standard","meta":{"footnotes":""},"categories":[92],"tags":[25,24,7749,165,6115,166,23,7589],"class_list":{"0":"post-205039","1":"post","2":"type-post","3":"status-publish","4":"format-standard","5":"has-post-thumbnail","7":"category-salud","8":"tag-es","9":"tag-espana","10":"tag-gripe","11":"tag-health","12":"tag-osakidetza","13":"tag-salud","14":"tag-spain","15":"tag-vacunacion"},"share_on_mastodon":{"url":"https:\/\/pubeurope.com\/@es\/115450703185068658","error":""},"_links":{"self":[{"href":"https:\/\/www.europesays.com\/es\/wp-json\/wp\/v2\/posts\/205039","targetHints":{"allow":["GET"]}}],"collection":[{"href":"https:\/\/www.europesays.com\/es\/wp-json\/wp\/v2\/posts"}],"about":[{"href":"https:\/\/www.europesays.com\/es\/wp-json\/wp\/v2\/types\/post"}],"author":[{"embeddable":true,"href":"https:\/\/www.europesays.com\/es\/wp-json\/wp\/v2\/users\/2"}],"replies":[{"embeddable":true,"href":"https:\/\/www.europesays.com\/es\/wp-json\/wp\/v2\/comments?post=205039"}],"version-history":[{"count":0,"href":"https:\/\/www.europesays.com\/es\/wp-json\/wp\/v2\/posts\/205039\/revisions"}],"wp:featuredmedia":[{"embeddable":true,"href":"https:\/\/www.europesays.com\/es\/wp-json\/wp\/v2\/media\/205040"}],"wp:attachment":[{"href":"https:\/\/www.europesays.com\/es\/wp-json\/wp\/v2\/media?parent=205039"}],"wp:term":[{"taxonomy":"category","embeddable":true,"href":"https:\/\/www.europesays.com\/es\/wp-json\/wp\/v2\/categories?post=205039"},{"taxonomy":"post_tag","embeddable":true,"href":"https:\/\/www.europesays.com\/es\/wp-json\/wp\/v2\/tags?post=205039"}],"curies":[{"name":"wp","href":"https:\/\/api.w.org\/{rel}","templated":true}]}}