{"id":205041,"date":"2025-10-28T07:51:07","date_gmt":"2025-10-28T07:51:07","guid":{"rendered":"https:\/\/www.europesays.com\/es\/205041\/"},"modified":"2025-10-28T07:51:07","modified_gmt":"2025-10-28T07:51:07","slug":"pablo-motos-3-000-programas-de-el-hormiguero-una-pasada-y-una-confesion-jamas-contada-tenia-el-miedo-de-que-nos-iban-a-echar-el-mundo","status":"publish","type":"post","link":"https:\/\/www.europesays.com\/es\/205041\/","title":{"rendered":"Pablo Motos, 3.000 programas de El Hormiguero, una pasada y una confesi\u00f3n jam\u00e1s contada: &quot;Ten\u00eda el miedo de que nos iban a echar&quot; &#8211; El Mundo"},"content":{"rendered":"<ol>\n<li><a href=\"https:\/\/news.google.com\/rss\/articles\/CBMiiwFBVV95cUxPLU1INXNNaEd4YWRfaDVwYk84dVJlcGNtWFRYMGJ5QzZ3YmZaazVCNWExVmE1VFQwUENaZUdRWVlINHJkSTBGdkxIcHdhMEhwR1I4Y01TTGl0cnlOMVZfcHpRMDAydnRqNjhpSGJtNS1lajZTX2QwNlRtSXNxX09vUWVKeWxXVEtpek5z?oc=5\" target=\"_blank\" rel=\"nofollow noopener\">Pablo Motos, 3.000 programas de El Hormiguero, una pasada y una confesi\u00f3n jam\u00e1s contada: \u00abTen\u00eda el miedo de que nos iban a echar\u00bb<\/a>&nbsp;&nbsp;El Mundo<\/li>\n<li><a href=\"https:\/\/news.google.com\/rss\/articles\/CBMirwFBVV95cUxOSjEwTDdramV6VTZGQWNnQjZPOXhvZlZKS2pXcHBURDl6bDljSURYUDN4VUUxa2l6Q1EwRmc2MWJhVzRlSEdNdUl0VG41WXh3TUF3V2drX01VYzJiZWJUQksxQW1DWnREZFUzaTZSUHUtS3F6b1BYWmw5ZGtDZG9OeGJ4RlRtMUNjemljVURzUXY1T1FtY2kyZ2lza3d5Tnk2azlkd09TanMzMHdNVTJB?oc=5\" target=\"_blank\" rel=\"nofollow noopener\">Laura Pausini en \u2018El hormiguero\u2019: la charanga de una mujer infinita<\/a>&nbsp;&nbsp;EL PA\u00cdS<\/li>\n<li><a href=\"https:\/\/news.google.com\/rss\/articles\/CBMixwFBVV95cUxOU0d6YmsxajU4NVptdlMzVFZERERqamNyWVFwQ0hfRHFxS3Z6U2dPd0V6eHBSZGdBVXd6Q0JnX1FKMDdWQ25hdE1lTzJuaGJZRHVuMnVKVVdoQWstNGlQUmczT2hDeG9RSjZDWUNSMXVlVHRNbTUwS3AwTUgzUE82aXhNYnhUcW5NYnlsVVBRb1JVQ3M1QkJFQk1ybDI4bmpIU2ZEWnFBOU9KUjhuWGFGc1N4TU1jYzRvSHRLZFNPX1JIdVFrbnFV?oc=5\" target=\"_blank\" rel=\"nofollow noopener\">Motos celebra el programa 3.000 de &#8216;El Hormiguero&#8217;: \u00abL\u00f3gicamente, hay gente a la que no le gusto\u00bb<\/a>&nbsp;&nbsp;20Minutos<\/li>\n<li><a href=\"https:\/\/news.google.com\/rss\/articles\/CBMi1gFBVV95cUxQcUJhbUxxeGZOWE1mTkM5XzlmWk1XWHhEYi1FU3hDMTA4LUlrX2tPMzBZZ2xIb3JROUoyckVjV0w1cTdmdVJYN3VTSmsyYllUNC1XT0FOb0pPS0NON0dLUEJHYTlkd2pxa182REQyMG9FMEhHVHF0R1V0V3d3NlQtcUNCRWNFWEcwQ1cwUjMxUDZKdFZPd21VSGoyWTIwbW8wM0hTQnNSc25ZOV9BQUoxTDBjNGNFcE14TXctY1ViR1dxSzR1NWhCOWwzbG8wRi1IT3hFalhB0gHWAUFVX3lxTFB2b1JQVElQdjRHUVVnd0dWa1F3NlBCazhrVFRXX202Q3h0bDg1bUhLOUdqSGJBQmZRXzBxNkROWWJmMGY0bkw4bXJxdVpKZ3J5eW9KWnIwRmF0NTBWWUg3RDI3Y0FVWXFsc2NJQ0VUNi1kUFhwUW9mTTBqb3N3M2VfM3EyVUxEWFlzTnJKYnFjTWhWX1BrcjY3YktfbFJQUVRXbUEtVmszSjVSTnhqR2ZVdlo4Qkc2NXYybjdRTVVRQUVvTjMydTdLMlVtRi03VG80WXNDOFE?oc=5\" target=\"_blank\" rel=\"nofollow noopener\">As\u00ed ha sido la entrevista completa a Laura Pausini en el especial 3.000 programas de El Hormiguero<\/a>&nbsp;&nbsp;antena3.com<\/li>\n<li><a href=\"https:\/\/news.google.com\/rss\/articles\/CBMi0wFBVV95cUxPNE80Y3lJUk1BOEN4OENTTXNVTmtmWnVoMW42M21Ka3pPaEs5U2EwVTVTNU02X3dxTVRydEllelA0RGtDbnBXRENZOURtVkRWeVQ4ZFgxUmc5N1VmV0gzNzJoMm5HaHNGQzRaVHYzWWZVSlR0X0pub1U3NjMyeDcwb2xVMDBaVXZjcldqeTIzdVBlV3RQNlk2N0p2eS1ILUE1RHVjQVZYSWVwaXk3VllWYXAtN19GNVZLTzNIWlotcElVNGZoTjQtMkJUYzE4d0lldHRr0gHYAUFVX3lxTE5MUlg0RS1YLVppX3pMbFBndURzVVplbWNlTDVqaG1uSldraFJJQXJKV2c3VUNSOWFOZlBRQi1mU0FXUW1fMXl5bi1JdUlMV2pOYldwelAwdmRpVmdkMnBsWkw4Zko0clo4akl0VXdtTk5HOFJwLTZwa2dfaUJSNVZSbWhoZkk2c1JzWE9jSWZpeEROQjBWbGVTd1FLdnZWX2xkS0FrWWs2ZUt0Zm4wRTVhMXdVVlJVa2c0WmRXM3BWMlUxamZpTkJteU1FUjlzTGVXZnFyYUFhNg?oc=5\" target=\"_blank\" rel=\"nofollow noopener\">\u00abNo s\u00e9 si tendr\u00eda que contar esto\u00bb: Laura Pausini revela en &#8216;El hormiguero&#8217; su escatol\u00f3gico ritual antes de salir al escenario<\/a>&nbsp;&nbsp;El Confidencial<\/li>\n<\/ol>\n","protected":false},"excerpt":{"rendered":"Pablo Motos, 3.000 programas de El Hormiguero, una pasada y una confesi\u00f3n jam\u00e1s contada: \u00abTen\u00eda el miedo de&hellip;\n","protected":false},"author":2,"featured_media":205042,"comment_status":"","ping_status":"","sticky":false,"template":"","format":"standard","meta":{"footnotes":""},"categories":[91],"tags":[4040,5813,146,147,25,24,5812,23,807,32358],"class_list":{"0":"post-205041","1":"post","2":"type-post","3":"status-publish","4":"format-standard","5":"has-post-thumbnail","7":"category-entretenimiento","8":"tag-antena-3","9":"tag-el-hormiguero","10":"tag-entertainment","11":"tag-entretenimiento","12":"tag-es","13":"tag-espana","14":"tag-pablo-motos","15":"tag-spain","16":"tag-television","17":"tag-television-momentvs"},"share_on_mastodon":{"url":"https:\/\/pubeurope.com\/@es\/115450706880480041","error":""},"_links":{"self":[{"href":"https:\/\/www.europesays.com\/es\/wp-json\/wp\/v2\/posts\/205041","targetHints":{"allow":["GET"]}}],"collection":[{"href":"https:\/\/www.europesays.com\/es\/wp-json\/wp\/v2\/posts"}],"about":[{"href":"https:\/\/www.europesays.com\/es\/wp-json\/wp\/v2\/types\/post"}],"author":[{"embeddable":true,"href":"https:\/\/www.europesays.com\/es\/wp-json\/wp\/v2\/users\/2"}],"replies":[{"embeddable":true,"href":"https:\/\/www.europesays.com\/es\/wp-json\/wp\/v2\/comments?post=205041"}],"version-history":[{"count":0,"href":"https:\/\/www.europesays.com\/es\/wp-json\/wp\/v2\/posts\/205041\/revisions"}],"wp:featuredmedia":[{"embeddable":true,"href":"https:\/\/www.europesays.com\/es\/wp-json\/wp\/v2\/media\/205042"}],"wp:attachment":[{"href":"https:\/\/www.europesays.com\/es\/wp-json\/wp\/v2\/media?parent=205041"}],"wp:term":[{"taxonomy":"category","embeddable":true,"href":"https:\/\/www.europesays.com\/es\/wp-json\/wp\/v2\/categories?post=205041"},{"taxonomy":"post_tag","embeddable":true,"href":"https:\/\/www.europesays.com\/es\/wp-json\/wp\/v2\/tags?post=205041"}],"curies":[{"name":"wp","href":"https:\/\/api.w.org\/{rel}","templated":true}]}}