{"id":205044,"date":"2025-10-28T07:54:09","date_gmt":"2025-10-28T07:54:09","guid":{"rendered":"https:\/\/www.europesays.com\/es\/205044\/"},"modified":"2025-10-28T07:54:09","modified_gmt":"2025-10-28T07:54:09","slug":"hanno-pevkur-ministro-de-defensa-de-estonia-me-temo-que-el-2-del-pib-en-defensa-no-es-suficiente-para-espana-internacional","status":"publish","type":"post","link":"https:\/\/www.europesays.com\/es\/205044\/","title":{"rendered":"Hanno Pevkur, ministro de Defensa de Estonia: \u201cMe temo que el 2% del PIB en defensa no es suficiente para Espa\u00f1a\u201d | Internacional"},"content":{"rendered":"<p class=\"\">El pasado 19 de septiembre, varios cazas rusos MiG-31 <a href=\"https:\/\/elpais.com\/internacional\/2025-09-19\/estonia-acusa-a-rusia-de-violar-su-espacio-aereo-con-tres-cazas.html\" target=\"_self\" rel=\"nofollow noopener\" title=\"https:\/\/elpais.com\/internacional\/2025-09-19\/estonia-acusa-a-rusia-de-violar-su-espacio-aereo-con-tres-cazas.html\">violaron el espacio a\u00e9reo de Estonia<\/a> durante 12 largos minutos. Los pilotos italianos de la misi\u00f3n de polic\u00eda a\u00e9rea del B\u00e1ltico, desplegada por la OTAN, llegaron a establecer contacto visual y les hicieron la se\u00f1al internacional con la mano que significa \u201cs\u00edgueme\u201d. Los rusos la ignoraron. \u201cO eres inimaginablemente est\u00fapido al no entender lo que significa, o lo haces deliberadamente\u201d, afirma Hanno Pevkur (Iisaku, 48 a\u00f1os), ministro de Defensa de Estonia, que tiene claro que la respuesta correcta es la segunda. <\/p>\n<p class=\"\">Para la peque\u00f1a rep\u00fablica b\u00e1ltica \u2014independizada de la Uni\u00f3n Sovi\u00e9tica en 1991 y con casi 300 kil\u00f3metros de frontera con Rusia\u2014, la incursi\u00f3n supone un nuevo toque de atenci\u00f3n sobre la necesidad de defender el flanco noreste de la Alianza Atl\u00e1ntica. Pevkur, que atendi\u00f3 a EL PA\u00cdS <a href=\"https:\/\/elpais.com\/internacional\/2025-10-20\/el-ministro-de-defensa-de-estonia-advierte-sobre-rusia-todos-tenemos-que-estar-preparados.html\" target=\"_self\" rel=\"nofollow noopener\" title=\"https:\/\/elpais.com\/internacional\/2025-10-20\/el-ministro-de-defensa-de-estonia-advierte-sobre-rusia-todos-tenemos-que-estar-preparados.html\">durante el foro World in Progress<\/a> celebrado en Barcelona, cree que todos los aliados deber\u00edan sentirse amenazados por Mosc\u00fa, independientemente de la distancia que los separe. <\/p>\n<p class=\"\"><b>Pregunta. <\/b><a href=\"https:\/\/elpais.com\/internacional\/2025-09-19\/estonia-acusa-a-rusia-de-violar-su-espacio-aereo-con-tres-cazas.html\" target=\"_self\" rel=\"nofollow noopener\" title=\"https:\/\/elpais.com\/internacional\/2025-09-19\/estonia-acusa-a-rusia-de-violar-su-espacio-aereo-con-tres-cazas.html\">Cazas rusos en el cielo de Estonia<\/a>, en el de Polonia, drones en Dinamarca. \u00bfQu\u00e9 busca Mosc\u00fa?<\/p>\n<p class=\"\"><b>Respuesta.<\/b> Quiere que dejemos de prestar atenci\u00f3n a Ucrania y desestabilizarnos para que reduzcamos la ayuda militar. El objetivo estrat\u00e9gico siempre ha sido romper la solidaridad entre europeos para que algunos dejen de ayudar a Kiev y se centren en sus propios asuntos. <\/p>\n<p class=\"\"><b>P. <\/b>\u00bfEs tambi\u00e9n un desaf\u00edo a la OTAN?<\/p>\n<p class=\"\"><b>R.<\/b> Por supuesto, tambi\u00e9n ponen a prueba los l\u00edmites para saber hasta d\u00f3nde pueden llegar, cu\u00e1l es el umbral del art\u00edculo 5. Tenemos que mantener la calma y la cabeza fr\u00eda, no podemos reaccionar de forma exagerada, pero tenemos que reaccionar. De manera proporcionada, sin caer en el p\u00e1nico. <\/p>\n<p class=\"\"><b>P.<\/b> \u00bfY se ha reaccionado bien a las incursiones de estas semanas?<\/p>\n<p class=\"\"><b>R.<\/b> Las reacciones han sido proporcionales, positivas y han mostrado solidaridad. Y Rusia no ha conseguido nada desde el punto de vista estrat\u00e9gico; al contrario, ha empujado a la OTAN a invertir m\u00e1s en defensa. <\/p>\n<p class=\"\"><b>P.<\/b> \u00bfCu\u00e1l es el objetivo final de Putin?<\/p>\n<p class=\"\"><b>R.<\/b> Basta recordar <a href=\"https:\/\/elpais.com\/diario\/2007\/03\/02\/internacional\/1172790020_850215.html\" target=\"_self\" rel=\"nofollow noopener\" title=\"https:\/\/elpais.com\/diario\/2007\/03\/02\/internacional\/1172790020_850215.html\">el discurso de la Conferencia de Seguridad de M\u00fanich<\/a> de 2007. Inmediatamente despu\u00e9s lanz\u00f3 el primer ciberataque contra Estonia y desde entonces los hemos sufrido a diario, a cientos. Est\u00e1 claro que le gustar\u00eda restablecer el Imperio Ruso, y como no puede hacerlo, y sabe que no puede, pone a prueba a Occidente, pieza a pieza, bocado a bocado, hasta ver a d\u00f3nde puede llegar. Tambi\u00e9n dijo en 2021 que quiere que haya una zona de amortiguamiento entre la OTAN y Rusia, con las tropas de la OTAN muy lejos de la frontera. Por cierto, hace 20 a\u00f1os el mismo Putin dijo que Ucrania ten\u00eda derecho a elegir d\u00f3nde quer\u00eda estar, la OTAN o la Uni\u00f3n Europa. Despu\u00e9s invadi\u00f3 Crimea y en 2022 inici\u00f3 la guerra de agresi\u00f3n a gran escala. <\/p>\n<p class=\"\"><b>P. <\/b> Si Ucrania finalmente consigue los Tomahawks de Estados Unidos, \u00bfcambiar\u00eda el rumbo de la guerra?<\/p>\n<p class=\"\"><b>R.<\/b> No lo creo. Ucrania ya ha atacado con misiles y drones a 2.000 kil\u00f3metros de la frontera. No ser\u00eda un punto de inflexi\u00f3n, sino una cuesti\u00f3n mental, psicol\u00f3gica. Cada avance importa. Hace cuatro a\u00f1os se hablaba de enviar sistemas de artiller\u00eda. <a href=\"https:\/\/elpais.com\/internacional\/2023-01-13\/libera-los-leopard-los-aliados-aumentan-la-presion-para-que-alemania-envie-a-ucrania-sus-poderosos-carros-de-combate.html\" target=\"_self\" rel=\"nofollow noopener\" title=\"https:\/\/elpais.com\/internacional\/2023-01-13\/libera-los-leopard-los-aliados-aumentan-la-presion-para-que-alemania-envie-a-ucrania-sus-poderosos-carros-de-combate.html\">Luego surgi\u00f3 la cuesti\u00f3n de los tanques<\/a>, y Alemania acab\u00f3 mandando los Leopard. Luego fueron los aviones de combate, y ahora hay F-16 en Ucrania. Tenemos que decidir si queremos ayudar a Ucrania a librar esta guerra o a ganarla. <\/p>\n<blockquote class=\"a_q\">\n<p>Tenemos que decidir si queremos ayudar a Ucrania a librar esta guerra o a ganarla\u00bb<\/p>\n<\/blockquote>\n<p class=\"\"><b>P.<\/b> Dec\u00eda que es una cuesti\u00f3n psicol\u00f3gica, una l\u00ednea roja. \u00bfC\u00f3mo podr\u00eda reaccionar Rusia si EE UU autoriza los Tomahawk? <\/p>\n<p class=\"\"><b>R. <\/b>Est\u00e1n constantemente advirtiendo a los estadounidenses \u2018no lo hag\u00e1is, no lo hag\u00e1is\u2019 y diciendo que es una escalada, pero el \u00fanico que escala es Rusia. Empezaron a usar bombas de f\u00f3sforo, armamento prohibido, violan a ni\u00f1os y mujeres y cometen cr\u00edmenes de guerra. Amenazan a Ucrania y al mundo con un ataque nuclear, as\u00ed que volver\u00e1n a usar el discurso de que Occidente y Ucrania est\u00e1n escalando y no tienen m\u00e1s opci\u00f3n que responder. En realidad sabemos que no tienen l\u00edmites y que nunca los han tenido.<\/p>\n<p class=\"\"><b>P. <\/b> \u00bfComparte <a href=\"https:\/\/elpais.com\/internacional\/2025-10-22\/trump-reprende-otra-vez-a-espana-por-no-subir-el-gasto-militar-no-es-un-companero-de-equipo.html\" target=\"_self\" rel=\"nofollow noopener\" title=\"https:\/\/elpais.com\/internacional\/2025-10-22\/trump-reprende-otra-vez-a-espana-por-no-subir-el-gasto-militar-no-es-un-companero-de-equipo.html\">los temores de Trump de que Espa\u00f1a no est\u00e9 lo suficientemente comprometida<\/a> con su contribuci\u00f3n a la OTAN?<\/p>\n<p class=\"\"><b>R.<\/b> Esto es una cuesti\u00f3n de solidaridad, y de ver lo que hemos acordado conjuntamente en la OTAN. Es importante que cada pa\u00eds haga lo que le corresponde. Nosotros estamos haciendo m\u00e1s de lo que nos pide la OTAN porque Rusia es nuestro vecino y eso es algo que no podemos cambiar. <\/p>\n<p class=\"\"><b>R.<\/b> Superar\u00e1n el 5% el a\u00f1o que viene.<\/p>\n<p class=\"\"><b>P.<\/b> S\u00ed, y lo mismo est\u00e1n haciendo Lituania, Letonia y Polonia, porque nos tomamos muy en serio el art\u00edculo 3 y tenemos que estar preparados para defendernos. Luego viene el art\u00edculo 5, la defensa colectiva, en cuyos principios estamos todos de acuerdo. Si nos fijamos en la rapidez con la que tenemos que actuar para cumplir los objetivos de capacidades, me temo que el 2% no es suficiente para Espa\u00f1a. No sabr\u00eda decir cu\u00e1l es el porcentaje adecuado. Corresponde a los expertos espa\u00f1oles calcular si es un 3% o un 3,5%, pero la semana pasada tuvimos una primera visi\u00f3n general en la OTAN y queda mucho por hacer en todos los pa\u00edses. <\/p>\n<p class=\"\"><b>P.<\/b> \u00bfQu\u00e9 est\u00e1 haciendo Europa para disuadir a Rusia de manera cre\u00edble? <\/p>\n<p class=\"\"><b>R.<\/b> En Europa necesitamos asumir m\u00e1s responsabilidades. Hemos dependido demasiado de Estados Unidos. Acordamos un 3,5% para 2035, pero est\u00e1 claro que no tenemos tiempo. Cuando termine esta guerra en Ucrania, Rusia traer\u00e1 a la frontera de la OTAN m\u00e1s armamento y tropas. Hoy tienen un mill\u00f3n de personas en Ucrania, m\u00e1s o menos. \u00bfQu\u00e9 creemos? \u00bfQue volver\u00e1n a Siberia a trabajar en el campo? \u00a1No!<\/p>\n<p class=\"\"><b>P.<\/b> \u00bfEst\u00e1 Europa en condiciones de rearmarse y lograr la autonom\u00eda militar sin el apoyo de EE UU?<\/p>\n<p class=\"\"><b>R.<\/b> Absolutamente. Somos 500 millones de personas y tenemos m\u00e1s o menos el mismo PIB que EE UU. Claro que tenemos la capacidad. Podemos y debemos hacerlo y no deber\u00edamos tardar 10 a\u00f1os. Cuando no se cuenta con una fuerza cre\u00edble, no se est\u00e1 disuadiendo lo suficiente a Rusia. <\/p>\n<p class=\"\"><b>P.<\/b> \u00bfEs realista hablar de una coalici\u00f3n industrial paneuropea, por ejemplo, para producir en masa drones u otros tipos de armas? <\/p>\n<p class=\"\"><b>R. <\/b> No es necesario juntar 27 sistemas. Se trata simplemente de tener los mismos est\u00e1ndares. La clave es la estandardizaci\u00f3n de los sistemas de armas y las adquisiciones conjuntas. <\/p>\n<p class=\"\">P. Tambi\u00e9n hay voces que proponen un ej\u00e9rcito europeo. \u00bfQu\u00e9 le parece?<\/p>\n<p class=\"\"><b>R.<\/b> La planificaci\u00f3n de la defensa y la planificaci\u00f3n militar son tarea de la OTAN. Lo que puede hacer la UE es acelerar la desregulaci\u00f3n. Necesitamos un Schengen militar que nos permita avanzar con rapidez si es necesario traer algo de Espa\u00f1a a Estonia, sin tener que tramitar ning\u00fan papeleo para ello. La UE tambi\u00e9n puede decidir colectivamente si ayuda a los Estados miembros mediante la financiaci\u00f3n y las adquisiciones conjuntas, como se hizo durante la crisis migratoria. <\/p>\n<p class=\"\"><b>P.<\/b> \u00bfTeme un conflicto directo de la OTAN con Rusia en un futuro pr\u00f3ximo? <\/p>\n<p class=\"\"><b>R. <\/b>La OTAN es una alianza defensiva. No atacaremos a Rusia. Pero cuando Rusia ataque a la OTAN, responderemos y responderemos con rapidez y firmeza. Por lo tanto, tenemos que dejar muy claro, todos nosotros, que la OTAN es fuerte, que la OTAN est\u00e1 unida y que la disuasi\u00f3n funciona. Por eso estoy muy agradecido por el hecho de que Espa\u00f1a lidere la misi\u00f3n de control a\u00e9reo del B\u00e1ltico y tambi\u00e9n por el despliegue del [sistema de misiles] NASAMS en Estonia, porque esta es la clave de la disuasi\u00f3n.<\/p>\n<p class=\"\"><b>P.<\/b> Ustedes se est\u00e1n preparando para lo peor. \u00bfC\u00f3mo? <\/p>\n<p class=\"\"><b>R. <\/b> En 2022 empezamos a aumentar r\u00e1pidamente nuestros gastos de defensa. Hoy estamos en un nivel del 3,3% o el 3,4%, y el a\u00f1o que viene subiremos a cinco y dentro de cuatro a\u00f1os incluso por encima del 5,6%. <\/p>\n<p class=\"\"><b>P. <\/b>\u00bfC\u00f3mo preparar a la poblaci\u00f3n para esa posibilidad, especialmente en un pa\u00eds que ve muy lejos a Rusia?<\/p>\n<p class=\"\"><b>R. <\/b>Con sinceridad. No se puede esconder la cabeza bajo el ala y hacer como que no sucede. Hoy 2.000 kil\u00f3metros en una guerra no son distancia. Un misil de crucero tarda 15 o 20 minutos m\u00e1s en volar a Berl\u00edn o Par\u00eds. Los misiles, los drones, los ciberataques no entienden de fronteras. Hay que entender que, cuando hablamos de amenazas h\u00edbridas, ning\u00fan pa\u00eds es intocable. <\/p>\n<blockquote class=\"a_q\">\n<p>Hoy 2.000 kil\u00f3metros en una guerra no son distancia. Un misil de crucero solo tarda 15 o 20 minutos m\u00e1s en volar a Berl\u00edn o Par\u00eds<\/p>\n<\/blockquote>\n<p class=\"\"><b>P.<\/b> Varios pa\u00edses han sufrido incursiones supuestamente rusas como ustedes.<\/p>\n<p class=\"\"><b>R. <\/b>Aviones no tripulados entraron en el espacio a\u00e9reo de Dinamarca. Francia tuvo que detener un buque de la flota fantasma rusa.<b> <\/b>Hay que ser realistas. Supongamos que uno de estos buques est\u00e1 en el Mediterr\u00e1neo, a 20 millas n\u00e1uticas de la costa espa\u00f1ola. Abre un contenedor y salen decenas de drones Shahed. Tardar\u00edan 10 minutos en alcanzar territorio espa\u00f1ol. El mar est\u00e1 abierto, internet est\u00e1 abierto. Todos debemos enfrentarnos a esas amenazas. <\/p>\n<p class=\"\"><b>P.<\/b> Usted dice que es vital que Ucrania venza. \u00bfPor qu\u00e9? <\/p>\n<p class=\"\"><b>R.<\/b> Le contesto con una pregunta. \u00bfQueremos tener al ej\u00e9rcito ucranio, aproximadamente un mill\u00f3n de hombres y mujeres ucranios capaces de luchar contra los rusos, en nuestro bando o en el enemigo? \u00bfQueremos que la capacidad industrial que Ucrania tiene hoy est\u00e9 de nuestro lado o del lado ruso? Yo s\u00e9 la respuesta. Creo que todos la sabemos. Adem\u00e1s, apoyamos a Ucrania porque es lo correcto, porque luchan por los principios de la democracia, en lo que creemos en Espa\u00f1a, en Estonia y en Europa occidental. Est\u00e1n luchando por nosotros. <\/p>\n","protected":false},"excerpt":{"rendered":"El pasado 19 de septiembre, varios cazas rusos MiG-31 violaron el espacio a\u00e9reo de Estonia durante 12 largos&hellip;\n","protected":false},"author":2,"featured_media":205045,"comment_status":"","ping_status":"","sticky":false,"template":"","format":"standard","meta":{"footnotes":""},"categories":[42],"tags":[6980,17,18,1616,352,24,14552,13,14,7913,7082,11,61,62,63,64,19,20,9,10,15,16,1613,1614,12,21,22,7083,65,66,67],"class_list":{"0":"post-205044","1":"post","2":"type-post","3":"status-publish","4":"format-standard","5":"has-post-thumbnail","7":"category-internacional","8":"tag-armamento","9":"tag-breaking-news","10":"tag-breakingnews","11":"tag-defensa","12":"tag-donald-trump","13":"tag-espana","14":"tag-estonia","15":"tag-featured-news","16":"tag-featurednews","17":"tag-gasto-militar","18":"tag-guerra-de-rusia-en-ucrania","19":"tag-headlines","20":"tag-internacional","21":"tag-international","22":"tag-international-news","23":"tag-internationalnews","24":"tag-latest-news","25":"tag-latestnews","26":"tag-news","27":"tag-noticias","28":"tag-noticias-destacadas","29":"tag-noticiasdestacadas","30":"tag-otan","31":"tag-rusia","32":"tag-titulares","33":"tag-ultimas-noticias","34":"tag-ultimasnoticias","35":"tag-vladimir-putin","36":"tag-world","37":"tag-world-news","38":"tag-worldnews"},"share_on_mastodon":{"url":"","error":"Validation failed: Text character limit of 500 exceeded"},"_links":{"self":[{"href":"https:\/\/www.europesays.com\/es\/wp-json\/wp\/v2\/posts\/205044","targetHints":{"allow":["GET"]}}],"collection":[{"href":"https:\/\/www.europesays.com\/es\/wp-json\/wp\/v2\/posts"}],"about":[{"href":"https:\/\/www.europesays.com\/es\/wp-json\/wp\/v2\/types\/post"}],"author":[{"embeddable":true,"href":"https:\/\/www.europesays.com\/es\/wp-json\/wp\/v2\/users\/2"}],"replies":[{"embeddable":true,"href":"https:\/\/www.europesays.com\/es\/wp-json\/wp\/v2\/comments?post=205044"}],"version-history":[{"count":0,"href":"https:\/\/www.europesays.com\/es\/wp-json\/wp\/v2\/posts\/205044\/revisions"}],"wp:featuredmedia":[{"embeddable":true,"href":"https:\/\/www.europesays.com\/es\/wp-json\/wp\/v2\/media\/205045"}],"wp:attachment":[{"href":"https:\/\/www.europesays.com\/es\/wp-json\/wp\/v2\/media?parent=205044"}],"wp:term":[{"taxonomy":"category","embeddable":true,"href":"https:\/\/www.europesays.com\/es\/wp-json\/wp\/v2\/categories?post=205044"},{"taxonomy":"post_tag","embeddable":true,"href":"https:\/\/www.europesays.com\/es\/wp-json\/wp\/v2\/tags?post=205044"}],"curies":[{"name":"wp","href":"https:\/\/api.w.org\/{rel}","templated":true}]}}