{"id":205085,"date":"2025-10-28T08:31:12","date_gmt":"2025-10-28T08:31:12","guid":{"rendered":"https:\/\/www.europesays.com\/es\/205085\/"},"modified":"2025-10-28T08:31:12","modified_gmt":"2025-10-28T08:31:12","slug":"maria-guardiola-la-grupi-de-alejandro-sanz-y-numero-1-de-empresariales-que-llego-a-la-politica-casi-sin-querer","status":"publish","type":"post","link":"https:\/\/www.europesays.com\/es\/205085\/","title":{"rendered":"Mar\u00eda Guardiola, la grupi de Alejandro Sanz y n\u00famero 1 de Empresariales que lleg\u00f3 a la pol\u00edtica \u00abcasi sin querer\u00bb"},"content":{"rendered":"<p id=\"paragraph_1\">Extremadura encara de nuevo las urnas <a href=\"https:\/\/www.elespanol.com\/espana\/politica\/20251027\/guardiola-convoca-elecciones-anticipadas-extremadura-diciembre-bloqueo-psoe-vox-presupuesto\/1003743988359_0.html?utm_cmp_rs=linksinline\" rel=\"nofollow noopener\" target=\"_blank\">el pr\u00f3ximo 21 de diciembre<\/a> en un momento hist\u00f3rico: m\u00e1s de cuarenta a\u00f1os de autonom\u00eda y un ciclo pol\u00edtico que se resiste a cerrarse del todo. La larga sombra de <strong>Juan Carlos Rodr\u00edguez Ibarra<\/strong>, el cameo del PP en la Junta con <strong>Jos\u00e9 Antonio Monago<\/strong>, <a href=\"https:\/\/www.elespanol.com\/espana\/politica\/20230530\/vara-rectifica-dice-psoe-intentara-gobernar-extremadura\/767673631_0.html?utm_cmp_rs=linksinline\" rel=\"nofollow noopener\" target=\"_blank\">las dos etapas de <strong>Guillermo Fern\u00e1ndez Vara <\/strong><\/a>siguen marcando el pulso de una tierra que apenas ha conocido el cambio.<\/p>\n<p class=\"paragraph\" id=\"paragraph_2\">Hasta que irrumpi\u00f3, hace poco m\u00e1s de dos a\u00f1os, una figura inesperada: <a href=\"https:\/\/www.elespanol.com\/espana\/politica\/20230601\/maria-guardiola-feijoo-extremadura-no-gobierna-madrid\/768173606_0.html?utm_cmp_rs=linksinline\" rel=\"nofollow noopener\" target=\"_blank\">una se\u00f1ora rubia y heterodoxa<\/a>, curtida en su propia rebeld\u00eda y que quiso \u2014y quiere\u2014 gobernar Extremadura sin tutelas desde Madrid.<\/p>\n<p class=\"paragraph\" id=\"paragraph_3\"><strong>Mar\u00eda Guardiola<\/strong> (C\u00e1ceres, 1978), que en 2023 se convirti\u00f3 en la primera presidenta de la Junta de Extremadura tras pactar un acuerdo complejo pero decisivo con Vox, afronta ahora la reelecci\u00f3n desde un punto de partida radicalmente distinto.<\/p>\n<p class=\"paragraph\" id=\"paragraph_4\">Ya no es la candidata que desafiaba a su propio partido; es la presidenta que <strong>debe justificar su autonom\u00eda pol\u00edtica y demostrar que aquel grito<\/strong> \u2014\u00bbNuestra tierra no se gobierna desde Madrid\u00bb\u2014 no era un eslogan, sino un programa de gobierno.<\/p>\n<p class=\"paragraph\" id=\"paragraph_5\">Durante su mandato, Guardiola ha intentado equilibrar una agenda de identidad y gesti\u00f3n con el pragmatismo que exige gobernar en minor\u00eda.<\/p>\n<p class=\"paragraph\" id=\"paragraph_6\">Entre su prometida \u00abrevoluci\u00f3n fiscal\u00bb, la apuesta por la formaci\u00f3n tecnol\u00f3gica y su insistencia en <strong>\u00abdar voz al campo y a la peque\u00f1a empresa\u00bb<\/strong>, ha tejido una marca pol\u00edtica que mezcla liberalismo econ\u00f3mico con un acento social poco habitual en el PP. Quienes la acompa\u00f1an reconocen que no ha perdido su rasgo m\u00e1s distintivo: la independencia. Feij\u00f3o la respeta, aunque no siempre la comprende.<\/p>\n<p><img decoding=\"async\" alt=\"Mar\u00eda Guardiola y Alberto N\u00fa\u00f1ez Feij\u00f3o, el 11 de mayo de 2023, en Badajoz.\" data-imgm=\"true\" height=\"180\" loading=\"lazy\"  src=\"https:\/\/www.europesays.com\/es\/wp-content\/uploads\/2025\/10\/768434173_233665304_1024x576.jpg\"  width=\"320\"\/><\/p>\n<p>                                                            Mar\u00eda Guardiola y Alberto N\u00fa\u00f1ez Feij\u00f3o, el 11 de mayo de 2023, en Badajoz.<\/p>\n<p>                    Andr\u00e9s Rodr\u00edguez<\/p>\n<p>                    EP<\/p>\n<p class=\"paragraph\" id=\"paragraph_7\"><strong>\u00abExtremadura ten\u00eda que dejar de ser un decorado de telediario\u00bb<\/strong>, repite su entorno cuando se les pregunta por la campa\u00f1a que vuelve a dirigir la misma agencia sevillana que la aup\u00f3 en 2023.<\/p>\n<p class=\"paragraph\" id=\"paragraph_8\">Guardiola recorrer\u00e1 otra vez la regi\u00f3n como entonces: sin grandes m\u00edtines, entre plazas, cooperativas y mercados. \u00abHabla Extremadura\u00bb fue su exitoso lema, aunque esta vez sonar\u00e1 con un eco distinto \u2014el del balance\u2014.<\/p>\n<p class=\"paragraph\" id=\"paragraph_9\">Los suyos creen que llega reforzada. Sus detractores, dentro y fuera del partido, la acusan de haber cedido demasiado a Vox en materia agr\u00edcola y educativa. Ella responde sin levantar la voz: <strong>\u00abGobernar es pactar l\u00edmites\u00bb<\/strong>.<\/p>\n<p class=\"paragraph\" id=\"paragraph_10\">Entre tanto, Guardiola conserva la misma<strong> mezcla de firmeza y vulnerabilidad que la hizo reconocible<\/strong>. La presidenta que alguna vez tem\u00eda llorar en p\u00fablico ha aprendido a convertir la emoci\u00f3n en m\u00fasculo pol\u00edtico. \u00abEs muy emocional\u00bb, admite uno de sus colaboradores m\u00e1s antiguos, \u00abpero tambi\u00e9n incre\u00edblemente tenaz\u00bb.<\/p>\n<p>Oposici\u00f3n y pol\u00edtica<\/p>\n<p class=\"paragraph\" id=\"paragraph_11\">Rebobinemos un poco: \u00bfde d\u00f3nde viene esta mujer?<\/p>\n<p class=\"paragraph\" id=\"paragraph_12\">Mar\u00eda Guardiola es la mayor de cuatro hermanos \u2014tres mujeres y un hombre\u2014 de una familia cacere\u00f1a de clase media. La futura presidenta extreme\u00f1a, criada por su madre (t\u00e9cnico en educaci\u00f3n infantil) y su pareja, siempre sac\u00f3 buenas notas. Y arrim\u00f3 el hombre en casa: no es una pepera pija, sino una grupi de <strong>Alejandro Sanz <\/strong>con ciertos aires <strong>\u00abbarrieros\u00bb<\/strong> \u2014en el mejor de los sentidos\u2014 en las distancias cortas. Est\u00e1 casada y tiene dos hijos. <strong>\u00abPara qu\u00e9 te metes en esto con dos hijos que tienes\u00bb<\/strong>, le dijo Fern\u00e1ndez Vara en la primera reuni\u00f3n que mantuvo con ella tras tomar las riendas del partido.<\/p>\n<p><img loading=\"lazy\" decoding=\"async\" alt=\"La presidenta del PP extreme\u00f1o, Mar\u00eda Guardiola, junto a Feij\u00f3o durante la campa\u00f1a.\" height=\"180\" src=\"https:\/\/www.europesays.com\/es\/wp-content\/uploads\/2025\/10\/768183964_233629366_320x180.jpg\" width=\"320\" data-lazy-status=\"processed\" data-lazy-info=\"remove loading item 1\"\/><\/p>\n<p class=\"paragraph\" id=\"paragraph_13\"><strong>Dio clases particulares de matem\u00e1ticas, reparti\u00f3 gu\u00edas telef\u00f3nicas, trabaj\u00f3 en unos grandes almacenes.<\/strong> Licenciada en Administraci\u00f3n y Direcci\u00f3n de Empresas y diplomada en Ciencias Empresariales por la Universidad de Extremadura, tuvo el mejor expediente de su promoci\u00f3n. <\/p>\n<p class=\"paragraph\" id=\"paragraph_14\">Nunca estuvo afiliada a Nuevas Generaciones. Su primer contacto con la instituci\u00f3n que ahora presidir\u00e1 fueron unas pr\u00e1cticas tras terminar la carrera. Mientras, se prepar\u00f3 las oposiciones a la Administraci\u00f3n auton\u00f3mica.<strong> Se present\u00f3 a dos y aprob\u00f3 ambas.<\/strong><\/p>\n<p class=\"paragraph\" id=\"paragraph_15\">Aterriz\u00f3 en la pol\u00edtica durante el gobierno de Monago, entre 2011-2015, los \u00fanicos cuatro que los populares han gobernado en la regi\u00f3n, aunque pudo hacerlo antes. \u00ab<strong>Lleg\u00f3 a pol\u00edtica casi sin querer, ya se lo hab\u00edan ofrecido antes desde el PSOE<\/strong>. Le ha gustado y ha seguido con ello\u00bb, cont\u00f3 su padrastro a El Peri\u00f3dico de Extremadura.<\/p>\n<p class=\"paragraph\" id=\"paragraph_16\"> \u00ab<strong>Cristina Teniente<\/strong> [vicepresidenta con Monago] se la llev\u00f3 a la Vicepresidencia como secretaria general de Ciencia e Innovaci\u00f3n. Perdimos el gobierno en el 15, pero fue antes en las listas para el Ayuntamiento de C\u00e1ceres\u00bb, resume un ex alcalde popular extreme\u00f1o. <\/p>\n<p class=\"paragraph\" id=\"paragraph_17\">Entre 2015 y 2019 fue concejala de Hacienda con <strong>Elena Nevado<\/strong>, que gobern\u00f3 su \u00faltima legislatura como alcaldesa en coalici\u00f3n con Ciudadanos. En 2019, ya como n\u00famero 2 de la lista, en las quinielas incluso para ser la candidata, se fue a la oposici\u00f3n tras decantar Ciudadanos el gobierno municipal esta vez en favor del PSOE.<\/p>\n<p><img decoding=\"async\" alt=\"Mar\u00eda Guardiola y su familia desayunando en una churrer\u00eda de C\u00e1ceres, durante la jornada de reflexi\u00f3n, el 27 de mayo.\" data-imgm=\"true\" height=\"180\" loading=\"lazy\"  src=\"https:\/\/www.europesays.com\/es\/wp-content\/uploads\/2025\/10\/768434242_233667465_1024x576.jpg\"  width=\"320\"\/><\/p>\n<p>                                                            Mar\u00eda Guardiola y su familia desayunando en una churrer\u00eda de C\u00e1ceres, durante la jornada de reflexi\u00f3n, el 27 de mayo.<\/p>\n<p>                    PP de Extremadura<\/p>\n<p>El apoyo de Casero<\/p>\n<p class=\"paragraph\" id=\"paragraph_18\">Pero fue <strong>Alberto Casero<\/strong>, el secretario de Organizaci\u00f3n de Casado y mano derecha de <strong>Teodoro Garc\u00eda Egea<\/strong>, reclutador de muchos de los candidatos del PP exitosos este 28 de mayo, quien mejor vislumbr\u00f3 su potencial. Y as\u00ed se lo dijo, a bocajarro, a principios de julio de 2021, en un restaurante del Casco Antiguo de C\u00e1ceres, en el marco del congreso provincial del partido.<\/p>\n<p class=\"paragraph\" id=\"paragraph_19\"><strong>\u00ab\u00bfY t\u00fa por qu\u00e9 no te animas?<\/strong>\u00ab, le solt\u00f3 el cult\u00edsimo y denostado Kissinger de Trujillo. Guardiola se qued\u00f3 a cuadros. <strong>\u00abNecesitamos una mujer por primera vez, en Extremadura tenemos que ser rompedores para ganar\u00bb<\/strong>, insisti\u00f3 el hombre del voto tras tantearla.<\/p>\n<p><img decoding=\"async\" alt=\"La rebeli\u00f3n de Guardiola aflora tensiones de Feij\u00f3o con los barones: el l\u00edder no quiere gobiernos con Vox\" height=\"180\" loading=\"lazy\" width=\"320\" data-lazy-status=\"processed\" id=\"4766fb260b\" src=\"https:\/\/www.elespanol.com\/reportajes\/20251028\/maria-guardiola-numero-empresariales-niega-gobernada-madrid-espera-revalidar-triunfo\/[\" https:=\"\" data-lazy-info=\"changed src\"\/><\/p>\n<p class=\"paragraph\" id=\"paragraph_20\">La llam\u00f3 despu\u00e9s. No fue un globo sonda. Tambi\u00e9n gustaba mucho a <strong>V\u00edctor P\u00edriz<\/strong>, el otro diputado extreme\u00f1o del PP, gran amigo de Casero. <strong>Convencieron a G\u00e9nova.<\/strong> <strong>Francisco Pizarro<\/strong>, el alcalde de Plasencia que este 28-M concaten\u00f3 su cuarta mayor\u00eda absoluta, relevo natural de Monago por \u00e9l espoleado, se llev\u00f3 un pasmo de narices.<\/p>\n<p class=\"paragraph\" id=\"paragraph_21\">\u00ab<strong>Busc\u00e1bamos un nombre diferente, no ven\u00eda apadrinada por nadie<\/strong>, gana much\u00edsimo en las distancias cortas, s\u00f3lo ha hecho dos o tres m\u00edtines centrales grandes. No es mala en el atril, ojo, es opositora, se memoriza un discurso de 30 p\u00e1ginas y te lo suelta bien.<strong> Es una t\u00eda muy normal y sencilla.<\/strong> Tiene una visi\u00f3n m\u00e1s de ciudadana que de pol\u00edtica\u00bb, desgranan fuentes de la anterior direcci\u00f3n del PP.<\/p>\n<p class=\"paragraph\" id=\"paragraph_22\">Se present\u00f3 en G\u00e9nova para entrevistarse con Casado y Garc\u00eda Egea a finales de 2021. Luz verde. El 16 de febrero de 2022 \u2014el mismo que El Confidencial y El Mundo publicaron los espionajes de G\u00e9nova a Ayuso\u2014 <strong>Garc\u00eda Egea, Casero y Ana Beltr\u00e1n le comunicaron a Monago que ella ser\u00eda su sucesora.<\/strong><\/p>\n<p class=\"paragraph\" id=\"paragraph_23\">La entrevista pedida por Monago y concedida por Casado para apa\u00f1ar su salida de la manera m\u00e1s honrosa posible jam\u00e1s lleg\u00f3 a producirse. <strong>Hab\u00edan quedado esa misma noche, pero el joven l\u00edder del PP ya doblaba en tablas.<\/strong> Sab\u00eda que la publicaci\u00f3n de la noticia era inminente.<\/p>\n<p><img decoding=\"async\" alt=\"Mar\u00eda Guardiola anuncia los comicios del pr\u00f3ximo 21 de diciembre.\" data-imgm=\"true\" height=\"180\" loading=\"lazy\"  src=\"https:\/\/www.europesays.com\/es\/wp-content\/uploads\/2025\/10\/1003743988506_259611820_1024x576.jpg\"  width=\"320\"\/><\/p>\n<p>                                                            Mar\u00eda Guardiola anuncia los comicios del pr\u00f3ximo 21 de diciembre.<\/p>\n<p>                    EP<\/p>\n<p>La nueva direcci\u00f3n nacional del partido tambi\u00e9n vio en Guardiola la candidata perfecta y m\u00e1s que valid\u00f3 la decisi\u00f3n. <strong>Miguel Tellado<\/strong>, vicesecretario de Organizaci\u00f3n del PP y cerebro de Feij\u00f3o en la gesti\u00f3n territorial del aparato del partido, qued\u00f3 prendado con la candidata. Era de sus favoritas y as\u00ed lo hac\u00eda saber en privado a los periodistas. <strong>\u00abConfiamos mucho en sus posibilidades\u00bb<\/strong>, vaticinaba en invierno de 2023.<\/p>\n<p>Lo nuevo contra lo viejo<\/p>\n<p>Son muchos los que han reconocido ciertos rasgos evidentes entre la estrategia empleada por<strong> Juanma Moreno \u2014referente confeso de la pr\u00f3xima presidenta extreme\u00f1a\u2014 en Andaluc\u00eda <\/strong>y Guardiola en Extremadura. Un \u00e9xito rotundo tan reciente que es imposible no tomar nota.<\/p>\n<p>Territorio comanche para la derecha, gente hastiada, El Dorado en el voto moderado. Aunque <strong>\u00abe<\/strong><strong>s m\u00e1s f\u00e1cil llegar al tedioso que al moderado\u00bb<\/strong> fuera una de las consignas que d\u00eda tras d\u00eda le repet\u00edan a Guardiola. Mensajes transmitidos \u00abdesde la severidad, pero no desde el enfado\u00bb. Su equipo, de hecho, le hac\u00eda gestos para que bajara dos marchas si se envalentonaba.<\/p>\n<p>\u00abExtremadura no es una regi\u00f3n de centro derecha. Es una regi\u00f3n de centro, moderada. Si no se te pareces a la regi\u00f3n de la que quieres conseguir el apoyo mayoritario, no vas a ganar nunca. <strong>Dirige equipos con una sonrisa, que es muy complicado.<\/strong> Para un partido como el nuestro, despu\u00e9s de tantos a\u00f1os sin gobernar, la primera victoria fue muy importante\u00bb, analiza V\u00edctor P\u00edriz en conversaci\u00f3n con este peri\u00f3dico.<\/p>\n<p><img decoding=\"async\" alt=\"De izquierda a derecha y de arriba abajo: Paco N\u00fa\u00f1ez, Marga Prohens, Gonzalo Capell\u00e1n, Isabel D\u00edaz Ayuso, Alberto N\u00fa\u00f1ez Feij\u00f3o, Cuca Gamarra, Fernando L\u00f3pez Miras, Maria Jos\u00e9 S\u00e1enz de Buruaga, Juan Jos\u00e9 Imbroda, Diego Canga, Carlos Maz\u00f3n, Mar\u00eda Guardiola, Jorge Azc\u00f3n y Javier Garc\u00eda Jim\u00e9nez.\" height=\"180\" loading=\"lazy\" width=\"320\" data-lazy-status=\"processed\" id=\"9fb15aca9e\" src=\"https:\/\/www.elespanol.com\/reportajes\/20251028\/maria-guardiola-numero-empresariales-niega-gobernada-madrid-espera-revalidar-triunfo\/[\" https:=\"\" data-lazy-info=\"changed src\"\/><\/p>\n<p>\u00abLa candidatura de Mar\u00eda Guardiola representaba algo totalmente diferente\u00bb, insiste P\u00edriz. \u00abCuando dos presidentes nacionales diferentes apuestan por la misma persona es que tiene algo especial. <strong>Era confrontar con Vara lo nuevo y lo viejo, lo cansado y lo ilusionante, se notaba en los mismos carteles electorales<\/strong>\u00ab.<\/p>\n<p>La campa\u00f1a que ahora arranca se presenta como un segundo examen. <strong>Si en 2023 fue lo nuevo frente a lo viejo, ahora se medir\u00e1 la resistencia frente al desgaste<\/strong>. Extremadura vuelve a decidir, y Mar\u00eda Guardiola, entre la fidelidad a su estilo y la presi\u00f3n de su propio partido, deber\u00e1 convencer otra vez de que su \u00abrebeli\u00f3n\u00bb no fue solo un gesto, sino una manera de hacer pol\u00edtica.<\/p>\n","protected":false},"excerpt":{"rendered":"Extremadura encara de nuevo las urnas el pr\u00f3ximo 21 de diciembre en un momento hist\u00f3rico: m\u00e1s de cuarenta&hellip;\n","protected":false},"author":2,"featured_media":205086,"comment_status":"","ping_status":"","sticky":false,"template":"","format":"standard","meta":{"footnotes":""},"categories":[174],"tags":[6069,255,146,147,25,24,7234,256,47017,8844,6066,4286,23],"class_list":{"0":"post-205085","1":"post","2":"type-post","3":"status-publish","4":"format-standard","5":"has-post-thumbnail","7":"category-famosos","8":"tag-alberto-nunez-feijoo","9":"tag-celebrities","10":"tag-entertainment","11":"tag-entretenimiento","12":"tag-es","13":"tag-espana","14":"tag-extremadura","15":"tag-famosos","16":"tag-guillermo-fernandez-vara","17":"tag-junta-de-extremadura","18":"tag-partido-popular-pp","19":"tag-reportajes","20":"tag-spain"},"share_on_mastodon":{"url":"https:\/\/pubeurope.com\/@es\/115450864633642676","error":""},"_links":{"self":[{"href":"https:\/\/www.europesays.com\/es\/wp-json\/wp\/v2\/posts\/205085","targetHints":{"allow":["GET"]}}],"collection":[{"href":"https:\/\/www.europesays.com\/es\/wp-json\/wp\/v2\/posts"}],"about":[{"href":"https:\/\/www.europesays.com\/es\/wp-json\/wp\/v2\/types\/post"}],"author":[{"embeddable":true,"href":"https:\/\/www.europesays.com\/es\/wp-json\/wp\/v2\/users\/2"}],"replies":[{"embeddable":true,"href":"https:\/\/www.europesays.com\/es\/wp-json\/wp\/v2\/comments?post=205085"}],"version-history":[{"count":0,"href":"https:\/\/www.europesays.com\/es\/wp-json\/wp\/v2\/posts\/205085\/revisions"}],"wp:featuredmedia":[{"embeddable":true,"href":"https:\/\/www.europesays.com\/es\/wp-json\/wp\/v2\/media\/205086"}],"wp:attachment":[{"href":"https:\/\/www.europesays.com\/es\/wp-json\/wp\/v2\/media?parent=205085"}],"wp:term":[{"taxonomy":"category","embeddable":true,"href":"https:\/\/www.europesays.com\/es\/wp-json\/wp\/v2\/categories?post=205085"},{"taxonomy":"post_tag","embeddable":true,"href":"https:\/\/www.europesays.com\/es\/wp-json\/wp\/v2\/tags?post=205085"}],"curies":[{"name":"wp","href":"https:\/\/api.w.org\/{rel}","templated":true}]}}