{"id":205087,"date":"2025-10-28T08:32:08","date_gmt":"2025-10-28T08:32:08","guid":{"rendered":"https:\/\/www.europesays.com\/es\/205087\/"},"modified":"2025-10-28T08:32:08","modified_gmt":"2025-10-28T08:32:08","slug":"el-museu-de-mallorca-recupera-la-serie-mallorca-de-miro-para-una-exposicion-sobre-la-relacion-del-artista-con-pelaires","status":"publish","type":"post","link":"https:\/\/www.europesays.com\/es\/205087\/","title":{"rendered":"El Museu de Mallorca recupera la serie \u2018Mallorca\u2019 de Mir\u00f3 para una exposici\u00f3n sobre la relaci\u00f3n del artista con Pelaires"},"content":{"rendered":"<p>Paysage Mir\u00f3, la gran exposici\u00f3n del genio catal\u00e1n en Palma, crece. Lo hace de la mano de la quinta pata del proyecto, <a href=\"https:\/\/www.ultimahora.es\/etiqueta\/Joan+Mir%C3%B3.html?utm_source=Inline-tag&amp;utm_medium=internal\" rel=\"nofollow noopener\" target=\"_blank\">Joan Mir\u00f3<\/a> y el despertar del <a href=\"https:\/\/www.ultimahora.es\/etiqueta\/arte.html?utm_source=Inline-tag&amp;utm_medium=internal\" rel=\"nofollow noopener\" target=\"_blank\">arte<\/a> contempor\u00e1neo en Mallorca. <strong>Mir\u00f3 y <a href=\"https:\/\/www.ultimahora.es\/etiqueta\/pelaires.html?utm_source=Inline-tag&amp;utm_medium=internal\" rel=\"nofollow noopener\" target=\"_blank\">Pelaires<\/a><\/strong> 1969-1983, que se inaugura esta tarde en el <strong><a href=\"https:\/\/www.ultimahora.es\/etiqueta\/Museu+de+Mallorca.html?utm_source=Inline-tag&amp;utm_medium=internal\" rel=\"nofollow noopener\" target=\"_blank\">Museu de Mallorca<\/a><\/strong> y que sirve de homenaje a la relaci\u00f3n que el pintor estableci\u00f3 con la <a href=\"https:\/\/www.ultimahora.es\/etiqueta\/Galer%C3%ADa+Pelaires.html?utm_source=Inline-tag&amp;utm_medium=internal\" rel=\"nofollow noopener\" target=\"_blank\">Galer\u00eda Pelaires<\/a>, y est\u00e1 comisariada por Magdalena Aguil\u00f3 Victory.<\/p>\n<p>Al acto de presentaci\u00f3n acudi\u00f3 <strong>Frederic Pinya<\/strong>, hijo de Josep Pinya, fundador de Pelaires. Pinya hijo, actual director de la galer\u00eda, valor\u00f3 muy positivamente la propuesta que cataloga de \u00abbroche de oro\u00bb a <strong>Paysage Mir\u00f3<\/strong>. Sirve la exposici\u00f3n, que se podr\u00e1 visitar hasta el 15 de junio de 2026, para conocer la idiosincrasia de la Mallorca cultural y art\u00edstica de la \u00e9poca, la cual fue \u00abimpulsada\u00bb por Mir\u00f3 y Pelaires con esta sinergia que fue \u00abinconsciente por d\u00f3nde iba a llevar, pero consciente de construir algo\u00bb.<\/p>\n<p>Uno de los atractivos principales de la muestra es la <strong>Serie Mallorca<\/strong>, editada en 1973, considerada una de las mejores series gr\u00e1ficas del artista y de la cual existen muy pocas colecciones completas en el mundo. Para Pinya, en general, esta exposici\u00f3n muestra una faceta \u00edntima y sirve para dar a conocer que en su momento se \u00abempez\u00f3 a cocinar la sopa de la que ahora come\u00bb el arte contempor\u00e1neo mallorqu\u00edn.<\/p>\n","protected":false},"excerpt":{"rendered":"Paysage Mir\u00f3, la gran exposici\u00f3n del genio catal\u00e1n en Palma, crece. Lo hace de la mano de la&hellip;\n","protected":false},"author":2,"featured_media":205088,"comment_status":"","ping_status":"","sticky":false,"template":"","format":"standard","meta":{"footnotes":""},"categories":[173],"tags":[229,1829,233,231,230,209,232,234,146,147,25,24,41014,11062,56099,41015,23],"class_list":{"0":"post-205087","1":"post","2":"type-post","3":"status-publish","4":"format-standard","5":"has-post-thumbnail","7":"category-arte-y-diseno","8":"tag-arte","9":"tag-arte-en-mallorca","10":"tag-arte-y-diseno","11":"tag-arts","12":"tag-arts-and-design","13":"tag-cultura","14":"tag-design","15":"tag-diseno","16":"tag-entertainment","17":"tag-entretenimiento","18":"tag-es","19":"tag-espana","20":"tag-galeria-pelaires","21":"tag-joan-miro","22":"tag-museu-de-mallorca","23":"tag-pelaires","24":"tag-spain"},"share_on_mastodon":{"url":"https:\/\/pubeurope.com\/@es\/115450868072961661","error":""},"_links":{"self":[{"href":"https:\/\/www.europesays.com\/es\/wp-json\/wp\/v2\/posts\/205087","targetHints":{"allow":["GET"]}}],"collection":[{"href":"https:\/\/www.europesays.com\/es\/wp-json\/wp\/v2\/posts"}],"about":[{"href":"https:\/\/www.europesays.com\/es\/wp-json\/wp\/v2\/types\/post"}],"author":[{"embeddable":true,"href":"https:\/\/www.europesays.com\/es\/wp-json\/wp\/v2\/users\/2"}],"replies":[{"embeddable":true,"href":"https:\/\/www.europesays.com\/es\/wp-json\/wp\/v2\/comments?post=205087"}],"version-history":[{"count":0,"href":"https:\/\/www.europesays.com\/es\/wp-json\/wp\/v2\/posts\/205087\/revisions"}],"wp:featuredmedia":[{"embeddable":true,"href":"https:\/\/www.europesays.com\/es\/wp-json\/wp\/v2\/media\/205088"}],"wp:attachment":[{"href":"https:\/\/www.europesays.com\/es\/wp-json\/wp\/v2\/media?parent=205087"}],"wp:term":[{"taxonomy":"category","embeddable":true,"href":"https:\/\/www.europesays.com\/es\/wp-json\/wp\/v2\/categories?post=205087"},{"taxonomy":"post_tag","embeddable":true,"href":"https:\/\/www.europesays.com\/es\/wp-json\/wp\/v2\/tags?post=205087"}],"curies":[{"name":"wp","href":"https:\/\/api.w.org\/{rel}","templated":true}]}}