{"id":205091,"date":"2025-10-28T08:36:08","date_gmt":"2025-10-28T08:36:08","guid":{"rendered":"https:\/\/www.europesays.com\/es\/205091\/"},"modified":"2025-10-28T08:36:08","modified_gmt":"2025-10-28T08:36:08","slug":"una-experiencia-abrumadora-la-pelicula-de-chainsaw-man-supera-por-muy-poco-a-demon-slayer-kimetsu-no-yaiba-la-fortaleza-infinita-noticias-de-cine","status":"publish","type":"post","link":"https:\/\/www.europesays.com\/es\/205091\/","title":{"rendered":"\u201cUna experiencia abrumadora\u201d: La pel\u00edcula de &#8216;Chainsaw Man&#8217; supera por muy poco a &#8216;Demon Slayer: Kimetsu no Yaiba \u2013 La Fortaleza Infinita&#8217; &#8211; Noticias de cine"},"content":{"rendered":"<p class=\"bo-p\">Los innumerables r\u00e9cords que ha ido acumulando <a href=\"https:\/\/www.sensacine.com\/peliculas\/pelicula-1000006302\/\" class=\"bo-link\" rel=\"nofollow noopener\" target=\"_blank\">Demon Slayer: Kimetsu no Yaiba \u2013 La Fortaleza Infinita. Parte 1 <\/a>son indudables. Pero su paso internacional de <a href=\"https:\/\/www.sensacine.com\/peliculas\/pelicula-324790\/\" class=\"bo-link\" rel=\"nofollow noopener\" target=\"_blank\">Chainsaw Man \u2013 La pel\u00edcula: El arco de Reze<\/a> del estudio <b>MAPPA <\/b>est\u00e1 dando ya de qu\u00e9 hablar tras su estreno en cines el pasado 24 de octubre.<\/p>\n<p class=\"bo-p\">Y es que la pel\u00edcula dirigida por<a href=\"https:\/\/www.sensacine.com\/actores\/actor-884106\/\" class=\"bo-link\" rel=\"nofollow noopener\" target=\"_blank\"> Tatsuya Yoshihara<\/a> ha superado por muy poco, por ahora, a la pel\u00edcula de <a href=\"https:\/\/www.sensacine.com\/series\/serie-25661\/\" class=\"bo-link\" rel=\"nofollow noopener\" target=\"_blank\">Demon Slayer<\/a> en cuanto a cr\u00edtica. La primera parte de la trilog\u00eda que cerrar\u00e1 la historia de<a href=\"https:\/\/www.sensacine.com\/actores\/actor-910538\/\" class=\"bo-link\" rel=\"nofollow noopener\" target=\"_blank\"> Koyoharu Gotouge<\/a> tienen <b>un 98% <\/b>en Rotten Tomatoes por parte de la audiencia a diferencia del <b>99%<\/b> de la de <a href=\"https:\/\/www.sensacine.com\/series\/serie-28193\/\" class=\"bo-link\" rel=\"nofollow noopener\" target=\"_blank\">Chainsaw Man.<\/a> Aunque hay que se\u00f1alar que la de Kimetsu no Yaiba tiene m\u00e1s de 10,000 cr\u00edticas y la de Chainsaw Man m\u00e1s de 2,500, por lo que todo puede cambiar.<\/p>\n<p class=\"bo-p\">Sin embargo, en tan solo tres d\u00edas de vida, Chainsaw Man \u2013 La pel\u00edcula: El arco de Reze est\u00e1 cosechando bastante \u00e9xito. \u201cFue una experiencia abrumadora\u201d, explica la cr\u00edtica Sarah Vincent de Sarah G Vincent Views. \u201cDurante las principales escenas de lucha, es dif\u00edcil procesar todo lo que sucede y es realmente asombroso\u201d.<\/p>\n<p class=\"bo-p\">Para The Hollywood Reporter \u201cen cuanto esas secuencias de acci\u00f3n exageradas y extremadamente sangrientas, son tremendamente viscerales: La animaci\u00f3n deslumbrante, la banda sonora incre\u00edble y los efectos de sonido ensordecedores <b>brindan una experiencia envolvente, casi psicod\u00e9lica\u201d.<\/b><\/p>\n<p class=\"bo-p\">Por otro lado, Variety la tacha como \u201cdise\u00f1ada para satisfacer a los fans existentes, no tanto para ganar nuevos ac\u00f3litos. Chainsaw Man todav\u00eda puede entretener porque, en su forma m\u00e1s b\u00e1sica, el concepto y la trama no parecen demasiado intrincados\u201d.<\/p>\n<p>    <a class=\"cms-see-also\" data-title=\"Link relacionado\" href=\"https:\/\/www.sensacine.com\/noticias\/series\/noticia-1000171719\/\" rel=\"nofollow noopener\" target=\"_blank\">&#8216;Jujutsu Kaisen&#8217; presenta al villano de la temporada 3: \u00bfQui\u00e9n es Naoya Zenin?<\/a><\/p>\n<p class=\"bo-p\">En Chainsaw Man \u2013 La pel\u00edcula: El arco de Reze nos sit\u00faa despu\u00e9s de los acontecimientos de la temporada 1, donde<b> Denji conoce a Reze,<\/b> una misteriosa chica que despierta en \u00e9l un amor inesperado, pero tambi\u00e9n lo arrastra hacia su enfrentamiento m\u00e1s peligroso.<\/p>\n<p class=\"bo-p\">Recuerda que ya puedes disfrutar en cines de Espa\u00f1a de Chainsaw Man \u2013 La pel\u00edcula: El arco de Reze.<\/p>\n","protected":false},"excerpt":{"rendered":"Los innumerables r\u00e9cords que ha ido acumulando Demon Slayer: Kimetsu no Yaiba \u2013 La Fortaleza Infinita. Parte 1&hellip;\n","protected":false},"author":2,"featured_media":205092,"comment_status":"","ping_status":"","sticky":false,"template":"","format":"standard","meta":{"footnotes":""},"categories":[169],"tags":[21889,56100,177,56102,56101,146,147,25,24,176,56103,175,1257,23],"class_list":{"0":"post-205091","1":"post","2":"type-post","3":"status-publish","4":"format-standard","5":"has-post-thumbnail","7":"category-cine","8":"tag-anime","9":"tag-chainsaw_man","10":"tag-cine","11":"tag-demon_slayer","12":"tag-el_arco_de_reze","13":"tag-entertainment","14":"tag-entretenimiento","15":"tag-es","16":"tag-espana","17":"tag-film","18":"tag-kimetsu_no_yaiba","19":"tag-movies","20":"tag-pelicula","21":"tag-spain"},"share_on_mastodon":{"url":"https:\/\/pubeurope.com\/@es\/115450884065155424","error":""},"_links":{"self":[{"href":"https:\/\/www.europesays.com\/es\/wp-json\/wp\/v2\/posts\/205091","targetHints":{"allow":["GET"]}}],"collection":[{"href":"https:\/\/www.europesays.com\/es\/wp-json\/wp\/v2\/posts"}],"about":[{"href":"https:\/\/www.europesays.com\/es\/wp-json\/wp\/v2\/types\/post"}],"author":[{"embeddable":true,"href":"https:\/\/www.europesays.com\/es\/wp-json\/wp\/v2\/users\/2"}],"replies":[{"embeddable":true,"href":"https:\/\/www.europesays.com\/es\/wp-json\/wp\/v2\/comments?post=205091"}],"version-history":[{"count":0,"href":"https:\/\/www.europesays.com\/es\/wp-json\/wp\/v2\/posts\/205091\/revisions"}],"wp:featuredmedia":[{"embeddable":true,"href":"https:\/\/www.europesays.com\/es\/wp-json\/wp\/v2\/media\/205092"}],"wp:attachment":[{"href":"https:\/\/www.europesays.com\/es\/wp-json\/wp\/v2\/media?parent=205091"}],"wp:term":[{"taxonomy":"category","embeddable":true,"href":"https:\/\/www.europesays.com\/es\/wp-json\/wp\/v2\/categories?post=205091"},{"taxonomy":"post_tag","embeddable":true,"href":"https:\/\/www.europesays.com\/es\/wp-json\/wp\/v2\/tags?post=205091"}],"curies":[{"name":"wp","href":"https:\/\/api.w.org\/{rel}","templated":true}]}}