{"id":205119,"date":"2025-10-28T08:55:09","date_gmt":"2025-10-28T08:55:09","guid":{"rendered":"https:\/\/www.europesays.com\/es\/205119\/"},"modified":"2025-10-28T08:55:09","modified_gmt":"2025-10-28T08:55:09","slug":"el-problema-de-la-ia-es-que-al-crear-imagenes-esta-robando-nuestras-fotos","status":"publish","type":"post","link":"https:\/\/www.europesays.com\/es\/205119\/","title":{"rendered":"\u00abEl problema de la IA es que, al crear im\u00e1genes, est\u00e1 robando nuestras fotos\u00bb"},"content":{"rendered":"<p><strong>Valent\u00edn Sama<\/strong> (Madrid, 1946) <strong>es tal vez la voz espa\u00f1ola m\u00e1s autorizada de la \u00f3ptica y la <a href=\"https:\/\/theobjective.com\/etiqueta\/fotografia\/\" rel=\"nofollow noopener\" target=\"_blank\">fotograf\u00eda<\/a>.<\/strong> Pocas personas acumulan tanto conocimiento t\u00e9cnico, tanta perspectiva y, por qu\u00e9 no decirlo, tantas <a href=\"https:\/\/theobjective.com\/etiqueta\/camaras-fotograficas\/\" rel=\"nofollow noopener\" target=\"_blank\">c\u00e1maras<\/a> y objetivos de la vieja escuela. Algunas de sus reflexiones pueden leerse en el <a href=\"https:\/\/valentinsama.blogspot.com\/\" target=\"_blank\" rel=\"noreferrer noopener nofollow\">espacio<\/a> que dedica a este g\u00e9nero desde 2004 en la web.\u00a0<\/p>\n<p><strong>PREGUNTA.- \u00bfHacia d\u00f3nde va la fotograf\u00eda en estos tiempos marcados por el selfismo, las redes sociales y las mejoras introducidas paulatinamente en los sensores de imagen de los tel\u00e9fonos m\u00f3viles?<\/strong><\/p>\n<p>RESPUESTA.- Si echamos la vista atr\u00e1s, hemos lanzado demasiadas predicciones culturales y tecnol\u00f3gicas que nunca se cumplieron. Hoy parece que la fotograf\u00eda act\u00faa como mero registro de escenas cotidianas que inmediatamente se comparten en las redes. El \u00fanico elemento que se mantiene firme son las bodas, bautizos y comuniones como forma de ganarse la vida. Vivir del retrato, por ejemplo, es m\u00e1s dif\u00edcil.\u00a0<\/p>\n<p><strong>P.- Otro impacto de consecuencias todav\u00eda incalculables lo provocar\u00e1 la inteligencia artificial.\u00a0<\/strong><\/p>\n<p>R.- Deber\u00edamos distinguir claramente cu\u00e1ndo estamos ante una fotograf\u00eda y cu\u00e1ndo ante una imagen generada por IA. Si la luz incide sobre un objeto fotosensible, eso es fotograf\u00eda. De momento, la IA me parece en esencia una b\u00fasqueda muy refinada bajo un nombre bastante pomposo. Parece obvio que esa IA se merendar\u00e1 en breve los bancos de im\u00e1genes, pero tambi\u00e9n puede haber un efecto rebote donde la fotograf\u00eda de bodas se ejecute con c\u00e1maras anal\u00f3gicas y carrete y encima se pague mejor. El principal problema es que la IA, al plasmar im\u00e1genes, est\u00e1 robando todo aquello que alegremente colgamos en las redes o enviamos por WhatsApp. Estamos alimentando un monstruo que, desde el \u00e1ngulo de los derechos de autor, se nos ir\u00e1 de las manos. No menos preocupante es la cantidad de recursos que consumen estos grandes modelos de lenguaje.\u00a0<\/p>\n<p><strong>P.- La industria ha quedado tradicionalmente en manos de los fabricantes japoneses, con la minoritaria excepci\u00f3n de la alemana Leica. China, sin embargo, pisa fuerte, como en tantos otros cajones de la econom\u00eda.\u00a0\u00a0<\/strong><\/p>\n<p>R.- He contabilizado hasta 13 marcas de cierta calidad entre los fabricantes chinos. Ya advert\u00ed en su d\u00eda que apuntan alto, y hay ejemplos recientes como el de Light Lens Lab, que adem\u00e1s va a producir carretes. Incluso se especula con la posibilidad de que DJI [la firma especializada en drones] dise\u00f1e y comercialice c\u00e1maras donde cabe presumir que la conectividad, una de las asignaturas pendientes de estos dispositivos en comparaci\u00f3n con los m\u00f3viles, sea al fin razonable.\u00a0<\/p>\n<p><strong>P.- Lo anal\u00f3gico goza en los \u00faltimos tiempos de mucha popularidad, igual que ocurre con el vinilo. \u00bfA qu\u00e9 causas atribuye este fen\u00f3meno?<\/strong><\/p>\n<p>R.- Muchas personas recurren a la pel\u00edcula porque les gusta el aspecto f\u00edsico de la imagen resultante; la textura, el grano, las tonalidades. Es el perfil mayoritario. Otros disfrutan del ritual de abrir el bote, oler el carrete (yo a\u00fan lo hago), cargar la c\u00e1mara y usar un aparato cl\u00e1sico.\u00a0<\/p>\n<p><strong>P.- \u00bfC\u00f3mo se diferencian las marcas?\u00a0<\/strong><\/p>\n<p>R.- En 1987, cuando Canon introdujo el autoenfoque a trav\u00e9s de la serie EOS, el presidente de la compa\u00f1\u00eda coment\u00f3 que en el futuro s\u00f3lo habr\u00eda dos grandes fabricantes japoneses de c\u00e1maras y uno de ellos ser\u00eda Canon. Pero est\u00e1n Sony, Nikon, Fujifilm, Panasonic\u2026 y Leica. Sigue habiendo mucho marquismo. Me asombra que la gente diga: \u00abYo soy de Nikon, yo soy de Canon\u00bb. He tenido todo tipo de c\u00e1maras y marcas y uso las que m\u00e1s me convienen. Observo con inter\u00e9s el caso de Sony porque me recuerda a Tesla: si esta no sabe hacer coches, Sony no sabe hacer c\u00e1maras, y, sin embargo, aporta much\u00edsima tecnolog\u00eda, fabrica el 98% de los sensores que incorporan las c\u00e1maras y constituye un ecosistema abierto a terceros, muy al estilo de Android. Fujifilm ha encontrado su hueco con dos sistemas muy disruptivos respecto a la competencia: c\u00e1maras APS-C para un p\u00fablico m\u00e1s generalista y su (peque\u00f1o) formato medio para profesionales. La interfaz es diferente, con diales f\u00edsicos, y luego ofrece sus c\u00e9lebres simulaciones de pel\u00edcula. Canon ha tenido una cierta ventaja en el mundo profesional y Nikon, aunque ha llegado tarde a las c\u00e1maras sin espejo, est\u00e1 haciendo grandes esfuerzos por remontar. Leica se considera cara y a menudo se compra como un s\u00edmbolo de prestigio, pero la ventaja es que mueve un mercado de segunda mano muy importante.\u00a0<\/p>\n","protected":false},"excerpt":{"rendered":"Valent\u00edn Sama (Madrid, 1946) es tal vez la voz espa\u00f1ola m\u00e1s autorizada de la \u00f3ptica y la fotograf\u00eda.&hellip;\n","protected":false},"author":2,"featured_media":205120,"comment_status":"","ping_status":"","sticky":false,"template":"","format":"standard","meta":{"footnotes":""},"categories":[173],"tags":[229,233,231,230,56107,232,234,146,147,2958,25,24,28334,1016,56108,23],"class_list":{"0":"post-205119","1":"post","2":"type-post","3":"status-publish","4":"format-standard","5":"has-post-thumbnail","7":"category-arte-y-diseno","8":"tag-arte","9":"tag-arte-y-diseno","10":"tag-arts","11":"tag-arts-and-design","12":"tag-cu00e1maras-fotogru00e1ficas","13":"tag-design","14":"tag-diseno","15":"tag-entertainment","16":"tag-entretenimiento","17":"tag-entrevistas","18":"tag-es","19":"tag-espana","20":"tag-fotografu00eda","21":"tag-fotos","22":"tag-nuevas-tecnologu00edas","23":"tag-spain"},"share_on_mastodon":{"url":"https:\/\/pubeurope.com\/@es\/115450958508574849","error":""},"_links":{"self":[{"href":"https:\/\/www.europesays.com\/es\/wp-json\/wp\/v2\/posts\/205119","targetHints":{"allow":["GET"]}}],"collection":[{"href":"https:\/\/www.europesays.com\/es\/wp-json\/wp\/v2\/posts"}],"about":[{"href":"https:\/\/www.europesays.com\/es\/wp-json\/wp\/v2\/types\/post"}],"author":[{"embeddable":true,"href":"https:\/\/www.europesays.com\/es\/wp-json\/wp\/v2\/users\/2"}],"replies":[{"embeddable":true,"href":"https:\/\/www.europesays.com\/es\/wp-json\/wp\/v2\/comments?post=205119"}],"version-history":[{"count":0,"href":"https:\/\/www.europesays.com\/es\/wp-json\/wp\/v2\/posts\/205119\/revisions"}],"wp:featuredmedia":[{"embeddable":true,"href":"https:\/\/www.europesays.com\/es\/wp-json\/wp\/v2\/media\/205120"}],"wp:attachment":[{"href":"https:\/\/www.europesays.com\/es\/wp-json\/wp\/v2\/media?parent=205119"}],"wp:term":[{"taxonomy":"category","embeddable":true,"href":"https:\/\/www.europesays.com\/es\/wp-json\/wp\/v2\/categories?post=205119"},{"taxonomy":"post_tag","embeddable":true,"href":"https:\/\/www.europesays.com\/es\/wp-json\/wp\/v2\/tags?post=205119"}],"curies":[{"name":"wp","href":"https:\/\/api.w.org\/{rel}","templated":true}]}}