{"id":205214,"date":"2025-10-28T10:11:09","date_gmt":"2025-10-28T10:11:09","guid":{"rendered":"https:\/\/www.europesays.com\/es\/205214\/"},"modified":"2025-10-28T10:11:09","modified_gmt":"2025-10-28T10:11:09","slug":"lamine-a-vinicius-en-el-clasico-nos-pegamos","status":"publish","type":"post","link":"https:\/\/www.europesays.com\/es\/205214\/","title":{"rendered":"Lamine, a Vinicius en el cl\u00e1sico: \u00ab\u00bfNos pegamos?\u00bb"},"content":{"rendered":"<p class=\"v-mdl-ath__p v-mdl-ath__p--6\">\nMartes, 28 de octubre 2025, 08:18<\/p>\n<p class=\"v-p\">La <a href=\"https:\/\/www.elcorreo.com\/deportes\/futbol\/liga-primera\/saltan-chispas-vinicius-lamine-yamal-20251026192408-ntrc.html#vtm_modulosEngag=mod-rel:gente-estilo:noticia:1:cmp:2-not\" target=\"_blank\" title=\"Saltan chispas entre Vinicius y Lamine Yamal\" data-voc-vtm-id=\"in-text-traffic\" data-mrf-link=\"www.elcorreo.com\" rel=\"nofollow noopener\">trifulca <\/a>entre Lamine Yamal y Vinicius al t\u00e9rmino del cl\u00e1sico sigue dando de qu\u00e9 hablar. Las c\u00e1maras de &#8216;El D\u00eda Despu\u00e9s&#8217; han permitido conocer qu\u00e9 se dijeron la estrella del Bar\u00e7a y la del Real Madrid cuando se dispon\u00edan a entrar en el t\u00fanel de vestuarios.<\/p>\n<p class=\"v-p\">El jugador blanco no dud\u00f3 en encararse con Yamal para recriminarle sus palabras en la Kings League. El delantero cul\u00e9 calent\u00f3 el partido unos d\u00edas antes al decir que el club blanco \u00abroba\u00bb. En un tono desenfadado y entre risas, el &#8217;10&#8217; del Barcelona compar\u00f3 al Real Madrid y Porcinos porque se ve beneficiado por decisiones arbitrales. \u00abPor supuesto, s\u00ed, roban, se quejan&#8230;\u00bb. Unas palabras que el influencer le recrimin\u00f3. \u00ab\u00bfEl Madrid roba?\u00bb. \u00abHombre, a ver, a ver&#8230;\u00bb, contest\u00f3 Yamal con un gesto de clara afirmaci\u00f3n, una aclaraci\u00f3n a la que se uni\u00f3 Gerard Piqu\u00e9. \u00abEsto no es discutible\u00bb, a\u00f1adi\u00f3 el exfutbolista. <\/p>\n<p class=\"v-p\">Pues bien, cuando el \u00e1rbitro pit\u00f3 el final del encuentro, a Vinicius no se le pas\u00f3 por alto el zasca de Yamal al Real Madrid. El delantero azulgrana contest\u00f3 de la siguiente forma, seg\u00fan las c\u00e1maras del programa de Movistar+: \u00ab\u00bfNos pegamos?\u00bb, le dijo Lamine a Vinicius, a lo que el brasile\u00f1o contest\u00f3: \u00ab\u00a1Vamos!\u00bb.<\/p>\n<p class=\"v-p\">La pol\u00e9mica sigue candente. Incluso Ibai Llanos comparti\u00f3 un <a href=\"https:\/\/www.elcorreo.com\/gente-estilo\/contundente-respuesta-ibai-llanos-tras-polemica-clasico-20251027113349-nt.html\" target=\"_blank\" title=\"La contundente respuesta de Ibai Llanos tras la pol\u00e9mica en el cl\u00e1sico entre Yamal y Vinicius: \u00abLa que se ha liado...\u00bb\" data-voc-vtm-id=\"in-text-traffic\" data-mrf-link=\"www.elcorreo.com\" rel=\"nofollow noopener\">v\u00eddeo <\/a> este lunes para aclarar lo sucedido, asumiendo el &#8216;mea culpa&#8217;. \u00abLa que se ha liado hoy en el Cl\u00e1sico y la que se ha liado en el mundo por lo que dijo Lamine Yamal creo que, en parte, es culpa m\u00eda y os lo voy a explicar\u00bb, declar\u00f3 el streamer bilba\u00edno.<\/p>\n<p>Reporta un error<\/p>\n","protected":false},"excerpt":{"rendered":"Martes, 28 de octubre 2025, 08:18 La trifulca entre Lamine Yamal y Vinicius al t\u00e9rmino del cl\u00e1sico sigue&hellip;\n","protected":false},"author":2,"featured_media":205215,"comment_status":"","ping_status":"","sticky":false,"template":"","format":"standard","meta":{"footnotes":""},"categories":[93],"tags":[5145,56120,168,56119,25,24,11680,56118,23,167,13334,14780],"class_list":{"0":"post-205214","1":"post","2":"type-post","3":"status-publish","4":"format-standard","5":"has-post-thumbnail","7":"category-deportes","8":"tag-clasico","9":"tag-clasico-madrid-barceloa","10":"tag-deportes","11":"tag-el-dia-despues","12":"tag-es","13":"tag-espana","14":"tag-lamine","15":"tag-pegamos","16":"tag-spain","17":"tag-sports","18":"tag-vinicius","19":"tag-yamal"},"share_on_mastodon":{"url":"https:\/\/pubeurope.com\/@es\/115451257461251620","error":""},"_links":{"self":[{"href":"https:\/\/www.europesays.com\/es\/wp-json\/wp\/v2\/posts\/205214","targetHints":{"allow":["GET"]}}],"collection":[{"href":"https:\/\/www.europesays.com\/es\/wp-json\/wp\/v2\/posts"}],"about":[{"href":"https:\/\/www.europesays.com\/es\/wp-json\/wp\/v2\/types\/post"}],"author":[{"embeddable":true,"href":"https:\/\/www.europesays.com\/es\/wp-json\/wp\/v2\/users\/2"}],"replies":[{"embeddable":true,"href":"https:\/\/www.europesays.com\/es\/wp-json\/wp\/v2\/comments?post=205214"}],"version-history":[{"count":0,"href":"https:\/\/www.europesays.com\/es\/wp-json\/wp\/v2\/posts\/205214\/revisions"}],"wp:featuredmedia":[{"embeddable":true,"href":"https:\/\/www.europesays.com\/es\/wp-json\/wp\/v2\/media\/205215"}],"wp:attachment":[{"href":"https:\/\/www.europesays.com\/es\/wp-json\/wp\/v2\/media?parent=205214"}],"wp:term":[{"taxonomy":"category","embeddable":true,"href":"https:\/\/www.europesays.com\/es\/wp-json\/wp\/v2\/categories?post=205214"},{"taxonomy":"post_tag","embeddable":true,"href":"https:\/\/www.europesays.com\/es\/wp-json\/wp\/v2\/tags?post=205214"}],"curies":[{"name":"wp","href":"https:\/\/api.w.org\/{rel}","templated":true}]}}