{"id":205217,"date":"2025-10-28T10:13:07","date_gmt":"2025-10-28T10:13:07","guid":{"rendered":"https:\/\/www.europesays.com\/es\/205217\/"},"modified":"2025-10-28T10:13:07","modified_gmt":"2025-10-28T10:13:07","slug":"luis-tosar-y-rigoberta-bandini-presentaran-la-gala-de-los-goya-2026-en-barcelona-premios-goya-cine","status":"publish","type":"post","link":"https:\/\/www.europesays.com\/es\/205217\/","title":{"rendered":"Luis Tosar y Rigoberta Bandini presentar\u00e1n la gala de los Goya 2026 en Barcelona | Premios Goya | Cine"},"content":{"rendered":"<p class=\"\">El actor Luis Tosar y la cantante Rigoberta Bandini ser\u00e1n los presentadores de la pr\u00f3xima edici\u00f3n de los premios Goya, la n\u00famero 40, el 28 de febrero de 2026 en Barcelona, seg\u00fan ha anunciado la ma\u00f1ana de este martes el presidente de la Academia de Cine, Fernando M\u00e9ndez-Leite. \u201cLos dos han ganado un Goya\u201d, dijo M\u00e9ndez-Leite al anunciar los dos elegidos. Primero dijo el del int\u00e9rprete, despu\u00e9s enton\u00f3 parte de una canci\u00f3n de Bandini, con m\u00e1s o menos fortuna y entonaci\u00f3n.<\/p>\n<p>M\u00e1s informaci\u00f3n<\/p>\n<p class=\"\">\u201cHasta ahora hab\u00eda dicho que no por una cuesti\u00f3n de disponibilidad, pero me apetec\u00eda trabajar con esta junta e incluso podr\u00eda decir que hab\u00eda algunos motivos extraprofesionales para decir que s\u00ed\u201d, ha confesado Tosar. \u201cDecidir presentar los Goya no es una decisi\u00f3n muy f\u00e1cil, por la exposici\u00f3n y porque siempre hay quienes critican\u201d. Bandini se ha mostrado muy emocionada por la oportunidad. \u201cSiento mucha responsabilidad, quiero que sea una gala incre\u00edble. Estoy muy feliz de compartirlo con Luis y me hace especial ilusi\u00f3n que sea en Barcelona\u201d, ha a\u00f1adido la cantante catalana.<\/p>\n<p class=\"\">Los presentadores no han querido adelantar muchos detalles de una ceremonia para la que a\u00fan quedan cuatro meses. Lo que por el momento parece claro, seg\u00fan Bandini, es que los dos cantar\u00e1n: \u201cTenemos ganas\u201d. Adem\u00e1s, se incluir\u00e1n otras actuaciones musicales. \u201cAl principio pens\u00e9: \u2018Qu\u00e9 marr\u00f3n estar ah\u00ed\u201d, ha dicho Tosar, \u201cpor lo larga que es la gala. Queremos que la gente cuando suba a recibir su premio sea lo m\u00e1s breve posible, que piense los agradecimientos desde la s\u00edntesis, no desde todo lo que quieren agradecer\u201d.<\/p>\n<p class=\"\">En cuanto a las l\u00edneas rojas, Tosar ha dicho en tono de broma que le han propuesto vestirse de Montserrat Caball\u00e9, pero se ha negado. Bandini ha asegurado que no se considera una persona graciosa y que, por tanto, no interpretar\u00e1 un papel que no la represente. \u201cQueremos ser muy conscientes de qu\u00e9 podemos ofrecer nosotros y hacerlo desde ah\u00ed, desde la naturalidad\u201d, ha a\u00f1adido la cantante.<\/p>\n<p>Barcelona en \u2018modo goya\u2019<\/p>\n<p class=\"\">El Goya de Honor de la pr\u00f3xima edici\u00f3n ser\u00e1 para <a href=\"https:\/\/elpais.com\/cultura\/2025-07-20\/gonzalo-suarez-escritor-y-cineasta-a-los-90-la-vida-es-este-instante-aqui-y-ahora.html\" target=\"_blank\" rel=\"noreferrer nofollow noopener\" title=\"https:\/\/elpais.com\/cultura\/2025-07-20\/gonzalo-suarez-escritor-y-cineasta-a-los-90-la-vida-es-este-instante-aqui-y-ahora.html\">Gonzalo Su\u00e1rez<\/a> \u2014director, guionista, productor, escritor, actor y periodista deportivo\u2014, \u201cpor una trayectoria desde la que ha desarrollado una filmograf\u00eda sorprendente, en la que ha experimentado con todos los g\u00e9neros y desde todas las actitudes, y que ha contribuido a convertirle en un hombre clave en la cultura espa\u00f1ola de los \u00faltimos sesenta a\u00f1os\u201d. <\/p>\n<p class=\"\">En mayo de este a\u00f1o se anunci\u00f3 que Barcelona ser\u00e1 la sede de esta nueva edici\u00f3n, en el Auditori del Centre de Convencions Internacionals de Barcelona. Al respecto, el alcalde Jaume Collboni celebr\u00f3 en ese momento el \u201creconocimiento al buen momento de la cultura barcelonesa y el sector audiovisual\u201d, una noticia que consider\u00f3 un honor y un orgullo. Son ya 25 a\u00f1os los que el certamen lleva viajando fuera de Madrid y la primera vez fue, justamente, <a href=\"https:\/\/elpais.com\/especiales\/2014\/premios-goya\/palmares.html?edicion=14\" target=\"_blank\" rel=\"noreferrer nofollow noopener\" title=\"https:\/\/elpais.com\/especiales\/2014\/premios-goya\/palmares.html?edicion=14\">en Barcelona<\/a>. Fernando M\u00e9ndez-Leite, presidente de la Academia de las Artes y las Ciencias Cinematogr\u00e1ficas, declaraba en mayo que los Goya vuelven a \u201cuna ciudad unida al cine y que es un gran escenario para los premios\u201d. <\/p>\n<p class=\"\">La ciudad se pondr\u00e1 en modo Goya en los d\u00edas previos. La Academia adelant\u00f3 en septiembre que habr\u00e1 un \u201cpaseo de la fama\u201d con fotograf\u00edas de gran formato de los ganadores catalanes de las ediciones pasadas, proyecciones de las pel\u00edculas nominadas con la participaci\u00f3n de los actores que se encontrar\u00e1n con el p\u00fablico, iniciativas sociales como sesiones de cine para ni\u00f1os y adolescentes y Premios Goya gigantes vistiendo las calles de Barcelona. <\/p>\n","protected":false},"excerpt":{"rendered":"El actor Luis Tosar y la cantante Rigoberta Bandini ser\u00e1n los presentadores de la pr\u00f3xima edici\u00f3n de los&hellip;\n","protected":false},"author":2,"featured_media":205218,"comment_status":"","ping_status":"","sticky":false,"template":"","format":"standard","meta":{"footnotes":""},"categories":[91],"tags":[1014,1015,210,177,12374,209,146,147,25,24,29389,27543,28226,23],"class_list":{"0":"post-205217","1":"post","2":"type-post","3":"status-publish","4":"format-standard","5":"has-post-thumbnail","7":"category-entretenimiento","8":"tag-actores","9":"tag-actrices","10":"tag-barcelona","11":"tag-cine","12":"tag-cine-espanol","13":"tag-cultura","14":"tag-entertainment","15":"tag-entretenimiento","16":"tag-es","17":"tag-espana","18":"tag-industria-audiovisual","19":"tag-industria-cine","20":"tag-premios-goya","21":"tag-spain"},"share_on_mastodon":{"url":"https:\/\/pubeurope.com\/@es\/115451265226711672","error":""},"_links":{"self":[{"href":"https:\/\/www.europesays.com\/es\/wp-json\/wp\/v2\/posts\/205217","targetHints":{"allow":["GET"]}}],"collection":[{"href":"https:\/\/www.europesays.com\/es\/wp-json\/wp\/v2\/posts"}],"about":[{"href":"https:\/\/www.europesays.com\/es\/wp-json\/wp\/v2\/types\/post"}],"author":[{"embeddable":true,"href":"https:\/\/www.europesays.com\/es\/wp-json\/wp\/v2\/users\/2"}],"replies":[{"embeddable":true,"href":"https:\/\/www.europesays.com\/es\/wp-json\/wp\/v2\/comments?post=205217"}],"version-history":[{"count":0,"href":"https:\/\/www.europesays.com\/es\/wp-json\/wp\/v2\/posts\/205217\/revisions"}],"wp:featuredmedia":[{"embeddable":true,"href":"https:\/\/www.europesays.com\/es\/wp-json\/wp\/v2\/media\/205218"}],"wp:attachment":[{"href":"https:\/\/www.europesays.com\/es\/wp-json\/wp\/v2\/media?parent=205217"}],"wp:term":[{"taxonomy":"category","embeddable":true,"href":"https:\/\/www.europesays.com\/es\/wp-json\/wp\/v2\/categories?post=205217"},{"taxonomy":"post_tag","embeddable":true,"href":"https:\/\/www.europesays.com\/es\/wp-json\/wp\/v2\/tags?post=205217"}],"curies":[{"name":"wp","href":"https:\/\/api.w.org\/{rel}","templated":true}]}}