{"id":205251,"date":"2025-10-28T10:39:08","date_gmt":"2025-10-28T10:39:08","guid":{"rendered":"https:\/\/www.europesays.com\/es\/205251\/"},"modified":"2025-10-28T10:39:08","modified_gmt":"2025-10-28T10:39:08","slug":"maduro-acusa-a-la-primera-ministra-trinitense-de-ser-una-propulsora-de-la-guerra","status":"publish","type":"post","link":"https:\/\/www.europesays.com\/es\/205251\/","title":{"rendered":"Maduro acusa a la primera ministra trinitense de ser una \u00abpropulsora de la guerra\u00bb"},"content":{"rendered":"<p class=\"c-paragraph\">El presidente de <a href=\"https:\/\/www.20minutos.es\/tags\/lugares\/venezuela.html\" title=\"Venezuela\" rel=\"nofollow noopener\" target=\"_blank\">Venezuela<\/a>, <a href=\"https:\/\/www.20minutos.es\/tags\/personas\/nicolas-maduro.html\" title=\"Nicol\u00e1s Maduro\" rel=\"nofollow noopener\" target=\"_blank\">Nicol\u00e1s Maduro<\/a>, ha acusado este lunes a la primera ministra de Trinidad y Tobago, Kamla Persad-Bissessar, de ser <b>una \u00abpropulsora de la guerra\u00bb<\/b>, luego de la llegada al vecino pa\u00eds insular de un destructor de la Armada estadounidense para llevar a cabo ejercicios militares, en medio del despliegue de EEUU en el Caribe.<\/p>\n<p class=\"c-paragraph\">Maduro tambi\u00e9n asegur\u00f3 que el Gobierno de Persad-Bissessar tiene las pruebas de <b>un \u00abautoataque\u00bb<\/b> que, asegur\u00f3, preparaba la estadounidense Agencia Central de Inteligencia (CIA) contra el destructor USS Gravely, que arrib\u00f3 a Trinidad y Tobago el domingo, para justificar una agresi\u00f3n contra la naci\u00f3n suramericana.<\/p>\n<p class=\"c-paragraph\">\u00abEso es lo que se pretend\u00eda con el barco ese que metieron en Trinidad y Tobago, donde, lamentablemente, <b>la primera ministra de Trinidad y Tobago es una alcahueta<\/b>, propulsora de la guerra por sus propias debilidades personales, f\u00edsicas, mentales y morales\u00bb, dijo el jefe de Estado en su programa semanal transmitido por el canal estatal Venezolana de Televisi\u00f3n (VTV).<\/p>\n<p class=\"c-paragraph\">El l\u00edder chavista se\u00f1al\u00f3 que el fin de semana fue <b>detenido \u00abun grupo de mercenarios preparados y financiados por la CIA\u00bb<\/b>, lo que, afirm\u00f3, \u00abllev\u00f3 a descubrir el plan de un autoataque\u00bb.<\/p>\n<p class=\"c-paragraph\">El mandatario reiter\u00f3 que EEUU busca \u00abrobarse\u00bb los recursos energ\u00e9ticos de Venezuela, as\u00ed como \u00abapoderarse\u00bb de sus tierras.<\/p>\n<p class=\"c-paragraph\">Este domingo, Caracas denunci\u00f3 una \u00abprovocaci\u00f3n militar\u00bb por parte de Trinidad y Tobago \u00aben coordinaci\u00f3n\u00bb con la CIA para<b> \u00abinstalar una guerra\u00bb en el Caribe.<\/b><\/p>\n<p class=\"c-paragraph\">En un comunicado, el Ejecutivo chavista alert\u00f3 sobre \u00abla peligrosa realizaci\u00f3n de &#8216;ejercicios militares&#8217; por parte del Gobierno de Trinidad y Tobago entre el 26 y 30 del presente mes, bajo coordinaci\u00f3n, financiamiento y control del Comando Sur\u00bb de EEUU.<\/p>\n<p class=\"c-paragraph\">Este lunes, el Ministerio de Asuntos Extranjeros trinitense neg\u00f3 que los ejercicios militares que realiza estos d\u00edas la Armada estadounidense en su territorio contra el narcotr\u00e1fico en el Caribe sean para provocar <b>hostilidades contra Venezuela.<\/b><\/p>\n<p class=\"c-paragraph\">Adem\u00e1s del destructor, se espera la llegada de la Unidad Expedicionaria 22 del Cuerpo de Infanter\u00eda de Marina estadounidense a Trinidad y Tobago.<\/p>\n<p class=\"c-paragraph\">La semana pasada, EEUU anunci\u00f3 el traslado al Caribe del portaaviones USS Gerald Ford, el mayor de la flota estadounidense, que se suma al contingente desplegado desde agosto con el argumento de combatir el narcotr\u00e1fico en la regi\u00f3n.<\/p>\n","protected":false},"excerpt":{"rendered":"El presidente de Venezuela, Nicol\u00e1s Maduro, ha acusado este lunes a la primera ministra de Trinidad y Tobago,&hellip;\n","protected":false},"author":2,"featured_media":205252,"comment_status":"","ping_status":"","sticky":false,"template":"","format":"standard","meta":{"footnotes":""},"categories":[42],"tags":[517,17,18,13,14,11,61,62,63,64,19,20,9,10,15,16,12,21,22,65,66,67],"class_list":{"0":"post-205251","1":"post","2":"type-post","3":"status-publish","4":"format-standard","5":"has-post-thumbnail","7":"category-internacional","8":"tag-actualidad","9":"tag-breaking-news","10":"tag-breakingnews","11":"tag-featured-news","12":"tag-featurednews","13":"tag-headlines","14":"tag-internacional","15":"tag-international","16":"tag-international-news","17":"tag-internationalnews","18":"tag-latest-news","19":"tag-latestnews","20":"tag-news","21":"tag-noticias","22":"tag-noticias-destacadas","23":"tag-noticiasdestacadas","24":"tag-titulares","25":"tag-ultimas-noticias","26":"tag-ultimasnoticias","27":"tag-world","28":"tag-world-news","29":"tag-worldnews"},"share_on_mastodon":{"url":"https:\/\/pubeurope.com\/@es\/115451367588950303","error":""},"_links":{"self":[{"href":"https:\/\/www.europesays.com\/es\/wp-json\/wp\/v2\/posts\/205251","targetHints":{"allow":["GET"]}}],"collection":[{"href":"https:\/\/www.europesays.com\/es\/wp-json\/wp\/v2\/posts"}],"about":[{"href":"https:\/\/www.europesays.com\/es\/wp-json\/wp\/v2\/types\/post"}],"author":[{"embeddable":true,"href":"https:\/\/www.europesays.com\/es\/wp-json\/wp\/v2\/users\/2"}],"replies":[{"embeddable":true,"href":"https:\/\/www.europesays.com\/es\/wp-json\/wp\/v2\/comments?post=205251"}],"version-history":[{"count":0,"href":"https:\/\/www.europesays.com\/es\/wp-json\/wp\/v2\/posts\/205251\/revisions"}],"wp:featuredmedia":[{"embeddable":true,"href":"https:\/\/www.europesays.com\/es\/wp-json\/wp\/v2\/media\/205252"}],"wp:attachment":[{"href":"https:\/\/www.europesays.com\/es\/wp-json\/wp\/v2\/media?parent=205251"}],"wp:term":[{"taxonomy":"category","embeddable":true,"href":"https:\/\/www.europesays.com\/es\/wp-json\/wp\/v2\/categories?post=205251"},{"taxonomy":"post_tag","embeddable":true,"href":"https:\/\/www.europesays.com\/es\/wp-json\/wp\/v2\/tags?post=205251"}],"curies":[{"name":"wp","href":"https:\/\/api.w.org\/{rel}","templated":true}]}}