{"id":205268,"date":"2025-10-28T10:54:12","date_gmt":"2025-10-28T10:54:12","guid":{"rendered":"https:\/\/www.europesays.com\/es\/205268\/"},"modified":"2025-10-28T10:54:12","modified_gmt":"2025-10-28T10:54:12","slug":"ot-2025-el-micro-abierto-de-abraham-mateo-en-ot-2025-tras-la-nominacion-definitiva-de-la-gala-6-no-deberia-objetivamente","status":"publish","type":"post","link":"https:\/\/www.europesays.com\/es\/205268\/","title":{"rendered":"OT 2025: El micro abierto de Abraham Mateo en &#8216;OT 2025&#8217; tras la nominaci\u00f3n definitiva de la gala 6: \u00abNo deber\u00eda&#8230; objetivamente\u00bb"},"content":{"rendered":"<p class=\"article-text\">\n        <strong>OT 2025<\/strong> celebr\u00f3 este lunes 27 de octubre en <strong>Prime Video<\/strong> su <strong>gala 6<\/strong>, que se sald\u00f3 con la <a href=\"https:\/\/www.eldiario.es\/vertele\/noticias\/ot-2025-vivio-expulsion-clara-fecha-gala-chenoa-dedico-familia-alex-casademunt_1_12719598.html\" target=\"_blank\" data-mrf-recirculation=\"links-noticia\" class=\"link\" rel=\"nofollow noopener\">expulsi\u00f3n contundente de <\/a><a href=\"https:\/\/www.eldiario.es\/vertele\/noticias\/ot-2025-vivio-expulsion-clara-fecha-gala-chenoa-dedico-familia-alex-casademunt_1_12719598.html\" target=\"_blank\" data-mrf-recirculation=\"links-noticia\" class=\"link\" rel=\"nofollow noopener\"><strong>Max<\/strong><\/a><strong> <\/strong>contra <strong>Luc\u00eda Casani<\/strong> y una lista de nominadas que no entraba en muchas quinielas. Y fue precisamente tras conocer que <strong>Olivia y Laura Mu\u00f1oz<\/strong> se quedaban en la cuerda floja esta semana cuando se col\u00f3 un micro abierto de <strong>Abraham Mateo <\/strong>que est\u00e1 dando lugar a un sinf\u00edn de especulaciones.\n    <\/p>\n<p>    <a href=\"https:\/\/www.eldiario.es\/vertele\/noticias\/ot-2025-vivio-expulsion-clara-fecha-gala-chenoa-dedico-familia-alex-casademunt_1_12719598.html\" data-mrf-recirculation=\"saber-mas\" data-dl-event=\"saber-mas\" rel=\"nofollow noopener\" target=\"_blank\"><\/p>\n<p class=\"know-more__title\">&#8216;OT 2025&#8217; vivi\u00f3 la expulsi\u00f3n m\u00e1s clara hasta la fecha, en una gala que Chenoa dedic\u00f3 a la familia de \u00c1lex Casademunt<\/p>\n<p>            <img decoding=\"async\" class=\"lazy\" loading=\"lazy\" data-src=\"https:\/\/static.eldiario.es\/clip\/d1b0f8c7-6062-4f2c-970d-34daf8ebde1b_16-9-aspect-ratio_default_0.jpg\" src=\"data:image\/svg+xml,%3Csvg xmlns=\" http:=\"\" viewbox=\"0 0 880 495\" alt=\"'OT 2025' vivi\u00f3 la expulsi\u00f3n m\u00e1s clara hasta la fecha, en una gala que Chenoa dedic\u00f3 a la familia de \u00c1lex Casademunt\"\/><\/p>\n<p>                        <\/a><\/p>\n<p class=\"article-text\">\n        Tras la eliminaci\u00f3n del concursante catal\u00e1n y la elecci\u00f3n de <strong>Tinho <\/strong>como favorito semanal, el jurado compuesto por <strong>Leire Mart\u00ednez, Guille Milkyway, Cris Regatero<\/strong> y el mencionado Abraham Mateo arranc\u00f3 unas nominaciones que se antojaron de lo m\u00e1s complicadas, tal como ellos mismos admitieron. El grupo de expertos decidi\u00f3 poner en duda la continuidad en la Academia de <strong>Laura Mu\u00f1oz, Mar\u00eda Cruz, Guillo Rist y Olivia<\/strong>, protagonistas de dos de los d\u00faos de la noche, para que fuesen los profesores y los compa\u00f1eros los que redujesen la lista a las dos nominadas definitivas.\n    <\/p>\n<p class=\"article-text\">\n        <strong>Noem\u00ed Galera<\/strong> y compa\u00f1\u00eda decidieron salvar a Guillo, mientras que los concursantes lanzaron un salvavidas a Mar\u00eda. De este modo, Laura y Olivia se quedaron con <strong>Chenoa <\/strong>para repasar los m\u00e9todos de salvaci\u00f3n y dar por concluida la gala. Pero antes de cerrar la conexi\u00f3n, y mientras la presentadora agradec\u00eda al jurado su labor y emplazaba a los espectadores al lunes que viene, <strong>se escuch\u00f3 un lamento de Abraham<\/strong> en un momento en que su micro tendr\u00eda que haber estado apagado.\n    <\/p>\n<p class=\"article-text\">\n        \u201c<strong>No deber\u00eda, no deber\u00eda&#8230; objetivamente<\/strong>\u201d, coment\u00f3 el artista a su compa\u00f1era Cris Regatero, mientras esta hac\u00eda un <strong>gesto de resignaci\u00f3n<\/strong>. No se lleg\u00f3 a entender a qui\u00e9n se refer\u00eda Abraham, pero s\u00ed parece claro que el juez no estaba del todo de acuerdo, \u201cobjetivamente\u201d, con el duelo final de nominadas.\n    <\/p>\n<p>    <a href=\"https:\/\/www.eldiario.es\/vertele\/audiencias-tv\/lunes-27-octubre-2025-el-hormiguero-regala-3000-programas-victoria-holgada-fecha-la-revuelta_1_12719840.html\" data-mrf-recirculation=\"saber-mas-abajo\" data-dl-event=\"saber-mas-abajo\" rel=\"nofollow noopener\" target=\"_blank\"><\/p>\n<p class=\"know-more__title\">&#8216;El Hormiguero&#8217; (19.2%) se regala por sus 3.000 programas su victoria m\u00e1s holgada hasta la fecha sobre &#8216;La Revuelta&#8217; (11.4%)\n<\/p>\n<p>            <img decoding=\"async\" class=\"lazy\" loading=\"lazy\" data-src=\"https:\/\/static.eldiario.es\/clip\/90c5e8b1-8616-4058-a566-22767e02cb83_16-9-aspect-ratio_default_0.jpg\" src=\"data:image\/svg+xml,%3Csvg xmlns=\" http:=\"\" viewbox=\"0 0 880 495\" alt=\"'El Hormiguero' (19.2%) se regala por sus 3.000 programas su victoria m\u00e1s holgada hasta la fecha sobre 'La Revuelta' (11.4%)\"\/><\/p>\n<p>                        <\/a><\/p>\n<blockquote class=\"twitter-tweet\" data-lang=\"es\"><p><a href=\"https:\/\/twitter.com\/X\/status\/1982955672628285733?ref_src=twsrc%5Etfw\" rel=\"nofollow noopener\" target=\"_blank\"><\/p><\/blockquote>\n<p class=\"article-text\">\n        Ahora es turno del p\u00fablico decidir qui\u00e9n merece continuar en la Academia, si Laura Mu\u00f1oz u Olivia. <strong>La primera ya estuvo nominada<\/strong> en la gala 4 y se salv\u00f3 holgadamente contra Carlos. La <strong>segunda<\/strong>, que volvi\u00f3 a salir este lunes entre el tr\u00edo de favoritos, estrena nominaci\u00f3n. La salvaci\u00f3n, como en ediciones anteriores, se vota exclusivamente mediante la app oficial de Operaci\u00f3n Triunfo.\n    <\/p>\n<p>                                <script async src=\"https:\/\/platform.twitter.com\/widgets.js\" charset=\"utf-8\"><\/script><\/p>\n","protected":false},"excerpt":{"rendered":"OT 2025 celebr\u00f3 este lunes 27 de octubre en Prime Video su gala 6, que se sald\u00f3 con&hellip;\n","protected":false},"author":2,"featured_media":205269,"comment_status":"","ping_status":"","sticky":false,"template":"","format":"standard","meta":{"footnotes":""},"categories":[171],"tags":[45,6832,1046,12588,10371,8767,146,147,25,24,1649,7862,9665,689,40114,56141,221,23,214],"class_list":{"0":"post-205268","1":"post","2":"type-post","3":"status-publish","4":"format-standard","5":"has-post-thumbnail","7":"category-tv","8":"tag-45","9":"tag-6832","10":"tag-abierto","11":"tag-abraham","12":"tag-deberia","13":"tag-definitiva","14":"tag-entertainment","15":"tag-entretenimiento","16":"tag-es","17":"tag-espana","18":"tag-gala","19":"tag-mateo","20":"tag-micro","21":"tag-no","22":"tag-nominacion","23":"tag-objetivamente","24":"tag-ot","25":"tag-spain","26":"tag-tv"},"share_on_mastodon":{"url":"https:\/\/pubeurope.com\/@es\/115451426599518270","error":""},"_links":{"self":[{"href":"https:\/\/www.europesays.com\/es\/wp-json\/wp\/v2\/posts\/205268","targetHints":{"allow":["GET"]}}],"collection":[{"href":"https:\/\/www.europesays.com\/es\/wp-json\/wp\/v2\/posts"}],"about":[{"href":"https:\/\/www.europesays.com\/es\/wp-json\/wp\/v2\/types\/post"}],"author":[{"embeddable":true,"href":"https:\/\/www.europesays.com\/es\/wp-json\/wp\/v2\/users\/2"}],"replies":[{"embeddable":true,"href":"https:\/\/www.europesays.com\/es\/wp-json\/wp\/v2\/comments?post=205268"}],"version-history":[{"count":0,"href":"https:\/\/www.europesays.com\/es\/wp-json\/wp\/v2\/posts\/205268\/revisions"}],"wp:featuredmedia":[{"embeddable":true,"href":"https:\/\/www.europesays.com\/es\/wp-json\/wp\/v2\/media\/205269"}],"wp:attachment":[{"href":"https:\/\/www.europesays.com\/es\/wp-json\/wp\/v2\/media?parent=205268"}],"wp:term":[{"taxonomy":"category","embeddable":true,"href":"https:\/\/www.europesays.com\/es\/wp-json\/wp\/v2\/categories?post=205268"},{"taxonomy":"post_tag","embeddable":true,"href":"https:\/\/www.europesays.com\/es\/wp-json\/wp\/v2\/tags?post=205268"}],"curies":[{"name":"wp","href":"https:\/\/api.w.org\/{rel}","templated":true}]}}