{"id":205315,"date":"2025-10-28T11:30:13","date_gmt":"2025-10-28T11:30:13","guid":{"rendered":"https:\/\/www.europesays.com\/es\/205315\/"},"modified":"2025-10-28T11:30:13","modified_gmt":"2025-10-28T11:30:13","slug":"cambios-version-mazon-cuando-ha-mentido-el-president","status":"publish","type":"post","link":"https:\/\/www.europesays.com\/es\/205315\/","title":{"rendered":"Cambios versi\u00f3n Maz\u00f3n | \u00bfCu\u00e1ndo ha mentido el president?"},"content":{"rendered":"<p class=\"ft-text ft-helper-closenews\">\u00ab\u00bfPero qui\u00e9n cambia de versi\u00f3n? \u00bfPero qui\u00e9n cambia de versi\u00f3n? De verdad que no entiendo el cambio de versi\u00f3n cu\u00e1ndo es. Evidentemente las 20.28 horas es despu\u00e9s de las 19.30, es un hecho factico, \u00bfno? <strong>\u00bfCu\u00e1ndo he mentido?<\/strong> Repasen mi comparecencia en las Corts, que siempre dije lo mismo. <strong>No he cambiado de versi\u00f3n jam\u00e1s<\/strong>\u00ab. Son palabras del president de la Generalitat, <a class=\"ft-link ft-link--decoration\" href=\"https:\/\/www.levante-emv.com\/tags\/carlos-mazon\/\" target=\"_blank\" rel=\"nofollow noopener\">Carlos Maz\u00f3n<\/a>, pronunciadas el pasado 25 de febrero tras admitir que el fat\u00eddico <a class=\"ft-link ft-link--decoration\" href=\"https:\/\/www.levante-emv.com\/tags\/dana-29-o\/\" target=\"_blank\" rel=\"nofollow noopener\">29-O<\/a>, d\u00eda de la <a class=\"ft-link ft-link--decoration\" href=\"https:\/\/www.levante-emv.com\/tags\/dana-valencia\/\" target=\"_blank\" rel=\"nofollow noopener\">dana<\/a> en la que <strong>murieron 229 personas<\/strong>, lleg\u00f3 al Cecopi con el Es Alert lanzado y la tragedia consumada. Maz\u00f3n negaba y niega haber alterado su relato, pero lo cierto es que pasado un a\u00f1o de la cat\u00e1strofe no s\u00f3lo contin\u00faa habiendo agujeros en su cronolog\u00eda de aquella tarde, sino que <a class=\"ft-link ft-link--decoration\" href=\"https:\/\/www.levante-emv.com\/comunitat-valenciana\/2025\/10\/26\/horas-criticas-29-0-presidente-123026307.html\" target=\"_blank\" rel=\"nofollow noopener\">siguen apareciendo informaciones<\/a> que contradicen las versiones aportadas por el popular en este tiempo.<\/p>\n<p class=\"ft-text\">Maz\u00f3n y su equipo de Presidencia han plagado las poco m\u00e1s de cinco horas que transcurren desde que empieza su <a class=\"ft-link ft-link--decoration\" href=\"https:\/\/www.levante-emv.com\/comunitat-valenciana\/2024\/11\/09\/mazon-comio-periodista-maribel-vilaplana-dana-valencia-111512438.html\" target=\"_blank\" rel=\"nofollow noopener\">comida en El Ventorro con la periodista Maribel Vilaplana<\/a> (15.00 horas) hasta que <a class=\"ft-link ft-link--decoration\" href=\"https:\/\/www.levante-emv.com\/comunitat-valenciana\/2025\/02\/27\/generalitat-imagen-llegada-mazon-cecopi-dana-valencia-114757512.html\" target=\"_blank\" rel=\"nofollow noopener\">aterriza en el Cecopi<\/a> (20.28 horas) de silencios y medias verdades, siendo generosos. Levante-EMV ha recopilado al menos ocho ocasiones en las que el president ha cambiado de versi\u00f3n sobre su agenda de la tarde de la dana durante estos 12 meses.<\/p>\n<p>De comida \u00abprivada\u00bb a \u00abde trabajo\u00bb<\/p>\n<p class=\"ft-text\">La pregunta de d\u00f3nde estuvo Maz\u00f3n en los momentos m\u00e1s cr\u00edticos no tard\u00f3 en aflorar y con ella, las primeras contradicciones. El 7 de noviembre el jefe del Consell asegur\u00f3 a los medios que tras finalizar sus actos de agenda, pasadas las 14.00 horas, acudi\u00f3 a un <a class=\"ft-link ft-link--decoration\" href=\"https:\/\/www.levante-emv.com\/comunitat-valenciana\/2024\/11\/07\/mazon-dia-29-estuve-almuerzo-111468590.html\" target=\"_blank\" rel=\"nofollow noopener\">\u00abalmuerzo de trabajo\u00bb<\/a>. Era su primer cambio de versi\u00f3n, pues anteriormente se hab\u00eda referido a ese encuentro como un <strong>\u00abalmuerzo privado\u00bb<\/strong>. Pese a ser supuestamente \u00abde trabajo\u00bb, en la agenda de la Generalitat no figuraba ninguna actividad oficial de Maz\u00f3n m\u00e1s all\u00e1 de su encuentro con los agentes sociales de las 13.45 horas.<\/p>\n<p>De Navarro a Vilaplana<\/p>\n<p class=\"ft-text\">Faltaba por conocer lugar y comensal. El presidente de la patronal CEV, <strong>Salvador Navarro<\/strong>, tuvo que desmentir p\u00fablicamente haber compartido mesa y mantel con Maz\u00f3n despu\u00e9s de que algunas informaciones apuntaran a ello citando a la Generalitat como fuente. Desde el gobierno valenciano, sin embargo, se ha mantenido que se trat\u00f3 de una confusi\u00f3n y que se difundi\u00f3 por error la agenda de la exconsellera <strong>Nuria Montes<\/strong>, que s\u00ed ten\u00eda concertada una reuni\u00f3n con Navarro, en lugar de la de Maz\u00f3n.<\/p>\n<p class=\"ft-text\">Ese mismo d\u00eda, el 8 de noviembre, la Generalitat desvelaba por fin el secreto y admit\u00eda que el president <strong>comi\u00f3 con Vilaplana en El Ventorro<\/strong>. Explicaba tambi\u00e9n que no se desvel\u00f3 antes por petici\u00f3n de la comunicadora, que pidi\u00f3 omitir su identidad para no sufrir represalias, y situaba la llegada de Maz\u00f3n al Palau a las 18.00 horas y al Cecopi, \u00abpasadas las 19.00 horas\u00bb. <strong>Dos datos que con el tiempo tambi\u00e9n se han demostrado falsos<\/strong>.<\/p>\n<p>De president a l\u00edder del PPCV<\/p>\n<p class=\"ft-text\">Ni Maz\u00f3n ni su gobierno aportaron m\u00e1s detalles de ese encuentro, pero la oposici\u00f3n quer\u00eda conocer la letra peque\u00f1a. As\u00ed, el PSPV pidi\u00f3 en las Corts acceder al tiquet del restaurante para conocer su coste y otros detalles como qu\u00e9 comieron o cu\u00e1ndo concluy\u00f3 la comida.La sorpresa lleg\u00f3 cuando el Consell respondi\u00f3, el 26 de diciembre, a los socialistas asegurando no poder aportar esa factura alegando que <a class=\"ft-link ft-link--decoration\" href=\"https:\/\/www.levante-emv.com\/comunitat-valenciana\/2024\/12\/26\/generalitat-pago-comida-ventorro-mazon-dana-valencia-112925712.html\" target=\"_blank\" rel=\"nofollow noopener\">Maz\u00f3n acudi\u00f3 a esa cita como l\u00edder del PP valenciano y no como president de la Generalitat<\/a>, un detalle que se hab\u00eda omitido durante semanas. <strong>\u00abNo dije antes que fue una comida del PP porque nadie pregunt\u00f3\u00bb<\/strong>, justific\u00f3 luego Maz\u00f3n, negando de nuevo haber cambiado de versi\u00f3n.<\/p>\n<p>El Ventorro: de las 17.45 a las 18.45<\/p>\n<p class=\"ft-text\">Las horas y los minutos, vitales en una tragedia como la del 29-O, tambi\u00e9n han bailado en el relato del jefe del Consell. Ha variado el fin de la comida, su llegada al Palau y su llegada al Cecopi. Poco despu\u00e9s de desvelarse su identidad y a trav\u00e9s de declaraciones de terceros, Vilaplana situ\u00f3 el fin del \u00e1gape en El Ventorro, emplazado a escasos minutos a pie de la sede de la Generalitat, <a class=\"ft-link ft-link--decoration\" href=\"https:\/\/www.levante-emv.com\/comunitat-valenciana\/2024\/11\/21\/polemica-comida-mazon-dia-riada-111921155.html\" target=\"_blank\" rel=\"nofollow noopener\">sobre las 17.45 horas<\/a>. La secuencia cuadraba con la versi\u00f3n de la Generalitat de que Maz\u00f3n lleg\u00f3 a su despacho a las 18.00 horas. Pero la periodista desmont\u00f3 esta versi\u00f3n con una <a class=\"ft-link ft-link--decoration\" href=\"https:\/\/www.levante-emv.com\/comunitat-valenciana\/2025\/09\/05\/maribel-vilaplana-rompe-silencio-foco-121280301.html\" target=\"_blank\" rel=\"nofollow noopener\">carta abierta<\/a> publicada el<strong> 6 de septiembre<\/strong> en la que retrasaba la salida del restaurante a <strong>\u00abentre las 18.30 y las 18.45 horas\u00bb<\/strong>, <a class=\"ft-link ft-link--decoration\" href=\"https:\/\/www.levante-emv.com\/comunitat-valenciana\/2025\/09\/06\/nuevas-horas-reveladas-vilaplana-contradicen-121283945.html\" target=\"_blank\" rel=\"nofollow noopener\">una hora despu\u00e9s de la cronolog\u00eda inicial respaldada por Maz\u00f3n y su equipo<\/a>, que no desmintieron nunca a Vilaplana.<\/p>\n<p>El Palau: de las 18.00 a las 20.00 horas<\/p>\n<p class=\"ft-text\">A su vez, tal como public\u00f3 este diario, ahora se sabe que el president no llegar\u00eda al Palau hasta cerca de las 20.00 horas, <strong>dos horas despu\u00e9s de lo trasladado por la Generalitat desde el principio<\/strong>.<\/p>\n<p class=\"ft-text\">\u00abTras acabar el encuentro llego\u0301 a las 18 horas al Palau de la Generalitat, desde donde continuo\u0301 siendo informado puntualmente junto a su gabinete de la evolucio\u0301n de la situacio\u0301n provocada por la dana\u00bb, se\u00f1alaron desde la Generalitat el 8 de noviembre.<\/p>\n<p>De El Ventorro al Palau&#8230;pasando por el p\u00e1rking<\/p>\n<p class=\"ft-text\">Maz\u00f3n ha ido cambiando la versi\u00f3n sobre el recorrido tambi\u00e9n. Hasta en tres recientes entrevistas asegur\u00f3 haber ido directo del restaurante al Palau, detallando incluso su recorrido calle a calle. Sin embargo, este diario ha desvelado en exclusiva que no fue as\u00ed, sino que el president <strong>acompa\u00f1\u00f3 a Vilaplana hasta el aparcamiento Glorieta-Paz<\/strong>, a escasos metros del local pero en sentido opuesto a su despacho. El president <a class=\"ft-link ft-link--decoration\" href=\"https:\/\/www.levante-emv.com\/comunitat-valenciana\/2025\/10\/27\/mazon-evita-responder-comida-vilaplana-dana-123062313.html\" target=\"_blank\" rel=\"nofollow noopener\">no quiso responder<\/a> ayer sobre esta cuesti\u00f3n a preguntas de los medios.<\/p>\n<p class=\"ft-text\">La Generalitat, en respuesta parlamentaria a Comprom\u00eds, tambi\u00e9n omiti\u00f3 este alto en el camino del president.<\/p>\n<p>El Cecopi: de \u00abmedia tarde\u00bb a las 20.28<\/p>\n<p class=\"ft-text\">Posiblemente, el cambio de versi\u00f3n m\u00e1s evidente y medi\u00e1tico de Maz\u00f3n, que <strong>en pocos d\u00edas pas\u00f3 de mantener que lleg\u00f3 al Cecopi \u00aba media tarde\u00bb a admitir que lo hizo a las 20.28 horas<\/strong>, con la alerta ya enviada y <a class=\"ft-link ft-link--decoration\" href=\"https:\/\/www.levante-emv.com\/comunitat-valenciana\/2025\/10\/20\/jueza-dana-afirma-barrancos-horteta-y-gallego-provocaron-ahogamientos-antes-del-cecopi-122816894.html\" target=\"_blank\" rel=\"nofollow noopener\">la mayor\u00eda de v\u00edctimas fallecidas<\/a>. La referencia de que llega <strong>\u00aba media tarde\u00bb<\/strong> la ofrece el 7 de febrero. La Generalitat, en su filtraci\u00f3n de inicios de noviembre, dijo que fue \u00abpasadas las 19 horas\u00bb. Luego, el 24 de febrero, desvela en una conferencia en Madrid su registro de llamadas, que incluye una comunicaci\u00f3n con <strong>Salom\u00e9 Pradas<\/strong>, que estaba en el Cecopi, a las 19.43 horas.<\/p>\n<p class=\"ft-text\">Los tiempos sorprenden, pues la versi\u00f3n oficial daba a entender que Maz\u00f3n ya estaba para entonces en el centro de l&#8217;Eliana. Al d\u00eda siguiente, admite que lleg\u00f3 a las 20.28 horas y, pese a todo, <strong>niega de forma vehemente haber cambiado de versi\u00f3n<\/strong>. Entre ambas fechas, la jueza <strong>dicta un auto que parece fundamental<\/strong> para el relato de Maz\u00f3n y su llegada al Cecopi. Pregunta a la Generalitat <a class=\"ft-link ft-link--decoration\" href=\"https:\/\/www.levante-emv.com\/comunitat-valenciana\/2025\/02\/17\/juez-pregunta-emergencias-concurrio-autoridad-114394865.html\" target=\"_blank\" rel=\"nofollow noopener\">si concurri\u00f3 alguna autoridad al \u00f3rgano director de la emergencia<\/a>, en clara alusi\u00f3n a Maz\u00f3n, quien desde ese momento pasa de tratar de adelantar su llegada a demostrar, con foto incluida, que lleg\u00f3 tras el env\u00edo del Es Alert.<\/p>\n<p>El viaje: del \u00abno fue f\u00e1cil\u00bb a la v\u00eda libre<\/p>\n<p class=\"ft-text\">En su comparecencia en Corts del 15 de noviembre, Maz\u00f3n asegur\u00f3 que el viaje a l&#8217;Eliana desde el Palau<strong> \u00abno fue f\u00e1cil\u00bb<\/strong>. \u00abEl mal tiempo, como es normal en estas situaciones, produjo <strong>gran densidad de tr\u00e1fico y alarg\u00f3 el trayecto<\/strong> hasta que llegu\u00e9 a l&#8217;Eliana\u00bb, dijo. Sin embargo, dado que ahora se conoce que el president estaba en el centro de Val\u00e8ncia a eso de las 20.00 horas, no parece que el trayecto hasta l&#8217;Eliana fuera complicado, pues lo habr\u00eda cubierto en algo m\u00e1s de 20 minutos, el tiempo habitual. Es un detalle que puede ser menor, pero que en cualquier caso revelar\u00eda que <strong>Maz\u00f3n minti\u00f3 en sede parlamentaria<\/strong>.<\/p>\n<p data-close=\"closedContent\" class=\"subscribeHideForDisplay\">Suscr\u00edbete para seguir leyendo<\/p>\n","protected":false},"excerpt":{"rendered":"\u00ab\u00bfPero qui\u00e9n cambia de versi\u00f3n? \u00bfPero qui\u00e9n cambia de versi\u00f3n? De verdad que no entiendo el cambio de&hellip;\n","protected":false},"author":2,"featured_media":205316,"comment_status":"","ping_status":"","sticky":false,"template":"","format":"standard","meta":{"footnotes":""},"categories":[8],"tags":[17,18,3463,12189,7163,1681,25,24,13,14,11,19,20,1439,2861,9,10,15,16,36891,23688,23,12,2752,21,22,1927],"class_list":{"0":"post-205315","1":"post","2":"type-post","3":"status-publish","4":"format-standard","5":"has-post-thumbnail","7":"category-espana","8":"tag-breaking-news","9":"tag-breakingnews","10":"tag-cambios","11":"tag-comunitat-valenciana","12":"tag-consell","13":"tag-dana","14":"tag-es","15":"tag-espana","16":"tag-featured-news","17":"tag-featurednews","18":"tag-headlines","19":"tag-latest-news","20":"tag-latestnews","21":"tag-mazon","22":"tag-mentiras","23":"tag-news","24":"tag-noticias","25":"tag-noticias-destacadas","26":"tag-noticiasdestacadas","27":"tag-palau","28":"tag-silencios","29":"tag-spain","30":"tag-titulares","31":"tag-trabajo","32":"tag-ultimas-noticias","33":"tag-ultimasnoticias","34":"tag-version"},"share_on_mastodon":{"url":"https:\/\/pubeurope.com\/@es\/115451568111911985","error":""},"_links":{"self":[{"href":"https:\/\/www.europesays.com\/es\/wp-json\/wp\/v2\/posts\/205315","targetHints":{"allow":["GET"]}}],"collection":[{"href":"https:\/\/www.europesays.com\/es\/wp-json\/wp\/v2\/posts"}],"about":[{"href":"https:\/\/www.europesays.com\/es\/wp-json\/wp\/v2\/types\/post"}],"author":[{"embeddable":true,"href":"https:\/\/www.europesays.com\/es\/wp-json\/wp\/v2\/users\/2"}],"replies":[{"embeddable":true,"href":"https:\/\/www.europesays.com\/es\/wp-json\/wp\/v2\/comments?post=205315"}],"version-history":[{"count":0,"href":"https:\/\/www.europesays.com\/es\/wp-json\/wp\/v2\/posts\/205315\/revisions"}],"wp:featuredmedia":[{"embeddable":true,"href":"https:\/\/www.europesays.com\/es\/wp-json\/wp\/v2\/media\/205316"}],"wp:attachment":[{"href":"https:\/\/www.europesays.com\/es\/wp-json\/wp\/v2\/media?parent=205315"}],"wp:term":[{"taxonomy":"category","embeddable":true,"href":"https:\/\/www.europesays.com\/es\/wp-json\/wp\/v2\/categories?post=205315"},{"taxonomy":"post_tag","embeddable":true,"href":"https:\/\/www.europesays.com\/es\/wp-json\/wp\/v2\/tags?post=205315"}],"curies":[{"name":"wp","href":"https:\/\/api.w.org\/{rel}","templated":true}]}}