{"id":205320,"date":"2025-10-28T11:37:18","date_gmt":"2025-10-28T11:37:18","guid":{"rendered":"https:\/\/www.europesays.com\/es\/205320\/"},"modified":"2025-10-28T11:37:18","modified_gmt":"2025-10-28T11:37:18","slug":"elia-viviani-se-retira-a-lo-grande-campeon-del-mundo-de","status":"publish","type":"post","link":"https:\/\/www.europesays.com\/es\/205320\/","title":{"rendered":"Elia Viviani se retira a lo grande: campe\u00f3n del Mundo de&#8230;"},"content":{"rendered":"<p>                    El ciclista italiano cierra una espectacular carrera profesional con un nuevo t\u00edtulo Mundial en pista, en la modalidad de Eliminaci\u00f3n, en los Campeonatos que se han celebrado en Chile.<\/p>\n<p class=\"c-news-list__author\">Mar\u00eda Jos\u00e9 Rey (EFE). Foto: Osvaldo Villarroel (EFE)<\/p>\n<p class=\"c-mainarticle__date\">\n<p>                    27 de octubre de 2025 (08:30 CET)<\/p>\n<p>                                                                                                                                        <img fetchpriority=\"high\" decoding=\"async\" src=\"https:\/\/www.europesays.com\/es\/wp-content\/uploads\/2025\/10\/elia-viviani-campeon-del-mundo-de-eliminacion.jpeg\" alt=\"Elia Viviani, campe\u00f3n del Mundo de Eliminaci\u00f3n\" title=\"Elia Viviani, campe\u00f3n del Mundo de Eliminaci\u00f3n\" class=\"c-mainarticle__img\" loading=\"eager\" width=\"790\" height=\"454\"\/><\/p>\n<p>                    Elia Viviani, campe\u00f3n del Mundo de Eliminaci\u00f3n<\/p>\n<p>El italiano <strong>Elia Viviani <\/strong>despert\u00f3 la admiraci\u00f3n de todos al coronar el <strong>t\u00edtulo de la prueba de eliminaci\u00f3n<\/strong> tras cruzar de primero la meta y ponerle el fin a su carrera profesional con un oro en el <strong>Campeonato Mundial de Ciclismo de Pista UCI 2025 en Chile.\u00a0<\/strong>La medalla de plata fue para el neozeland\u00e9s <strong>Campbell Stewart <\/strong>y el bronce para el neerland\u00e9s <strong>Yoeri Havil.<\/strong><\/p>\n<p>Su \u00faltima prueba tuvo dos arranques porque hubo que repetir el pistoletazo inicial por una salida en falso entre el pelot\u00f3n de corredores, nada que el experimentado italiano de 36 a\u00f1os no pudiera manejar.<strong> Viviani gan\u00f3,<\/strong> pero adem\u00e1s fue el \u00fanico de los tres medallistas que subieron al podio en esta prueba en Ballerup 2024 que volvi\u00f3 a encumbrarse, <strong>tras la plata que obtuvo hace un a\u00f1o.\u00a0<\/strong>Los otros dos fueron el dan\u00e9s Tob\u00edas Hansen que fue oro, y el canadiense Dylan Bibic bronce, pero ambos quedaron fuera a mitad de la carrera.<\/p>\n<p><a data-external=\"1\" href=\"https:\/\/www.ciclismoafondo.es\/competicion\/noticias-resultados-ciclismo\/elia-viviani-otro-ilustre-peloton-se-retira_317331_102.html\" rel=\"nofollow noopener\" target=\"_blank\" title=\"El italiano hab\u00eda anunciado su retirada del ciclismo\">El italiano hab\u00eda anunciado hace unos d\u00edas su retirada del ciclismo<\/a>, por lo que <strong>recibi\u00f3 la ovaci\u00f3n del Vel\u00f3dromo de Santiago antes de correr, y luego los aplausos encendidos al cruzar la meta.<\/strong><\/p>\n<p>Viviani cierra su carrera con un palmar\u00e9s que contempla\u00a0<strong>tres medallas ol\u00edmpicas<\/strong>: oro en \u00f3mnium en R\u00edo 2016, bronce en la misma prueba en Tokio 2020 y una plata en madison junto a Simone Consonni en Par\u00eds 2024. <strong>En Mundiales\u00a0ha ganado nueve medallas -tres de ellas de oro<\/strong>, contando la de este domingo-, ocho\u00a0 t\u00edtulo europeos en pista y numerosas\u00a0victorias en el ciclismo de ruta, incluidas en las tres grandes vueltas\u00a0(5 en el Giro, 3 en La Vuelta y una en el Tour),\u00a0<\/p>\n<p>\u201c<strong>Estoy incre\u00edblemente feliz con lo que he conseguido<\/strong>. El ciclismo me ha ense\u00f1ado a vivir\u201d, declar\u00f3 el italiano con el anuncio de su retirada.<\/p>\n<p>\u00a0<\/p>\n<p>Lavreysen se impone en velocidad y suma su vig\u00e9simo t\u00edtulo Mundial<\/p>\n<p>El neerland\u00e9s <strong>Harrie Lavreysen conquist\u00f3 este domingo el t\u00edtulo de velocidad individual del Campeonato Mundial de Ciclismo de Pista UCI 2025 en Chile,<\/strong> en una explosiva carrera con el brit\u00e1nico <strong>Matthew Richardson<\/strong>.<\/p>\n<p>El m\u00faltiple campe\u00f3n mundial y ol\u00edmpico holand\u00e9s alcanz\u00f3 el<strong> vig\u00e9simo t\u00edtulo Mundial de su carrera<\/strong>, aumentado su r\u00e9cord y leyenda en el ciclismo de pista, mientras que Richardson se qued\u00f3 con la medalla de plata.<\/p>\n<p>El holand\u00e9s<strong> revalid\u00f3 su corona que gan\u00f3 en Ballerup 2024 <\/strong>y fue el \u00fanico de los medallistas de hace un a\u00f1o que volvi\u00f3 al podio pues su compatriota Jeffrey Hoogland, plata, y el japon\u00e9s Kaiya Ota quedaron fuera en cuartos de final.<\/p>\n<p><img decoding=\"async\" loading=\"lazy\" alt=\"Harrie Lavreysen\" data-id=\"14587587\" data-resize=\"null\" height=\"520\" src=\"https:\/\/www.europesays.com\/es\/wp-content\/uploads\/2025\/10\/harrie-lavreysen.jpeg\" title=\"Harrie Lavreysen\" width=\"800\"\/>&#13;<br \/>\nHarrie Lavreysen&#13;<\/p>\n<p><strong>\u201cLa Bestia\u201d Lavreysen sum\u00f3 su cuarto maillot arco\u00edris en Santiago<\/strong>, tras enfundarse tambi\u00e9n las de velocidad por equipos, keirin y la contrarreloj.<\/p>\n<p>Lavreysen, de 28 a\u00f1os, <strong>se impuso en dos mangas haciendo gala de su superioridad <\/strong>considerando que Richardson, en este campeonato, impuso un nuevo r\u00e9cord mundial de velocidad.<\/p>\n<p>En la primera manga Lavreysen y Richardson rodaron lento como en un baile suave que <strong>fue aumentando de intensidad <\/strong>con un final en el que el holand\u00e9s cruz\u00f3 primero sac\u00e1ndole 0.094 cent\u00e9simas al brit\u00e1nico. En la segunda Lavreysen sali\u00f3 a liquidar, pero la llegada fue incluso m\u00e1s estrecha entre ambos pues Richardson cruz\u00f3 apenas a 0.050 cent\u00e9simas.<\/p>\n<p>El australiano <strong>Leigh Hoffman<\/strong>, que hab\u00eda perdido en las semifinales con el brit\u00e1nico por lo que accedi\u00f3 a la definici\u00f3n del oro, puntualiz\u00f3 lo que Lavreysen significa en la pista, luego de perder ante \u00e9l en la final del keirin. \u201c<strong>Es el est\u00e1ndar mundial. Estar cerca de \u00e9l y compartir ese saludo final fue un honor<\/strong>\u201d dijo refiri\u00e9ndose al saludo de manos que compartieron.<\/p>\n<p><strong>Hoffman termin\u00f3 con el bronce en esta final de velocidad<\/strong>, y confirm\u00f3 su categor\u00eda ante el trinitario Paul Nicholas, al que super\u00f3 en dos mangas para ganar su segunda medalla en este Mundial tras la plata del keirin.<\/p>\n<p>\u00a0<\/p>\n","protected":false},"excerpt":{"rendered":"El ciclista italiano cierra una espectacular carrera profesional con un nuevo t\u00edtulo Mundial en pista, en la modalidad&hellip;\n","protected":false},"author":2,"featured_media":205321,"comment_status":"","ping_status":"","sticky":false,"template":"","format":"standard","meta":{"footnotes":""},"categories":[273],"tags":[313,312,168,25,24,23,167],"class_list":{"0":"post-205320","1":"post","2":"type-post","3":"status-publish","4":"format-standard","5":"has-post-thumbnail","7":"category-ciclismo","8":"tag-ciclismo","9":"tag-cycling","10":"tag-deportes","11":"tag-es","12":"tag-espana","13":"tag-spain","14":"tag-sports"},"share_on_mastodon":{"url":"https:\/\/pubeurope.com\/@es\/115451595832651913","error":""},"_links":{"self":[{"href":"https:\/\/www.europesays.com\/es\/wp-json\/wp\/v2\/posts\/205320","targetHints":{"allow":["GET"]}}],"collection":[{"href":"https:\/\/www.europesays.com\/es\/wp-json\/wp\/v2\/posts"}],"about":[{"href":"https:\/\/www.europesays.com\/es\/wp-json\/wp\/v2\/types\/post"}],"author":[{"embeddable":true,"href":"https:\/\/www.europesays.com\/es\/wp-json\/wp\/v2\/users\/2"}],"replies":[{"embeddable":true,"href":"https:\/\/www.europesays.com\/es\/wp-json\/wp\/v2\/comments?post=205320"}],"version-history":[{"count":0,"href":"https:\/\/www.europesays.com\/es\/wp-json\/wp\/v2\/posts\/205320\/revisions"}],"wp:featuredmedia":[{"embeddable":true,"href":"https:\/\/www.europesays.com\/es\/wp-json\/wp\/v2\/media\/205321"}],"wp:attachment":[{"href":"https:\/\/www.europesays.com\/es\/wp-json\/wp\/v2\/media?parent=205320"}],"wp:term":[{"taxonomy":"category","embeddable":true,"href":"https:\/\/www.europesays.com\/es\/wp-json\/wp\/v2\/categories?post=205320"},{"taxonomy":"post_tag","embeddable":true,"href":"https:\/\/www.europesays.com\/es\/wp-json\/wp\/v2\/tags?post=205320"}],"curies":[{"name":"wp","href":"https:\/\/api.w.org\/{rel}","templated":true}]}}