{"id":205361,"date":"2025-10-28T12:07:08","date_gmt":"2025-10-28T12:07:08","guid":{"rendered":"https:\/\/www.europesays.com\/es\/205361\/"},"modified":"2025-10-28T12:07:08","modified_gmt":"2025-10-28T12:07:08","slug":"confunden-odio-con-libertad-de-expresion","status":"publish","type":"post","link":"https:\/\/www.europesays.com\/es\/205361\/","title":{"rendered":"Confunden odio con libertad de expresi\u00f3n"},"content":{"rendered":"<p class=\"article-text\">\n        La comparecencia mensual del <strong>presidente de RTVE<\/strong> en la Comisi\u00f3n Mixta de control de la corporaci\u00f3n se ha celebrado este martes 28 de octubre en el Senado, donde <strong>Jos\u00e9 Pablo L\u00f3pez<\/strong> ha vuelto a ser objetivo de los ataques y acusaciones de <strong>Vox<\/strong>, aliado nuevamente con el PP para asegurar que la cadena p\u00fablica est\u00e1 politizada, que se insulta a sus votantes, y que se est\u00e1 usando el dinero de su presupuesto para enriquecer a periodistas que ellos consideran afines al Gobierno. Cuestiones a las que el presidente ha respondido con datos, en vez de con opiniones.\n    <\/p>\n<p>    <a href=\"https:\/\/www.eldiario.es\/vertele\/videos\/actualidad\/jose-pablo-lopez-defiende-rtve-ataques-vox-no-estamos-blanquear-exaltar-franquismo_8_12631533.html\" data-mrf-recirculation=\"saber-mas\" data-dl-event=\"saber-mas\" rel=\"nofollow noopener\" target=\"_blank\"><\/p>\n<p class=\"know-more__title\">Jos\u00e9 Pablo L\u00f3pez defiende a RTVE de los ataques de Vox: \u00abNo estamos para blanquear ni exaltar el franquismo\u00bb<\/p>\n<p>            <img decoding=\"async\" class=\"lazy\" loading=\"lazy\" data-src=\"https:\/\/static.eldiario.es\/clip\/9ff3186c-c327-43fe-9c3c-cb86a2deb020_16-9-aspect-ratio_default_0.jpg\" src=\"data:image\/svg+xml,%3Csvg xmlns=\" http:=\"\" viewbox=\"0 0 880 495\" alt=\"Jos\u00e9 Pablo L\u00f3pez defiende a RTVE de los ataques de Vox: &quot;No estamos para blanquear ni exaltar el franquismo&quot;\"\/><\/p>\n<p>                            <img decoding=\"async\" class=\"ni-multimedia\" src=\"https:\/\/www.eldiario.es\/assets\/img\/svg\/icons\/gallery-video.h-2e826467718e0ad0cb33a0bdb174f603.svg\" alt=\"Jos\u00e9 Pablo L\u00f3pez defiende a RTVE de los ataques de Vox: &quot;No estamos para blanquear ni exaltar el franquismo&quot;\"\/><br \/>\n                        <\/a><\/p>\n<p class=\"article-text\">\n        <strong>Carina Mej\u00edas<\/strong>, diputada del partido de ultraderecha (y ex del PP y de Ciudadanos), ha querido acusar directamente a RTVE de proferir \u201cdiscursos de odio\u201d, pregunt\u00e1ndole al presidente \u201cpor qu\u00e9 los permite y qu\u00e9 va a hacer para evitarlos\u201d. Jos\u00e9 Pablo L\u00f3pez ha comenzado simplemente por desmentir su supuesto: <strong>\u201cEn TVE no se profieren discurso de odio<\/strong>. Yo al \u00fanico procesado por delito de odio que conozco es al <a href=\"https:\/\/www.eldiario.es\/illes-balears\/politica\/juez-imputa-presidente-ultra-parlament-balear-delito-odio-romper-foto-republicana-aurora-picornell_1_11582553.html\" data-mrf-recirculation=\"links-noticia\" class=\"link\" target=\"_blank\" rel=\"nofollow noopener\">presidente del Parlamento de Baleares, que es de su partido<\/a>. Pero no conozco a nadie dentro de TVE o de RTVE que est\u00e9 procesado por un delito de odio\u201d.\n    <\/p>\n<blockquote class=\"twitter-tweet\" data-media-max-width=\"560\">\n<p lang=\"es\" dir=\"ltr\">\ud83d\udd34\ud83d\udcfa El presidente de RTVE se enfrenta a Vox por acusar a la cadena p\u00fablica: \u00abConfunden odio con libertad de expresi\u00f3n\u00bb (\ud83c\udfa5)<\/p>\n<p>\ud83d\udd17<a href=\"https:\/\/t.co\/CbSxUnrlF3\" rel=\"nofollow\">https:\/\/t.co\/CbSxUnrlF3<\/a>\u2b05\ufe0f<\/p>\n<p>\ud83d\udde3\ufe0f Jos\u00e9 Pablo L\u00f3pez ha citado ejemplos del discurso de Vox para concluir: \u00abTodo eso es odio, y no lo que hacemos en TVE\u00bb <a href=\"https:\/\/t.co\/yo5NL3yj36\" rel=\"nofollow\">pic.twitter.com\/yo5NL3yj36<\/a><\/p>\n<p>\u2014 verTele! (@Vertele) <a href=\"https:\/\/twitter.com\/Vertele\/status\/1983135461334818887?ref_src=twsrc%5Etfw\" rel=\"nofollow noopener\" target=\"_blank\">October 28, 2025<\/a><\/p><\/blockquote>\n<p class=\"article-text\">\n        Mej\u00edas ha puntualizado entonces que \u201csi siguen por estos derroteros, no tardar\u00e1n en tener alguno\u201d, dejando claro que estaba dando una opini\u00f3n, y luego ha comenzado un largo mon\u00f3logo por el que ha tenido incluso que ser advertida por el presidente de la comisi\u00f3n, solicit\u00e1ndole que terminase su turno. En ese discurso ha asegurado que lo que est\u00e1 ocurriendo en RTVE \u201ces una clara operaci\u00f3n pol\u00edtica perfectamente dirigida\u201d, se ha victimizado asegurando que se utiliza a la televisi\u00f3n p\u00fablica \u201cpara normalizar la criminalizaci\u00f3n de un partido legal y de sus m\u00e1s de tres millones de votantes\u201d, asegurando que son v\u00edctimas de un \u201clinchamiento medi\u00e1tico\u201d en el que \u201cse les insulta, se les demoniza, se miente sobre ellos y se les trata como enemigos p\u00fablicos\u201d.\n    <\/p>\n<p class=\"article-text\">\n        La diputada ha condenado que RTVE haya incorporado colaboradores de Canal Red, identific\u00e1ndolo como un \u201cmedio de ultra izquierda radical\u201d, ha se\u00f1alado directamente a Pablo Iglesias calific\u00e1ndole de \u201ccomisario ideol\u00f3gico\u201d, y vuelto a insistir en que es \u201cpropaganda t\u00f3xica pagada con dinero p\u00fablico\u201d. Mej\u00edas ha llegado a decir: <strong>\u201cCuando se alimenta el odio, siempre hay quien se siente legitimado para pasar a la violencia f\u00edsica\u201d<\/strong>, pero no refiri\u00e9ndose al discurso de su partido, sino al que ella ve en RTVE relacion\u00e1ndolo con un dato que ha aportado: \u201cEn el \u00faltimo mes, siete agresiones a militantes de Vox\u201d y pregunt\u00e1ndole a Jos\u00e9 Pablo L\u00f3pez: <strong>\u201c\u00bfDe verdad cree que esto no tiene relaci\u00f3n con el clima que ustedes alimentan?\u201d<\/strong>.\n    <\/p>\n<p class=\"article-text\">\n        Su perorata ha acabado, de nuevo, se\u00f1alando directamente a Pablo Iglesias y a Sarah Santaolalla, pregunt\u00e1ndole al presidente de RTVE por qu\u00e9 permite que la televisi\u00f3n p\u00fablica tenga tertulianos como ellos, y tirando del C\u00f3digo Penal: \u201cEl art\u00edculo 510 del C\u00f3digo Penal castiga la incitaci\u00f3n p\u00fablica al odio y a la violencia contra un colectivo\u201d. De nuevo no refiri\u00e9ndose al discurso de su partido, ni a por lo que est\u00e1 imputado el presidente del Parlamento de Baleares (de Vox), sino refiri\u00e9ndose a lo que ella ve en RTVE.\n    <\/p>\n<p class=\"article-text\">\n        En su respuesta, Jos\u00e9 Pablo L\u00f3pez ha comenzado se\u00f1alando que eran opiniones, y no hechos: \u201cSe\u00f1ora Mej\u00edas, son consideraciones de car\u00e1cter estrictamente personal y creo que <strong>usted est\u00e1 confundiendo b\u00e1sicamente los delitos de odio con lo que es simplemente la libertad de expresi\u00f3n\u201d<\/strong>.\n    <\/p>\n<p class=\"article-text\">\n        Utilizando el mismo art\u00edculo que hab\u00eda mencionado la diputada de Vox, Jos\u00e9 Pablo L\u00f3pez ha razonado: \u201cEl art\u00edculo 510 del C\u00f3digo Penal establece la protecci\u00f3n de determinados grupos, grupos en lo que hasta ahora, que yo sepa, no se encuentra el grupo de su se\u00f1or\u00eda\u201d. Y ha ejemplificado con lo ocurrido con las Campanadas y Lalachus: \u201cNos pusieron dos querellas [que <a href=\"https:\/\/www.eldiario.es\/vertele\/noticias\/juez-rechaza-denuncia-ultra-broncano-lalachus-estampita-campanadas_1_12125537.html\" data-mrf-recirculation=\"links-noticia\" class=\"link\" rel=\"nofollow noopener\" target=\"_blank\">no fueron admitidas<\/a>]. Se habl\u00f3 de odio, de delito, de menosprecio, de vejaciones, etc\u00e9tera, etc\u00e9tera. Tambi\u00e9n se nos puso una denuncia ante la Comisi\u00f3n Nacional de los Mercados y la Competencia, que ha <a href=\"https:\/\/www.eldiario.es\/vertele\/noticias\/competencia-archiva-tres-denuncias-asociaciones-ultras-estampita-grand-prix-campanadas-lalachus-rtve_1_12669545.html\" data-mrf-recirculation=\"links-noticia\" class=\"link\" rel=\"nofollow noopener\" target=\"_blank\">acordado su archivo<\/a> hace apenas un mes. Por lo tanto, <strong>lo que para su se\u00f1or\u00eda puede ser un delito de odio o un discurso de odio, objetivamente no lo ha sido\u201d<\/strong>.\n    <\/p>\n<p class=\"article-text\">\n        Tras el ejemplo, se ha dirigido directamente a la diputada de ultraderecha para ampliar lo sucedido: \u201cMire, se\u00f1ora Mej\u00edas, <strong>usted confunde la libertad de expresi\u00f3n con el odio\u201d<\/strong>. Y ha aclarado su posicionamiento, y el de RTVE: \u201cOdio no es condenar el franquismo y la represi\u00f3n y decir que fue una etapa de reconstrucci\u00f3n, como dijo su compa\u00f1ero, el se\u00f1or Mariscal. Odio es deshumanizar a los inmigrantes y a los menores que llegan a nuestro pa\u00eds en estado de necesidad. Odio es pedir tambi\u00e9n que se ilegalicen a todos los partidos pol\u00edticos que no comparten la misma idea de Espa\u00f1a que podemos tener el resto, y no consiguieron ni siquiera el apoyo del Partido Popular en la votaci\u00f3n. Odio tambi\u00e9n es pedir el cierre de los medios de comunicaci\u00f3n y no dejar pasar a su rueda de prensa a los periodista que le son cr\u00edticos\u201d.\n    <\/p>\n<p>    <a href=\"https:\/\/www.eldiario.es\/vertele\/noticias\/masterchef-celebrity-10-expulso-descubrimiento-edicion-noche-marilo-hizo-llorar_1_12719599.html\" data-mrf-recirculation=\"saber-mas-abajo\" data-dl-event=\"saber-mas-abajo\" rel=\"nofollow noopener\" target=\"_blank\"><\/p>\n<p class=\"know-more__title\">&#8216;MasterChef Celebrity 10&#8217; expuls\u00f3 al descubrimiento de la edici\u00f3n, en una noche en la que Maril\u00f3 hizo llorar a todos<\/p>\n<p>            <img decoding=\"async\" class=\"lazy\" loading=\"lazy\" data-src=\"https:\/\/static.eldiario.es\/clip\/c6704160-47e7-43b1-9918-027378fd6e52_16-9-aspect-ratio_default_0.jpg\" src=\"data:image\/svg+xml,%3Csvg xmlns=\" http:=\"\" viewbox=\"0 0 880 495\" alt=\"'MasterChef Celebrity 10' expuls\u00f3 al descubrimiento de la edici\u00f3n, en una noche en la que Maril\u00f3 hizo llorar a todos\"\/><\/p>\n<p>                        <\/a><\/p>\n<p class=\"article-text\">\n        Haciendo referencia a la amenaza del diputado Manuel Mariscal Zabala, quien dijo que en Vox s\u00f3lo tienen \u201cuna duda: si <a href=\"https:\/\/www.eldiario.es\/vertele\/videos\/actualidad\/jose-pablo-lopez-defiende-rtve-ataques-vox-no-estamos-blanquear-exaltar-franquismo_8_12631533.html\" data-mrf-recirculation=\"links-noticia\" class=\"link\" rel=\"nofollow noopener\" target=\"_blank\">entraremos en RTVE\u00a0con motosierra o con lanzallamas\u201d<\/a>, Jos\u00e9 Pablo L\u00f3pez ha concluido: \u201cUstedes dijeron que iban a entrar con un lanzallamas o con una motosierra en RTVE, y hoy han ofrecido recompensas para aquellos que participenen en esa operaci\u00f3n de exterminio de la libertad en la radiotelevisi\u00f3n p\u00fablica. Y mire, odio, por \u00faltimo, es pedir que se legalicen las terapias de conversi\u00f3n en el colectivo LGTB. <strong>Todo esto es odio, y no lo que hacemos en TVE, que es libertad de expresi\u00f3n<\/strong>. Se cumplen 50 a\u00f1os de la muerte del dictador y creo que la democracia iba de eso, iba de la libertad de expresi\u00f3n\u201d.\n    <\/p>\n<p>                                    <script async src=\"https:\/\/platform.twitter.com\/widgets.js\" charset=\"utf-8\"><\/script><\/p>\n","protected":false},"excerpt":{"rendered":"La comparecencia mensual del presidente de RTVE en la Comisi\u00f3n Mixta de control de la corporaci\u00f3n se ha&hellip;\n","protected":false},"author":2,"featured_media":205362,"comment_status":"","ping_status":"","sticky":false,"template":"","format":"standard","meta":{"footnotes":""},"categories":[171],"tags":[56167,19680,56168,27995,146,147,25,24,21058,5085,4653,1461,4500,518,23,214,2338,624],"class_list":{"0":"post-205361","1":"post","2":"type-post","3":"status-publish","4":"format-standard","5":"has-post-thumbnail","7":"category-tv","8":"tag-acusar","9":"tag-cadena","10":"tag-confunde","11":"tag-enfrenta","12":"tag-entertainment","13":"tag-entretenimiento","14":"tag-es","15":"tag-espana","16":"tag-expresion","17":"tag-libertad","18":"tag-odio","19":"tag-presidente","20":"tag-publica","21":"tag-rtve","22":"tag-spain","23":"tag-tv","24":"tag-video","25":"tag-vox"},"share_on_mastodon":{"url":"https:\/\/pubeurope.com\/@es\/115451713908602088","error":""},"_links":{"self":[{"href":"https:\/\/www.europesays.com\/es\/wp-json\/wp\/v2\/posts\/205361","targetHints":{"allow":["GET"]}}],"collection":[{"href":"https:\/\/www.europesays.com\/es\/wp-json\/wp\/v2\/posts"}],"about":[{"href":"https:\/\/www.europesays.com\/es\/wp-json\/wp\/v2\/types\/post"}],"author":[{"embeddable":true,"href":"https:\/\/www.europesays.com\/es\/wp-json\/wp\/v2\/users\/2"}],"replies":[{"embeddable":true,"href":"https:\/\/www.europesays.com\/es\/wp-json\/wp\/v2\/comments?post=205361"}],"version-history":[{"count":0,"href":"https:\/\/www.europesays.com\/es\/wp-json\/wp\/v2\/posts\/205361\/revisions"}],"wp:featuredmedia":[{"embeddable":true,"href":"https:\/\/www.europesays.com\/es\/wp-json\/wp\/v2\/media\/205362"}],"wp:attachment":[{"href":"https:\/\/www.europesays.com\/es\/wp-json\/wp\/v2\/media?parent=205361"}],"wp:term":[{"taxonomy":"category","embeddable":true,"href":"https:\/\/www.europesays.com\/es\/wp-json\/wp\/v2\/categories?post=205361"},{"taxonomy":"post_tag","embeddable":true,"href":"https:\/\/www.europesays.com\/es\/wp-json\/wp\/v2\/tags?post=205361"}],"curies":[{"name":"wp","href":"https:\/\/api.w.org\/{rel}","templated":true}]}}