{"id":205389,"date":"2025-10-28T12:27:10","date_gmt":"2025-10-28T12:27:10","guid":{"rendered":"https:\/\/www.europesays.com\/es\/205389\/"},"modified":"2025-10-28T12:27:10","modified_gmt":"2025-10-28T12:27:10","slug":"mi-madre-casi-inconsciente-apenas-reacciono","status":"publish","type":"post","link":"https:\/\/www.europesays.com\/es\/205389\/","title":{"rendered":"Mi madre, casi inconsciente, apenas reaccion\u00f3"},"content":{"rendered":"<p class=\"paragraph\">Javier Macipe protagoniz\u00f3 el momento m\u00e1s emotivo del preg\u00f3n en las \u00faltimas Fiestas del Pilar. El cineasta, ganador del \u00faltimo Premio Goya a la mejor direcci\u00f3n novel por &#8216;La estrella azul&#8217;,<b> rompi\u00f3 a llorar en el balc\u00f3n<\/b> del Ayuntamiento de Zaragoza <a href=\"https:\/\/www.heraldo.es\/noticias\/opinion\/2025\/10\/27\/cartas-director-heraldo-javier-macipe-gracias-pregon-zaragoza-28-octubre-2025-1865379.html\" title=\"Cartas al director de HERALDO: &quot;Gracias, Zaragoza&quot; de Javier Macipe\" rel=\"nofollow noopener\" target=\"_blank\">mientras las miles de personas congregadas en la plaza del Pilar entonaban el &#8216;Canto a la libertad&#8217; de Jos\u00e9 Antonio Labordeta.\u00a0<\/a><\/p>\n<p class=\"paragraph\">El director del barrio de Casablanca, que se abraz\u00f3 a su buen amigo Pepe Lorente (ganador del Goya como actor revelaci\u00f3n) para gestionar la situaci\u00f3n, ha querido agradecer el cari\u00f1o recibido en una jornada que fue <b>un completo tiovivo de sentimientos <\/b>con una carta que este martes publica HERALDO DE ARAG\u00d3N.\u00a0<\/p>\n<p class=\"paragraph\">En la lectura del preg\u00f3n que comparti\u00f3 con Pilar Palomero y Paula Ortiz, Macipe ya se\u00f1al\u00f3 que su madre se hallaba ingresada en la uci, pero ahora se explaya y ofrece detalles sobre lo vivido. As\u00ed arranca el texto: \u00abEl d\u00eda del preg\u00f3n, confluyeron en m\u00ed dos sentimientos muy intensos y antag\u00f3nicos. Por un lado, <b>mi madre luchaba en la uci tras una hemorragia cerebral. <\/b>Y por otro, me tocaba ser pregonero y ten\u00eda que dirigirme a la ciudad con el mejor \u00e1nimo de fiesta\u00bb.<\/p>\n<p class=\"paragraph\">El cineasta explica que unas horas antes del preg\u00f3n, acudi\u00f3 a la uci junto a Pepe Lorente para cantarle a su madre el &#8216;Canto a la libertad&#8217;. \u00abMi madre, ya casi del todo inconsciente, <b>apenas reaccion\u00f3\u00bb, <\/b>revela.<\/p>\n<p class=\"paragraph\">Los sentimientos se desbordaron y las l\u00e1grimas asomaron en la plaza del Pilar: \u00abCuando son\u00f3 el himno de Labordeta en la plaza fue imposible contener la emoci\u00f3n<b> al imaginarla en el Servet, solica en su box,<\/b> acompa\u00f1ada solo por el sonido mon\u00f3tono de su respirador\u00bb.\u00a0<\/p>\n<p class=\"paragraph\">Cabe recordar que en el preg\u00f3n Javier Macipe mencion\u00f3 a su progenitora: \u00abY hablando de madres, hay que mencionar a la madre espiritual de Zaragoza, la verdadera protagonista de estas fiestas, la Virgen del Pilar. Y, si me lo permit\u00eds <b>quiero mandar un abrazo a mi querid\u00edsima madre, que me dio la vida y atraviesa momentos dif\u00edciles,<\/b> y a todas las madres del mundo, que en estas \u00e9pocas turbulentas, se ponen siempre en el bando de la paz\u00bb.<\/p>\n<p class=\"paragraph\"><a href=\"https:\/\/www.heraldo.es\/noticias\/opinion\/2025\/10\/27\/cartas-director-heraldo-javier-macipe-gracias-pregon-zaragoza-28-octubre-2025-1865379.html\" title=\"Cartas al director de HERALDO: &quot;Gracias, Zaragoza&quot; de Javier Macipe\" rel=\"nofollow noopener\" target=\"_blank\">Lee la carta completa de Javier Macipe aqu\u00ed.\u00a0<\/a><\/p>\n","protected":false},"excerpt":{"rendered":"Javier Macipe protagoniz\u00f3 el momento m\u00e1s emotivo del preg\u00f3n en las \u00faltimas Fiestas del Pilar. El cineasta, ganador&hellip;\n","protected":false},"author":2,"featured_media":205390,"comment_status":"","ping_status":"","sticky":false,"template":"","format":"standard","meta":{"footnotes":""},"categories":[174],"tags":[2471,255,146,147,25,24,256,46951,23],"class_list":{"0":"post-205389","1":"post","2":"type-post","3":"status-publish","4":"format-standard","5":"has-post-thumbnail","7":"category-famosos","8":"tag-carta","9":"tag-celebrities","10":"tag-entertainment","11":"tag-entretenimiento","12":"tag-es","13":"tag-espana","14":"tag-famosos","15":"tag-javier-macipe","16":"tag-spain"},"share_on_mastodon":{"url":"https:\/\/pubeurope.com\/@es\/115451792238837710","error":""},"_links":{"self":[{"href":"https:\/\/www.europesays.com\/es\/wp-json\/wp\/v2\/posts\/205389","targetHints":{"allow":["GET"]}}],"collection":[{"href":"https:\/\/www.europesays.com\/es\/wp-json\/wp\/v2\/posts"}],"about":[{"href":"https:\/\/www.europesays.com\/es\/wp-json\/wp\/v2\/types\/post"}],"author":[{"embeddable":true,"href":"https:\/\/www.europesays.com\/es\/wp-json\/wp\/v2\/users\/2"}],"replies":[{"embeddable":true,"href":"https:\/\/www.europesays.com\/es\/wp-json\/wp\/v2\/comments?post=205389"}],"version-history":[{"count":0,"href":"https:\/\/www.europesays.com\/es\/wp-json\/wp\/v2\/posts\/205389\/revisions"}],"wp:featuredmedia":[{"embeddable":true,"href":"https:\/\/www.europesays.com\/es\/wp-json\/wp\/v2\/media\/205390"}],"wp:attachment":[{"href":"https:\/\/www.europesays.com\/es\/wp-json\/wp\/v2\/media?parent=205389"}],"wp:term":[{"taxonomy":"category","embeddable":true,"href":"https:\/\/www.europesays.com\/es\/wp-json\/wp\/v2\/categories?post=205389"},{"taxonomy":"post_tag","embeddable":true,"href":"https:\/\/www.europesays.com\/es\/wp-json\/wp\/v2\/tags?post=205389"}],"curies":[{"name":"wp","href":"https:\/\/api.w.org\/{rel}","templated":true}]}}