{"id":205391,"date":"2025-10-28T12:28:10","date_gmt":"2025-10-28T12:28:10","guid":{"rendered":"https:\/\/www.europesays.com\/es\/205391\/"},"modified":"2025-10-28T12:28:10","modified_gmt":"2025-10-28T12:28:10","slug":"que-fue-del-nino-lanzado-del-decimo-piso-de-la-tate-modern-de-londres","status":"publish","type":"post","link":"https:\/\/www.europesays.com\/es\/205391\/","title":{"rendered":"Qu\u00e9 fue del ni\u00f1o lanzado del d\u00e9cimo piso de la Tate Modern de Londres"},"content":{"rendered":"<p class=\"paragraph\">El ni\u00f1o de origen franc\u00e9s que fue arrojado desde el d\u00e9cimo piso del museo de arte moderno <a href=\"https:\/\/www.tate.org.uk\/visit\/tate-modern\" rel=\"nofollow noopener\" target=\"_blank\">Tate Modern de Londres<\/a> en 2019, cuando ten\u00eda seis a\u00f1os, ha recuperado parte de la movilidad que perdi\u00f3 debido a las graves consecuencias de la ca\u00edda, seg\u00fan ha informado su familia a trav\u00e9s de la plataforma GoFundMe.<\/p>\n<p class=\"paragraph\">\u00abNo puede hacerlo como otros ni\u00f1os de su edad, por supuesto, pero ya no podemos describir lo que hace de otra manera que diciendo que corre, salta y nada\u00bb, relat\u00f3 la madre del menor en la plataforma de recaudaci\u00f3n de fondos, de la que se hace eco hoy la BBC.<\/p>\n<p class=\"paragraph\">Para la rehabilitaci\u00f3n del chico, esa plataforma ha recibido ya donaciones de casi 500.000 libras (573.000 euros).<\/p>\n<p class=\"paragraph\">Tras la ca\u00edda, el peque\u00f1o, que ahora tiene doce a\u00f1os, estuvo en estado cr\u00edtico y se temi\u00f3 por su vida, un caso que en su d\u00eda tuvo una gran repercusi\u00f3n en el Reino Unido.<\/p>\n<p class=\"paragraph\">Ahora, cursa estudios de secundaria que compatibiliza con diez sesiones semanales de rehabilitaci\u00f3n y \u00abpuede mantenerse al d\u00eda con todas las asignaturas que su programa de rehabilitaci\u00f3n le permite asistir\u00bb.<\/p>\n<p class=\"paragraph\">\u00abNuestro hijo tambi\u00e9n sigue ganando resistencia cognitiva. Su memoria a\u00fan es muy limitada, pero es funcional y sigue mejorando, por lo que est\u00e1 adquiriendo conocimientos generales a su propio ritmo, lo que le permite integrarse cada vez m\u00e1s con otros ni\u00f1os\u00bb, asever\u00f3 la progenitora.<\/p>\n<p class=\"paragraph\">Sin embargo, el menor, cuya identidad no ha sido revelada, estar\u00e1 inmovilizado de nuevo \u00abdurante casi dos meses a principios de 2026\u00bb debido a una nueva intervenci\u00f3n quir\u00fargica a la que ser\u00e1 sometido.<\/p>\n<p class=\"paragraph\">\u00abNuestro hijo est\u00e1 preocupado por esta operaci\u00f3n, pero el cirujano conf\u00eda en todo su progreso hasta ahora para tranquilizarlo sobre los beneficios futuros y cu\u00e1nto podr\u00e1 mejorar despu\u00e9s\u00bb, a\u00f1adi\u00f3 la madre.<\/p>\n<p class=\"paragraph\">El responsable de la ca\u00edda, el brit\u00e1nico Jonty Bravery, de 17 a\u00f1os en el momento del suceso, fue condenado en julio de 2020 a 15 a\u00f1os de prisi\u00f3n.<\/p>\n","protected":false},"excerpt":{"rendered":"El ni\u00f1o de origen franc\u00e9s que fue arrojado desde el d\u00e9cimo piso del museo de arte moderno Tate&hellip;\n","protected":false},"author":2,"featured_media":205392,"comment_status":"","ping_status":"","sticky":false,"template":"","format":"standard","meta":{"footnotes":""},"categories":[173],"tags":[229,233,231,230,232,234,12943,146,147,25,24,7228,44331,5699,23,257],"class_list":{"0":"post-205391","1":"post","2":"type-post","3":"status-publish","4":"format-standard","5":"has-post-thumbnail","7":"category-arte-y-diseno","8":"tag-arte","9":"tag-arte-y-diseno","10":"tag-arts","11":"tag-arts-and-design","12":"tag-design","13":"tag-diseno","14":"tag-donaciones","15":"tag-entertainment","16":"tag-entretenimiento","17":"tag-es","18":"tag-espana","19":"tag-londres","20":"tag-loteria-del-nino","21":"tag-rehabilitacion","22":"tag-spain","23":"tag-sucesos"},"share_on_mastodon":{"url":"https:\/\/pubeurope.com\/@es\/115451796097420540","error":""},"_links":{"self":[{"href":"https:\/\/www.europesays.com\/es\/wp-json\/wp\/v2\/posts\/205391","targetHints":{"allow":["GET"]}}],"collection":[{"href":"https:\/\/www.europesays.com\/es\/wp-json\/wp\/v2\/posts"}],"about":[{"href":"https:\/\/www.europesays.com\/es\/wp-json\/wp\/v2\/types\/post"}],"author":[{"embeddable":true,"href":"https:\/\/www.europesays.com\/es\/wp-json\/wp\/v2\/users\/2"}],"replies":[{"embeddable":true,"href":"https:\/\/www.europesays.com\/es\/wp-json\/wp\/v2\/comments?post=205391"}],"version-history":[{"count":0,"href":"https:\/\/www.europesays.com\/es\/wp-json\/wp\/v2\/posts\/205391\/revisions"}],"wp:featuredmedia":[{"embeddable":true,"href":"https:\/\/www.europesays.com\/es\/wp-json\/wp\/v2\/media\/205392"}],"wp:attachment":[{"href":"https:\/\/www.europesays.com\/es\/wp-json\/wp\/v2\/media?parent=205391"}],"wp:term":[{"taxonomy":"category","embeddable":true,"href":"https:\/\/www.europesays.com\/es\/wp-json\/wp\/v2\/categories?post=205391"},{"taxonomy":"post_tag","embeddable":true,"href":"https:\/\/www.europesays.com\/es\/wp-json\/wp\/v2\/tags?post=205391"}],"curies":[{"name":"wp","href":"https:\/\/api.w.org\/{rel}","templated":true}]}}