{"id":205415,"date":"2025-10-28T12:46:17","date_gmt":"2025-10-28T12:46:17","guid":{"rendered":"https:\/\/www.europesays.com\/es\/205415\/"},"modified":"2025-10-28T12:46:17","modified_gmt":"2025-10-28T12:46:17","slug":"es-de-republica-checa-visita-santiago-por-primera-vez-y-sentencia-chile-es-un-pais-europeo-me-siento-segura","status":"publish","type":"post","link":"https:\/\/www.europesays.com\/es\/205415\/","title":{"rendered":"Es de Rep\u00fablica Checa, visita Santiago por primera vez y sentencia: \u201cChile es un pa\u00eds europeo, me siento segura\u201d"},"content":{"rendered":"<p class=\"\"><b>El Mundial de Ciclismo en Pista que se desarrolla en el vel\u00f3dromo de Pe\u00f1alol\u00e9n<\/b> no solo ha brillado por la competencia deportiva, sino tambi\u00e9n por el fen\u00f3meno viral que ha protagonizado <b>Sara Peterkov\u00e1 (21)<\/b>. <\/p>\n<p class=\"\">Durante su estad\u00eda en Santiago, la seleccionada checa aprovech\u00f3 cada jornada para grabar videos, sacarse fotos con el p\u00fablico y compartir su experiencia desde la pista. \u201c<b>Es s\u00faper bueno estar aqu\u00ed en Chile por primera vez y, adem\u00e1s, tambi\u00e9n es mi primer Mundial adulto, as\u00ed que es muy emocionante<\/b>\u201d, <a href=\"https:\/\/chile.as.com\/masdeporte\/chile-se-ha-convertido-en-un-lugar-muy-especial-para-mi-este-pais-tiene-mucho-para-explorar-f202510-n\/\" target=\"_self\" rel=\"nofollow noopener\" title=\"https:\/\/chile.as.com\/masdeporte\/chile-se-ha-convertido-en-un-lugar-muy-especial-para-mi-este-pais-tiene-mucho-para-explorar-f202510-n\/\">cont\u00f3 en conversaci\u00f3n con <b>AS<\/b>.<\/a><\/p>\n<p>\u201cChile es como un pa\u00eds europeo\u201d <\/p>\n<p class=\"\">Peterkov\u00e1 confes\u00f3 sentirse sorprendida por lo que ha encontrado en el pa\u00eds. \u201c<b>Chile es como un pa\u00eds europeo. Me siento muy segura aqu\u00ed. Tambi\u00e9n he tenido la oportunidad de visitar la ciudad y tomar fotograf\u00edas, ha sido divertido<\/b>\u201d, coment\u00f3. <\/p>\n<p>Noticias relacionadas<\/p>\n<p class=\"\">Pese a eso, la atleta adelant\u00f3 que planea regresar al pa\u00eds. \u201c<b>Creo que ser\u00eda agradable venir de vacaciones aqu\u00ed. Siento que Chile tiene mucho m\u00e1s para darme y para poder explorar<\/b>\u201d, asegur\u00f3, destacando la calidez del p\u00fablico que la ha apoyado durante su primera gran cita internacional.<\/p>\n<p class=\"\"><a href=\"https:\/\/chile.as.com\/masdeporte\/chile-se-ha-convertido-en-un-lugar-muy-especial-para-mi-este-pais-tiene-mucho-para-explorar-f202510-n\/\" target=\"_self\" rel=\"nofollow noopener\" title=\"https:\/\/chile.as.com\/masdeporte\/chile-se-ha-convertido-en-un-lugar-muy-especial-para-mi-este-pais-tiene-mucho-para-explorar-f202510-n\/\">Puede leer la entrevista completa a continuaci\u00f3n: <\/a><\/p>\n","protected":false},"excerpt":{"rendered":"El Mundial de Ciclismo en Pista que se desarrolla en el vel\u00f3dromo de Pe\u00f1alol\u00e9n no solo ha brillado&hellip;\n","protected":false},"author":2,"featured_media":205416,"comment_status":"","ping_status":"","sticky":false,"template":"","format":"standard","meta":{"footnotes":""},"categories":[273],"tags":[313,312,168,25,24,23,167],"class_list":{"0":"post-205415","1":"post","2":"type-post","3":"status-publish","4":"format-standard","5":"has-post-thumbnail","7":"category-ciclismo","8":"tag-ciclismo","9":"tag-cycling","10":"tag-deportes","11":"tag-es","12":"tag-espana","13":"tag-spain","14":"tag-sports"},"share_on_mastodon":{"url":"https:\/\/pubeurope.com\/@es\/115451866840577961","error":""},"_links":{"self":[{"href":"https:\/\/www.europesays.com\/es\/wp-json\/wp\/v2\/posts\/205415","targetHints":{"allow":["GET"]}}],"collection":[{"href":"https:\/\/www.europesays.com\/es\/wp-json\/wp\/v2\/posts"}],"about":[{"href":"https:\/\/www.europesays.com\/es\/wp-json\/wp\/v2\/types\/post"}],"author":[{"embeddable":true,"href":"https:\/\/www.europesays.com\/es\/wp-json\/wp\/v2\/users\/2"}],"replies":[{"embeddable":true,"href":"https:\/\/www.europesays.com\/es\/wp-json\/wp\/v2\/comments?post=205415"}],"version-history":[{"count":0,"href":"https:\/\/www.europesays.com\/es\/wp-json\/wp\/v2\/posts\/205415\/revisions"}],"wp:featuredmedia":[{"embeddable":true,"href":"https:\/\/www.europesays.com\/es\/wp-json\/wp\/v2\/media\/205416"}],"wp:attachment":[{"href":"https:\/\/www.europesays.com\/es\/wp-json\/wp\/v2\/media?parent=205415"}],"wp:term":[{"taxonomy":"category","embeddable":true,"href":"https:\/\/www.europesays.com\/es\/wp-json\/wp\/v2\/categories?post=205415"},{"taxonomy":"post_tag","embeddable":true,"href":"https:\/\/www.europesays.com\/es\/wp-json\/wp\/v2\/tags?post=205415"}],"curies":[{"name":"wp","href":"https:\/\/api.w.org\/{rel}","templated":true}]}}