{"id":205417,"date":"2025-10-28T12:48:10","date_gmt":"2025-10-28T12:48:10","guid":{"rendered":"https:\/\/www.europesays.com\/es\/205417\/"},"modified":"2025-10-28T12:48:10","modified_gmt":"2025-10-28T12:48:10","slug":"el-unicaja-valora-ya-todas-las-opciones-con-xavier-castaneda","status":"publish","type":"post","link":"https:\/\/www.europesays.com\/es\/205417\/","title":{"rendered":"El Unicaja valora ya todas las opciones con Xavier Casta\u00f1eda"},"content":{"rendered":"<p>El futuro de Xavier Casta\u00f1eda en el Unicaja es incierto. El rendimiento del base estadounidense no est\u00e1 respondiendo a lo esperado y el club cajista  &#8230; contempla ya todas las posibilidades si no hay un cambio r\u00e1pido. La temporada acaba de comenzar, s\u00f3lo se ha disputado un mes de competici\u00f3n, pero la adaptaci\u00f3n de Casta\u00f1eda no es la que se esperaba. Se sab\u00eda que llegaba a M\u00e1laga despu\u00e9s de cinco meses sin competir y que necesitar\u00eda una puesta a punto f\u00edsica importante. Hizo casi toda la pretemporada, aunque tuvo alg\u00fan contratiempo f\u00edsico, y luego ya ha estado integrado en el equipo. Varias agencias de representaci\u00f3n confirmaron que el club malague\u00f1o ha recabado distintos nombres de escoltas en caso de que decida dar el paso de prescindir de Casta\u00f1eda. <\/p>\n<p class=\"v-p\">A d\u00eda de hoy Casta\u00f1eda es el jugador de la plantilla que menos juega y fue descartado por Ibon Navarro para el partido contra el Barcelona. El t\u00e9cnico justific\u00f3 su ausencia por una cuesti\u00f3n de altura. \u00abEs una cuesti\u00f3n de tama\u00f1o, hoy contra el Barcelona. No es f\u00e1cil jugar con dos peque\u00f1os contra ellos. Por el planteamiento\u2026\u00bb, dijo para explicar su descarte. El base mide 1,84 y de hecho es un cent\u00edmetro m\u00e1s alto que su compa\u00f1ero Kendrick Perry.<\/p>\n<p><a href=\"http:\/\/www.diariosur.es\/unicaja\/castaneda-nuevo-casilla-salida-unicaja-20251015214002-nt.html#vtm_modulosEngag=mod-rel:unicaja:noticia:1:cmp:1-not\" class=\"v-a-link\" aria-label=\"Imagen\" rel=\"nofollow noopener\" target=\"_blank\"><\/p>\n<p><img decoding=\"async\" loading=\"lazy\" src=\"https:\/\/www.europesays.com\/es\/wp-content\/uploads\/2025\/10\/castaneda-unciaja-sur-U12042861575rEj-366x256@Diario Sur.jpg\" class=\"v-a-img\" width=\"258\" height=\"180\" alt=\"\" data-voc-vtm-id=\"in-text-traffic\"\/><\/p>\n<p><\/a><\/p>\n<p class=\"v-p\">Las dudas del Unicaja con Xavier Casta\u00f1eda podr\u00edan venir por sus dificultades para jugar de base y de escolta. Por lo visto hasta ahora, su puesto natural es el primero, mientras que encuentra m\u00e1s problemas para jugar como anotador. Sus compa\u00f1eros hablan muy bien de su capacidad para dirigir al equipo en los entrenamientos, pero tampoco es que est\u00e9 destacando en este aspecto en los partidos. Su caso se parece al de Tyson Carter cuando lleg\u00f3 a M\u00e1laga en su primera temporada. El ahora jugador del Zenit tambi\u00e9n estaba perdido, pero no tard\u00f3 en demostrar su calidad. Carter hizo el camino contrario a Casta\u00f1eda, pues llegaba con n\u00fameros de gran anotador y se le fue reorientando al puesto de base, donde cada vez ofrec\u00eda un mejor nivel.<\/p>\n<p class=\"v-p\">De momento, su mejor encuentro con el Unicaja fue en la amplia victoria ante el Mersin en el primer partido de la Champions. Esa noche mostr\u00f3 su versi\u00f3n m\u00e1s ofensiva y acab\u00f3 el choque como m\u00e1ximo anotador del equipo con 17 puntos. Sin embargo, luego pas\u00f3 desapercibido contra el Gran Canaria y el Karditsa, con minutos casi testimoniales, para quedar descartado ante el Barcelona. En Tenerife, un encuentro en el que faltaban varios compa\u00f1eros por lesi\u00f3n y en el que Perry no estuvo bien, volvi\u00f3 a pasar desapercibido jugando la mayor\u00eda del tiempo como escolta.<\/p>\n<p class=\"v-p\">Si el Unicaja decide dar el paso de prescindir de sus servicios tendr\u00eda que llegar a un acuerdo con \u00e9l, algo que no ser\u00e1 un gran &#8216;handicap&#8217;, pues comparte agente con la mitad de la plantilla y su salario no es elevado. Tambi\u00e9n tendr\u00eda que encontrar un recambio y ah\u00ed las opciones son m\u00faltiples y los mercados, amplios. El equipo tiene una ficha de extracomunitario libre, pero todo apunta a que el Unicaja buscar\u00eda un sustituto con experiencia en el baloncesto espa\u00f1ol o europeo. <\/p>\n<p class=\"v-p\">Sin embargo, tras la lesi\u00f3n de David Kravish, el panorama para el Unicaja es m\u00e1s complicado, pues tendr\u00e1 que incorporar un p\u00edvot y qui\u00e9n sabe si gastar ah\u00ed la ficha de extracomunitario. Como ya se ha explicado estos d\u00edas, <a href=\"https:\/\/www.diariosur.es\/unicaja\/unicaja-ante-mercado-complejo-reemplazar-david-kravish-20251027132400-nt.html\" target=\"_self\" data-voc-vtm-id=\"in-text-traffic\" title=\"el mercado de jugadores interiores no est\u00e1 f\u00e1cil.\" data-mrf-link=\"www.diariosur.es\" rel=\"nofollow noopener\">el mercado de jugadores interiores no est\u00e1 f\u00e1cil.<\/a> No hay muchos p\u00edvots disponibles y algunos son bastante caros. <\/p>\n<p><img decoding=\"async\" loading=\"lazy\" src=\"https:\/\/www.europesays.com\/es\/wp-content\/uploads\/2025\/10\/xec8kogesjn3nqzry73z-RExKpqJlnJ4-U65128616226zpz-650x455@Diario Sur.jpg\" class=\"v-a-img\" width=\"650\" height=\"455\" alt=\"Hunter Hale, la pasada campa\u00f1a con el AEK.\" data-voc-vtm-id=\"in-text-traffic\"\/><\/p>\n<p>Hunter Hale, la pasada campa\u00f1a con el AEK.<\/p>\n<p>FIBA<\/p>\n<p><img loading=\"lazy\" decoding=\"async\" src=\"https:\/\/www.europesays.com\/es\/wp-content\/uploads\/2025\/10\/xec8kogesjn3nqzry73z-RExKpqJlnJ4-U65128616226zpz-650x455@Diario Sur.jpg\" class=\"v-mdl__img-z\" width=\"650\" height=\"455\" alt=\"\"\/><\/p>\n<p class=\"v-p\">En este sentido, hay jugadores que van a llegar ahora al mercado como descartes de la NBA y otros sin equipo. El verano pasado, el Unicaja ten\u00eda dos opciones para reemplazar a Tyson Carter. Por un lado estaba Hunter Hale, que hab\u00eda sido uno de los destacados de la Basketball Champions League con el AEK y al que ya tante\u00f3 hace dos campa\u00f1as. El examen de Hale fue en la Final Four de Atenas, donde no cuaj\u00f3 actuaciones destacadas y aquello fue clave. El jugador esper\u00f3 una oferta del Unicaja hasta el final, pero al final acept\u00f3 una propuesta del Bah\u00e7e\u015fehir turco, con el que compite en la Eurocup.<\/p>\n<p class=\"v-p\"> Justo antes del verano surgi\u00f3 la opci\u00f3n de Casta\u00f1eda, a pesar de que estaba lesionado desde el mes de febrero. Su condici\u00f3n de comunitario, al haber jugado con la selecci\u00f3n de Bosnia pudo decantar la balanza a su favor. Como es l\u00f3gico, el Unicaja recibi\u00f3 m\u00faltiples ofrecimientos, como el de Jerrick Harding, m\u00e1ximo anotador de la ACB con el Andorra la pasada campa\u00f1a, pero no daba el perfil. <\/p>\n","protected":false},"excerpt":{"rendered":"El futuro de Xavier Casta\u00f1eda en el Unicaja es incierto. El rendimiento del base estadounidense no est\u00e1 respondiendo&hellip;\n","protected":false},"author":2,"featured_media":205418,"comment_status":"","ping_status":"","sticky":false,"template":"","format":"standard","meta":{"footnotes":""},"categories":[269],"tags":[299,298,12777,168,25,24,1173,23,167,2246,11640,8943],"class_list":{"0":"post-205417","1":"post","2":"type-post","3":"status-publish","4":"format-standard","5":"has-post-thumbnail","7":"category-baloncesto","8":"tag-baloncesto","9":"tag-basketball","10":"tag-castaneda","11":"tag-deportes","12":"tag-es","13":"tag-espana","14":"tag-opciones","15":"tag-spain","16":"tag-sports","17":"tag-unicaja","18":"tag-valora","19":"tag-xavier"},"share_on_mastodon":{"url":"https:\/\/pubeurope.com\/@es\/115451875300087627","error":""},"_links":{"self":[{"href":"https:\/\/www.europesays.com\/es\/wp-json\/wp\/v2\/posts\/205417","targetHints":{"allow":["GET"]}}],"collection":[{"href":"https:\/\/www.europesays.com\/es\/wp-json\/wp\/v2\/posts"}],"about":[{"href":"https:\/\/www.europesays.com\/es\/wp-json\/wp\/v2\/types\/post"}],"author":[{"embeddable":true,"href":"https:\/\/www.europesays.com\/es\/wp-json\/wp\/v2\/users\/2"}],"replies":[{"embeddable":true,"href":"https:\/\/www.europesays.com\/es\/wp-json\/wp\/v2\/comments?post=205417"}],"version-history":[{"count":0,"href":"https:\/\/www.europesays.com\/es\/wp-json\/wp\/v2\/posts\/205417\/revisions"}],"wp:featuredmedia":[{"embeddable":true,"href":"https:\/\/www.europesays.com\/es\/wp-json\/wp\/v2\/media\/205418"}],"wp:attachment":[{"href":"https:\/\/www.europesays.com\/es\/wp-json\/wp\/v2\/media?parent=205417"}],"wp:term":[{"taxonomy":"category","embeddable":true,"href":"https:\/\/www.europesays.com\/es\/wp-json\/wp\/v2\/categories?post=205417"},{"taxonomy":"post_tag","embeddable":true,"href":"https:\/\/www.europesays.com\/es\/wp-json\/wp\/v2\/tags?post=205417"}],"curies":[{"name":"wp","href":"https:\/\/api.w.org\/{rel}","templated":true}]}}