{"id":205421,"date":"2025-10-28T12:50:16","date_gmt":"2025-10-28T12:50:16","guid":{"rendered":"https:\/\/www.europesays.com\/es\/205421\/"},"modified":"2025-10-28T12:50:16","modified_gmt":"2025-10-28T12:50:16","slug":"pedroche-me-decia-dejala-en-paz","status":"publish","type":"post","link":"https:\/\/www.europesays.com\/es\/205421\/","title":{"rendered":"Pedroche me dec\u00eda, d\u00e9jala en paz"},"content":{"rendered":"<p id=\"ei09sntvCk\" data-wc=\"107\">Dicen que las mejores cosas suceden cuando menos la esperas y <strong>Miki Nadal\u00a0<\/strong>puede confirmar que esta frase tan manida es una aut\u00e9ntica realidad. En su caso, no pod\u00eda imaginar que la vuelta a la normalidad despu\u00e9s de la dur\u00edsima crisis sanitaria le ten\u00eda preparada una gran sorpresa: conocer a <strong>Helena Aldea<\/strong>, la mujer de su vida. <a class=\"hm-link ho-link\" href=\"https:\/\/www.hola.com\/actualidad\/20210322301921\/miki-nadal-habla-novia-helena-aldea\/\" data-mrf-recirculation=\"article-body-link\" rel=\"nofollow noopener\" target=\"_blank\">Cristina Pedroche y Dabiz Mu\u00f1oz ejercieron sin saberlo como Cupido<\/a>, y es que reunieron a varios amigos en la reapertura del restaurante StreetXO. <strong>Una noche de reencuentros que cambi\u00f3 para siempre al humorista, quien ha contado los detalles m\u00e1s sorprendentes y desconocidos de los inicios de su historia de amor.<\/strong><\/p>\n<p> <img src=\"https:\/\/www.europesays.com\/es\/wp-content\/uploads\/2025\/10\/33225b93ae55-miki-nadal69.jpg\"   width=\"1024\" height=\"576\" loading=\"lazy\" decoding=\"async\" alt=\"Media Image\" fetchpriority=\"auto\" class=\"image ho-image\"\/>\u00a9 Antena3<\/p>\n<p id=\"epJJtn9pu9\" data-wc=\"105\">Tenemos que remontarnos al verano de 2020 para situarnos en el d\u00eda en el que el ganador de MasterChef Celebrity\u00a0conoci\u00f3 a la empresaria con la que hoy ha formado una bonita familia. \u00ab<strong>Yo vi a una morena y una rubia, que la rubia era su hermana, y dije &#8216;\u00bfqui\u00e9nes son esas dos?&#8217;<\/strong>. Me dijeron que una estaba casada y dije, &#8216;pues la otra, \u00bfqui\u00e9n es?&#8217;. Eran muy monas las dos\u00bb, ha comenzado a decir con su habitual sentido del humor en una entrevista con Y ahora Sonsoles. Aquella noche no surgi\u00f3 la chispa, pero no tard\u00f3 en dar el paso de interesarse por Helena.<\/p>\n<p id=\"eW8IOailc6\" data-wc=\"104\">\u00abYo quer\u00eda hablar con ella y empezamos a hablar por redes\u00bb, ha explicado sobre esas primeras conversaciones con la empresaria, cuya firma de ropa es una de las preferidas de Cristina Pedroche. La presentadora no anim\u00f3 a su amigo en su intento de conocer m\u00e1s a Helena, todo lo contrario. Le quit\u00f3 la idea de poder tener algo con Helena. \u00ab<strong>La Pedroche me dec\u00eda, d\u00e9jala, d\u00e9jala en paz, que a ella le gustan j\u00f3venes\u00bb<\/strong>, ha indicado, explicando que \u00able saco 18 a\u00f1os, ella tiene 39 y yo 58\u00bb. Miki le dec\u00eda a la presentadora: \u00abT\u00fa esp\u00e9rate\u00bb. Y el tiempo le ha dado la raz\u00f3n.<\/p>\n<p> <img src=\"https:\/\/www.europesays.com\/es\/wp-content\/uploads\/2025\/09\/41eab2bf0aa7-miki-nadal.jpg\"   width=\"768\" height=\"1024\" loading=\"lazy\" decoding=\"async\" alt=\"Miki Nadal celebra su cumple con su mujer y sus tres hijas\" fetchpriority=\"auto\" class=\"image ho-image\"\/>\u00a9 nadalmiki<\/p>\n<p id=\"e74WwXuy4r\" data-wc=\"95\">Miki Nadal ha encontrado en Helena a la mejor compa\u00f1era de vida. La define como \u00abtrabajadora incansable, empresaria luchadora, mujer cuidadosa, detallista y con un coraz\u00f3n inmenso, alguien con un esp\u00edritu de superaci\u00f3n inagotable\u00bb. A su lado, <a class=\"hm-link ho-link\" href=\"https:\/\/www.hola.com\/actualidad\/20240909715122\/miki-nadal-helena-aldea-nace-segunda-hija-comun-angela\/\" data-mrf-recirculation=\"article-body-link\" rel=\"nofollow noopener\" target=\"_blank\">la felicidad se ha multiplicado con Galatea (3) y \u00c1ngela (1)<\/a>. \u00abYo m<strong>e llamo padruelo, que es una mezcla de padre y abuelo a la vez.<\/strong> Tengo m\u00e1s tiempo para estar con ellas, tengo m\u00e1s calma, las disfruto m\u00e1s.\u00bb, ha dicho entre risas. La mayor de sus hijas en com\u00fan tiene como madrina de bautizo a Cristina Pedroche.<\/p>\n<p id=\"eg620h2xuVJ\" data-wc=\"128\">El otro pilar fundamental del presentador es Carmen, que naci\u00f3 hace diez a\u00f1os fruto de su matrimonio con Carola Esc\u00e1mez. Padre de familia numerosa, reconoce sentirse afortunado de tener al lado mujeres que le anclan a la tierra. Muy presente en el d\u00eda a d\u00eda de las peque\u00f1as, a la que lleva al parque, de paseo y de viaje, explica que las tres se han portado muy bien desde beb\u00e9s y no le han dado ninguna mala noche: \u00ab<strong>Las tres han comido y dormido fant\u00e1sticamente bien, sobre todo de beb\u00e9s<\/strong>. Yo era el encargado de dar los biberones de la 1, y hasta las 7 de la ma\u00f1ana aguantaban\u00bb. Pero sin duda, lo que m\u00e1s afortunado le hace sentir es esa conexi\u00f3n m\u00e1gica que hay entre las hermanas.<\/p>\n","protected":false},"excerpt":{"rendered":"Dicen que las mejores cosas suceden cuando menos la esperas y Miki Nadal\u00a0puede confirmar que esta frase tan&hellip;\n","protected":false},"author":2,"featured_media":205422,"comment_status":"","ping_status":"","sticky":false,"template":"","format":"standard","meta":{"footnotes":""},"categories":[174],"tags":[517,255,18875,146,147,25,24,256,45014,23,807],"class_list":{"0":"post-205421","1":"post","2":"type-post","3":"status-publish","4":"format-standard","5":"has-post-thumbnail","7":"category-famosos","8":"tag-actualidad","9":"tag-celebrities","10":"tag-cristina-pedroche","11":"tag-entertainment","12":"tag-entretenimiento","13":"tag-es","14":"tag-espana","15":"tag-famosos","16":"tag-miki-nadal","17":"tag-spain","18":"tag-television"},"share_on_mastodon":{"url":"https:\/\/pubeurope.com\/@es\/115451882983516215","error":""},"_links":{"self":[{"href":"https:\/\/www.europesays.com\/es\/wp-json\/wp\/v2\/posts\/205421","targetHints":{"allow":["GET"]}}],"collection":[{"href":"https:\/\/www.europesays.com\/es\/wp-json\/wp\/v2\/posts"}],"about":[{"href":"https:\/\/www.europesays.com\/es\/wp-json\/wp\/v2\/types\/post"}],"author":[{"embeddable":true,"href":"https:\/\/www.europesays.com\/es\/wp-json\/wp\/v2\/users\/2"}],"replies":[{"embeddable":true,"href":"https:\/\/www.europesays.com\/es\/wp-json\/wp\/v2\/comments?post=205421"}],"version-history":[{"count":0,"href":"https:\/\/www.europesays.com\/es\/wp-json\/wp\/v2\/posts\/205421\/revisions"}],"wp:featuredmedia":[{"embeddable":true,"href":"https:\/\/www.europesays.com\/es\/wp-json\/wp\/v2\/media\/205422"}],"wp:attachment":[{"href":"https:\/\/www.europesays.com\/es\/wp-json\/wp\/v2\/media?parent=205421"}],"wp:term":[{"taxonomy":"category","embeddable":true,"href":"https:\/\/www.europesays.com\/es\/wp-json\/wp\/v2\/categories?post=205421"},{"taxonomy":"post_tag","embeddable":true,"href":"https:\/\/www.europesays.com\/es\/wp-json\/wp\/v2\/tags?post=205421"}],"curies":[{"name":"wp","href":"https:\/\/api.w.org\/{rel}","templated":true}]}}