{"id":205423,"date":"2025-10-28T12:51:12","date_gmt":"2025-10-28T12:51:12","guid":{"rendered":"https:\/\/www.europesays.com\/es\/205423\/"},"modified":"2025-10-28T12:51:12","modified_gmt":"2025-10-28T12:51:12","slug":"claudio-de-la-cal-ganador-del-xvi-premio-nacional-de-fotografia-piedad-isla-2025","status":"publish","type":"post","link":"https:\/\/www.europesays.com\/es\/205423\/","title":{"rendered":"Claudio de la Cal, ganador del XVI Premio Nacional de Fotograf\u00eda \u201cPiedad Isla 2025\u201d"},"content":{"rendered":"<p>Fotograf\u00eda<\/p>\n<p>El premio est\u00e1 dotado con 6.000 euros y recuerda la figura de Piedad Isla, etn\u00f3grafa y pionera de la fotograf\u00eda en nuestro pa\u00eds, nacida en Cervera de Pisuerga en 1926 de cuyo fallecimiento se cumplir\u00e1n 16 a\u00f1os el pr\u00f3ximo 6 de noviembre.<\/p>\n<p class=\"articleSignature-name\"> Onda Cero Palencia <a class=\"articleSignature-social\" href=\"https:\/\/twitter.com\/OCR_Palencia?lang=es\" target=\"_blank\" rel=\"noopener noreferrer nofollow\" aria-label=\"twitter\"><\/a><\/p>\n<p class=\"articleSignature-datecontent\">Palencia | <strong>27.10.2025 18:38 <\/strong><\/p>\n<p><img loading=\"lazy\" decoding=\"async\" title=\"Claudio de la Cal, ganador del XVI Premio Nacional de Fotograf\u00eda \u201cPiedad Isla 2025\u201d\" alt=\".\" width=\"480\" height=\"270\" src=\"https:\/\/www.europesays.com\/es\/wp-content\/uploads\/2025\/10\/claudio-cal-ganador-xvi-premio-nacional-fotografia-piedad-isla-2025_70.jpg\"\/>Claudio de la Cal, ganador del XVI Premio Nacional de Fotograf\u00eda \u201cPiedad Isla 2025\u201d | Diputaci\u00f3n de Palencia<script async src=\"https:\/\/platform.twitter.com\/widgets.js\" charset=\"utf-8\"><\/script><\/p>\n","protected":false},"excerpt":{"rendered":"Fotograf\u00eda El premio est\u00e1 dotado con 6.000 euros y recuerda la figura de Piedad Isla, etn\u00f3grafa y pionera&hellip;\n","protected":false},"author":2,"featured_media":205424,"comment_status":"","ping_status":"","sticky":false,"template":"","format":"standard","meta":{"footnotes":""},"categories":[173],"tags":[229,233,231,230,232,234,146,147,25,24,23],"class_list":{"0":"post-205423","1":"post","2":"type-post","3":"status-publish","4":"format-standard","5":"has-post-thumbnail","7":"category-arte-y-diseno","8":"tag-arte","9":"tag-arte-y-diseno","10":"tag-arts","11":"tag-arts-and-design","12":"tag-design","13":"tag-diseno","14":"tag-entertainment","15":"tag-entretenimiento","16":"tag-es","17":"tag-espana","18":"tag-spain"},"share_on_mastodon":{"url":"https:\/\/pubeurope.com\/@es\/115451886562484011","error":""},"_links":{"self":[{"href":"https:\/\/www.europesays.com\/es\/wp-json\/wp\/v2\/posts\/205423","targetHints":{"allow":["GET"]}}],"collection":[{"href":"https:\/\/www.europesays.com\/es\/wp-json\/wp\/v2\/posts"}],"about":[{"href":"https:\/\/www.europesays.com\/es\/wp-json\/wp\/v2\/types\/post"}],"author":[{"embeddable":true,"href":"https:\/\/www.europesays.com\/es\/wp-json\/wp\/v2\/users\/2"}],"replies":[{"embeddable":true,"href":"https:\/\/www.europesays.com\/es\/wp-json\/wp\/v2\/comments?post=205423"}],"version-history":[{"count":0,"href":"https:\/\/www.europesays.com\/es\/wp-json\/wp\/v2\/posts\/205423\/revisions"}],"wp:featuredmedia":[{"embeddable":true,"href":"https:\/\/www.europesays.com\/es\/wp-json\/wp\/v2\/media\/205424"}],"wp:attachment":[{"href":"https:\/\/www.europesays.com\/es\/wp-json\/wp\/v2\/media?parent=205423"}],"wp:term":[{"taxonomy":"category","embeddable":true,"href":"https:\/\/www.europesays.com\/es\/wp-json\/wp\/v2\/categories?post=205423"},{"taxonomy":"post_tag","embeddable":true,"href":"https:\/\/www.europesays.com\/es\/wp-json\/wp\/v2\/tags?post=205423"}],"curies":[{"name":"wp","href":"https:\/\/api.w.org\/{rel}","templated":true}]}}