{"id":205425,"date":"2025-10-28T12:53:09","date_gmt":"2025-10-28T12:53:09","guid":{"rendered":"https:\/\/www.europesays.com\/es\/205425\/"},"modified":"2025-10-28T12:53:09","modified_gmt":"2025-10-28T12:53:09","slug":"desde-el-primer-momento-se-veia-mal-rollo","status":"publish","type":"post","link":"https:\/\/www.europesays.com\/es\/205425\/","title":{"rendered":"Desde el primer momento se ve\u00eda mal rollo"},"content":{"rendered":"<p class=\"article-text\">\n        <strong>Marta Riesco<\/strong> y <strong>Paz Padilla<\/strong> protagonizaron este lunes un tenso encuentro en el photocall de <strong>Cuerpos locos<\/strong>, la nueva pel\u00edcula de la actriz y presentadora gaditana. La reportera de <strong>No somos nadie<\/strong> (Canal Quickie y Ten) y la humorista hablaron apenas unos instantes, pero fue suficiente para que quedara patente la incomodidad que ambas estaban sufriendo. Riesco, porque ya hab\u00eda dejado claro durante la emisi\u00f3n que hablar con Paz no era lo que m\u00e1s le apetec\u00eda. Y Paz, porque previsiblemente tampoco estaba encantada de hablar con el programa de sus antiguos compa\u00f1eros de S\u00e1lvame.\n    <\/p>\n<p>    <a href=\"https:\/\/www.eldiario.es\/vertele\/noticias\/isla-tentaciones-9-dia-estreno-telecinco-expandiendose-tres-noches-ademas-debate_1_12717239.html\" data-mrf-recirculation=\"saber-mas\" data-dl-event=\"saber-mas\" rel=\"nofollow noopener\" target=\"_blank\"><\/p>\n<p class=\"know-more__title\">&#8216;La isla de las tentaciones 9&#8217; ya tiene d\u00eda de estreno en Telecinco, expandi\u00e9ndose a tres noches adem\u00e1s de su Debate<\/p>\n<p>            <img decoding=\"async\" class=\"lazy\" loading=\"lazy\" data-src=\"https:\/\/static.eldiario.es\/clip\/aa597707-09d7-4ed0-a3d5-a9eff815a94c_16-9-aspect-ratio_default_0.jpg\" src=\"data:image\/svg+xml,%3Csvg xmlns=\" http:=\"\" viewbox=\"0 0 880 495\" alt=\"'La isla de las tentaciones 9' ya tiene d\u00eda de estreno en Telecinco, expandi\u00e9ndose a tres noches adem\u00e1s de su Debate\"\/><\/p>\n<p>                        <\/a><\/p>\n<p class=\"article-text\">\n        A partir de aqu\u00ed, la cosa empez\u00f3 torcida. Riesco abri\u00f3 la veda dando la \u201cenhorabuena\u201d a Padilla por &#8216;volver&#8217; a la gran pantalla, a lo que la int\u00e9rprete respondi\u00f3: <strong>\u201c\u00bfQue vuelvo? Si nunca me fui\u201d.<\/strong> Despu\u00e9s aclar\u00f3 que solo hab\u00eda pasado \u201cun a\u00f1o\u201d desde su anterior pel\u00edcula, \u201cA todo tren\u201d [en realidad su anterior estreno hab\u00eda sido La reina del convento, en 2024]. \u201c\u00bfSolo un a\u00f1o? Pues estoy bien informada\u201d, respondi\u00f3 Riesco con iron\u00eda para quitar un poco de hierro al asunto. Eso s\u00ed, sin \u00e9xito, pues le chivaron que Padilla compart\u00eda cartel en A todo tren con <strong>Santiago Segura<\/strong>, ella mencion\u00f3 directamente al actor y director y la respuesta de Paz fue la siguiente: <strong>\u201cTe lo est\u00e1n diciendo\u201d<\/strong>. \u201cS\u00ed, me lo est\u00e1n chivando\u201d, reconoci\u00f3 entre risas la periodista.\n    <\/p>\n<p class=\"article-text\">\n        A continuaci\u00f3n, Riesco sac\u00f3 a Padilla el tema por el que quer\u00eda hablar con ella: su supuesta mala actitud el fin de semana en <strong>D Coraz\u00f3n<\/strong> (La 1), donde al parecer estuvo \u201carisquilla\u201d promocionando su pel\u00edcula. Sin embargo, <strong>hasta aqu\u00ed lleg\u00f3 la entrevista<\/strong>, pues Padilla cogi\u00f3 la cabeza de Riesco, le dio dos besos en las mejillas y se fue por donde hab\u00eda venido con un \u201cadi\u00f3s, much\u00edsimas gracias\u201d.\n    <\/p>\n<blockquote class=\"twitter-tweet\" data-lang=\"es\"><p><a href=\"https:\/\/twitter.com\/X\/status\/1982880298498175174?ref_src=twsrc%5Etfw\" rel=\"nofollow noopener\" target=\"_blank\"><\/p><\/blockquote>\n<p>    \u201cDesde el primer momento se ve\u00eda mal rollo\u201d<\/p>\n<p class=\"article-text\">\n        \u201cQu\u00e9 feo, qu\u00e9 feo, qu\u00e9 feo. Prefiero que no te acrediten al momento que has pasado, Marta, porque eso una profesional no lo hace\u201d, coment\u00f3 <strong>Bel\u00e9n Esteban<\/strong> al ver el momento en pleno directo. \u201cEstoy muy sorprendida porque <strong>desde el primer momento se ve\u00eda mal rollo<\/strong>\u201d, asegur\u00f3 Riesco, que fue incluso un paso m\u00e1s all\u00e1 a la hora de valorar lo que acababa de ocurrir: \u201cEs una de las situaciones m\u00e1s tensas que yo he vivido estando en un photocall. De hecho, creo que <strong>nunca he vivido una situaci\u00f3n as\u00ed<\/strong> de sentir que alguien no solo no quiere hablar con nosotros, sino incluso dejarme un poco peor\u201d.\n    <\/p>\n<p>    <a href=\"https:\/\/www.eldiario.es\/vertele\/series\/semana-lunes-27-octubre-domingo-2-noviembre-2025-miedo-halloween-it-dime-tu-nombre-respira-netflix-hbo-max-amazon-prime-video_1_12713506.html\" data-mrf-recirculation=\"saber-mas-abajo\" data-dl-event=\"saber-mas-abajo\" rel=\"nofollow noopener\" target=\"_blank\"><\/p>\n<p class=\"know-more__title\">Las 16 series de la semana meten miedo en Halloween con &#8216;It&#8217; y &#8216;Dime tu nombre&#8217;, y cogen aire con lo nuevo de &#8216;Respira&#8217;\n<\/p>\n<p>            <img decoding=\"async\" class=\"lazy\" loading=\"lazy\" data-src=\"https:\/\/static.eldiario.es\/clip\/04920fba-227a-402d-bb7f-322392172861_16-9-aspect-ratio_default_0.jpg\" src=\"data:image\/svg+xml,%3Csvg xmlns=\" http:=\"\" viewbox=\"0 0 880 495\" alt=\"Las 16 series de la semana meten miedo en Halloween con 'It' y 'Dime tu nombre', y cogen aire con lo nuevo de 'Respira'\"\/><\/p>\n<p>                        <\/a><\/p>\n<p class=\"article-text\">\n        A la reportera le sent\u00f3 especialmente mal que Padilla le dijera que le estaban chivando cosas por el pinganillo. \u201cEs imposible que estemos informados de absolutamente todo (&#8230;) <strong>Me parece un detalle muy feo<\/strong> cuando ella lo ha utilizado igual\u201d, se defendi\u00f3 al respecto. \u201cPaz lo que predica, aparte del perd\u00f3n y el querer a todo el mundo, es precisamente una filosof\u00eda distinta a la nuestra. Pero es teor\u00eda, solo teor\u00eda por parte de Paz Padilla\u201d, concluy\u00f3 <strong>Mar\u00eda Pati\u00f1o<\/strong> sobre su excompa\u00f1era.\n    <\/p>\n<p>                                    <script async src=\"https:\/\/platform.twitter.com\/widgets.js\" charset=\"utf-8\"><\/script><\/p>\n","protected":false},"excerpt":{"rendered":"Marta Riesco y Paz Padilla protagonizaron este lunes un tenso encuentro en el photocall de Cuerpos locos, la&hellip;\n","protected":false},"author":2,"featured_media":205426,"comment_status":"","ping_status":"","sticky":false,"template":"","format":"standard","meta":{"footnotes":""},"categories":[171],"tags":[437,146,147,25,24,4627,56175,2812,30592,6925,977,38330,23,1197,214,25651],"class_list":{"0":"post-205425","1":"post","2":"type-post","3":"status-publish","4":"format-standard","5":"has-post-thumbnail","7":"category-tv","8":"tag-encuentro","9":"tag-entertainment","10":"tag-entretenimiento","11":"tag-es","12":"tag-espana","13":"tag-mal","14":"tag-marta-riesco","15":"tag-momento","16":"tag-no-somos-nadie","17":"tag-paz-padilla","18":"tag-primer","19":"tag-rollo","20":"tag-spain","21":"tag-tenso","22":"tag-tv","23":"tag-veia"},"share_on_mastodon":{"url":"https:\/\/pubeurope.com\/@es\/115451894335298647","error":""},"_links":{"self":[{"href":"https:\/\/www.europesays.com\/es\/wp-json\/wp\/v2\/posts\/205425","targetHints":{"allow":["GET"]}}],"collection":[{"href":"https:\/\/www.europesays.com\/es\/wp-json\/wp\/v2\/posts"}],"about":[{"href":"https:\/\/www.europesays.com\/es\/wp-json\/wp\/v2\/types\/post"}],"author":[{"embeddable":true,"href":"https:\/\/www.europesays.com\/es\/wp-json\/wp\/v2\/users\/2"}],"replies":[{"embeddable":true,"href":"https:\/\/www.europesays.com\/es\/wp-json\/wp\/v2\/comments?post=205425"}],"version-history":[{"count":0,"href":"https:\/\/www.europesays.com\/es\/wp-json\/wp\/v2\/posts\/205425\/revisions"}],"wp:featuredmedia":[{"embeddable":true,"href":"https:\/\/www.europesays.com\/es\/wp-json\/wp\/v2\/media\/205426"}],"wp:attachment":[{"href":"https:\/\/www.europesays.com\/es\/wp-json\/wp\/v2\/media?parent=205425"}],"wp:term":[{"taxonomy":"category","embeddable":true,"href":"https:\/\/www.europesays.com\/es\/wp-json\/wp\/v2\/categories?post=205425"},{"taxonomy":"post_tag","embeddable":true,"href":"https:\/\/www.europesays.com\/es\/wp-json\/wp\/v2\/tags?post=205425"}],"curies":[{"name":"wp","href":"https:\/\/api.w.org\/{rel}","templated":true}]}}