{"id":205493,"date":"2025-10-28T13:47:10","date_gmt":"2025-10-28T13:47:10","guid":{"rendered":"https:\/\/www.europesays.com\/es\/205493\/"},"modified":"2025-10-28T13:47:10","modified_gmt":"2025-10-28T13:47:10","slug":"trump-encuentra-en-japon-la-horma-de-su-zapato","status":"publish","type":"post","link":"https:\/\/www.europesays.com\/es\/205493\/","title":{"rendered":"Trump encuentra en Jap\u00f3n la horma de su zapato"},"content":{"rendered":"<p>La primera ministra de Jap\u00f3n, <strong>Sanae Takaichi<\/strong>, y el presidente de Estados Unidos, <strong>Donald Trump<\/strong>, han acordado este martes en Tokio impulsar lo que ambos han definido como <strong>una \u00abnueva era dorada\u00bb<\/strong> en la alianza bilateral, con la firma de acuerdos comerciales y estrat\u00e9gicos y gestos de alineamiento pol\u00edtico y personal.<\/p>\n<p>En su primera reuni\u00f3n desde la llegada de Takaichi al cargo hace una semana, la mandataria ha expresado su voluntad de que Jap\u00f3n y Estados Unidos \u201cse vuelvan m\u00e1s fuertes y m\u00e1s pr\u00f3speros\u201d. Trump, que ha llegado a Tokio tras una visita a Malasia, ha dicho que su Administraci\u00f3n est\u00e1 \u201cemocionada\u201d por este nuevo cap\u00edtulo y ha afirmado: \u201cCreo que vamos a lograr un comercio enorme juntos, m\u00e1s que nunca, solamente con firmar un nuevo acuerdo, un acuerdo muy justo\u201d.<\/p>\n<p>Ambas partes han firmado dos documentos: uno para implementar el acuerdo comercial bilateral alcanzado en julio, que <strong>fija los aranceles rec\u00edprocos en el 15 %<\/strong>, y otro para coordinar inversiones en la cadena de suministro de minerales cr\u00edticos y tierras raras. El pacto prev\u00e9 identificar proyectos conjuntos y movilizar recursos p\u00fablicos y privados para asegurar un flujo estable de materiales clave para la industria tecnol\u00f3gica, en un contexto marcado por las restricciones a las exportaciones impuestas por China. Seg\u00fan la Casa Blanca, Tokio y Washington se han dado seis meses para apoyar financieramente proyectos seleccionados y generar productos destinados a compradores en Jap\u00f3n, Estados Unidos y, si procede, pa\u00edses \u201ccon ideas afines\u201d.<\/p>\n<p>\u00abEl presidente y yo est\u00e1bamos viendo el b\u00e9isbol\u00bb<\/p>\n<p>Trump ha destacado adem\u00e1s un reciente pedido japon\u00e9s de armamento estadounidense. \u201cSaben que fabricamos el mejor equipo militar del mundo\u201d, ha dicho, antes de a\u00f1adir que espera que no tengan \u201cque usarlo mucho, o incluso nunca\u201d.<\/p>\n<p>En el plano pol\u00edtico, Takaichi ha anunciado su intenci\u00f3n de nominar a Trump al Premio Nobel de la Paz 2026, <strong>en reconocimiento a su papel en la mediaci\u00f3n de conflictos<\/strong>, incluido el alto el fuego entre Tailandia y Camboya. La portavoz de la Casa Blanca, Karoline Leavitt, ha confirmado la iniciativa al t\u00e9rmino de la reuni\u00f3n privada.<\/p>\n<p>El encuentro ha tenido tambi\u00e9n un componente simb\u00f3lico ligado al legado del fallecido <strong>Shinzo Abe<\/strong>, padrino pol\u00edtico de Takaichi y <strong>figura con la que Trump mantuvo una estrecha relaci\u00f3n<\/strong>. La primera ministra ha obsequiado al presidente estadounidense con el palo de golf del exmandatario, adem\u00e1s de una bolsa firmada por el golfista Hideki Matsuyama. \u201cA \u00e9l le alegrar\u00eda mucho saberlo\u201d, ha dicho Trump, que ha recordado su amistad con Abe.<\/p>\n<p>La cumbre ha comenzado con unos minutos de retraso porque ambos l\u00edderes estaban siguiendo un partido de la Serie Mundial de beisbol entre los Dodgers de Los \u00c1ngeles y los Azulejos de Toronto en el que participaba la estrella japonesa de los Dodgers Shohei Ohtani. Takaichi se ha disculpado en el arranque: <strong>\u201cEl presidente Trump y yo est\u00e1bamos viendo el b\u00e9isbol en su habitaci\u00f3n\u201d<\/strong> en el <strong>Palacio de invitados de Estado de Akasaka<\/strong>, en Tokio. La sinton\u00eda entre ambos mandatarios refleja el buen momento de las relaciones bilaterales entre Estados Unidos y Jap\u00f3n. Trump ha encontrado en el pa\u00eds nip\u00f3n un interlocutor que se aviene a sus deseos, que no cuestiona su estilo y que le agasaja como quiere.<\/p>\n<p>Jucio por el asesinato de Abe<\/p>\n<p>El acercamiento entre Trump y Takaichi coincide con el inicio del juicio por el asesinato de Shinzo Abe, cuyo legado pol\u00edtico ha sobrevolado el encuentro. <strong>Este martes, el acusado, Tetsuya Yamagami, se ha declarado culpable del magnicidio<\/strong> cometido en julio de 2022 durante un acto electoral, aunque su defensa disputar\u00e1 cargos secundarios como la violaci\u00f3n de la Ley de Control de Armas de Fuego y Espadas. El proceso se prolongar\u00e1 al menos hasta mediados de noviembre.<\/p>\n<p>El caso ha reavivado el debate sobre los v\u00ednculos entre sectores del Partido Liberal Democr\u00e1tico y la Iglesia de la Unificaci\u00f3n, que motivaron el ataque seg\u00fan el propio acusado, y ha sacado a la luz testimonios de afectados por las pr\u00e1cticas del grupo religioso. Tras la muerte de Abe, el Gobierno impuls\u00f3 una investigaci\u00f3n que culmin\u00f3 este a\u00f1o con una orden judicial de disoluci\u00f3n de la organizaci\u00f3n, actualmente recurrida ante el Tribunal Supremo.<\/p>\n<p>PUBLICIDAD<\/p>\n","protected":false},"excerpt":{"rendered":"La primera ministra de Jap\u00f3n, Sanae Takaichi, y el presidente de Estados Unidos, Donald Trump, han acordado este&hellip;\n","protected":false},"author":2,"featured_media":205494,"comment_status":"","ping_status":"","sticky":false,"template":"","format":"standard","meta":{"footnotes":""},"categories":[42],"tags":[17,18,352,629,13,14,11,61,62,63,64,3564,19,20,9,10,15,16,19218,12,21,22,65,66,67],"class_list":{"0":"post-205493","1":"post","2":"type-post","3":"status-publish","4":"format-standard","5":"has-post-thumbnail","7":"category-internacional","8":"tag-breaking-news","9":"tag-breakingnews","10":"tag-donald-trump","11":"tag-estados-unidos","12":"tag-featured-news","13":"tag-featurednews","14":"tag-headlines","15":"tag-internacional","16":"tag-international","17":"tag-international-news","18":"tag-internationalnews","19":"tag-japon","20":"tag-latest-news","21":"tag-latestnews","22":"tag-news","23":"tag-noticias","24":"tag-noticias-destacadas","25":"tag-noticiasdestacadas","26":"tag-redaccion","27":"tag-titulares","28":"tag-ultimas-noticias","29":"tag-ultimasnoticias","30":"tag-world","31":"tag-world-news","32":"tag-worldnews"},"share_on_mastodon":{"url":"https:\/\/pubeurope.com\/@es\/115452106753301393","error":""},"_links":{"self":[{"href":"https:\/\/www.europesays.com\/es\/wp-json\/wp\/v2\/posts\/205493","targetHints":{"allow":["GET"]}}],"collection":[{"href":"https:\/\/www.europesays.com\/es\/wp-json\/wp\/v2\/posts"}],"about":[{"href":"https:\/\/www.europesays.com\/es\/wp-json\/wp\/v2\/types\/post"}],"author":[{"embeddable":true,"href":"https:\/\/www.europesays.com\/es\/wp-json\/wp\/v2\/users\/2"}],"replies":[{"embeddable":true,"href":"https:\/\/www.europesays.com\/es\/wp-json\/wp\/v2\/comments?post=205493"}],"version-history":[{"count":0,"href":"https:\/\/www.europesays.com\/es\/wp-json\/wp\/v2\/posts\/205493\/revisions"}],"wp:featuredmedia":[{"embeddable":true,"href":"https:\/\/www.europesays.com\/es\/wp-json\/wp\/v2\/media\/205494"}],"wp:attachment":[{"href":"https:\/\/www.europesays.com\/es\/wp-json\/wp\/v2\/media?parent=205493"}],"wp:term":[{"taxonomy":"category","embeddable":true,"href":"https:\/\/www.europesays.com\/es\/wp-json\/wp\/v2\/categories?post=205493"},{"taxonomy":"post_tag","embeddable":true,"href":"https:\/\/www.europesays.com\/es\/wp-json\/wp\/v2\/tags?post=205493"}],"curies":[{"name":"wp","href":"https:\/\/api.w.org\/{rel}","templated":true}]}}