{"id":205507,"date":"2025-10-28T14:00:13","date_gmt":"2025-10-28T14:00:13","guid":{"rendered":"https:\/\/www.europesays.com\/es\/205507\/"},"modified":"2025-10-28T14:00:13","modified_gmt":"2025-10-28T14:00:13","slug":"aragon-propone-desmontar-las-pinturas-de-sijena-en-72-fragmentos-para-su-traslado","status":"publish","type":"post","link":"https:\/\/www.europesays.com\/es\/205507\/","title":{"rendered":"Arag\u00f3n propone desmontar las pinturas de Sijena en 72 fragmentos para su traslado"},"content":{"rendered":"<p data-gtm-element-container=\"modulo-texto-link\" class=\"paragraph\">Con la vista puesta en la futura mudanza de las pinturas murales de Sijena que exhibe el Museu Nacional d&#8217;Art de Catalunya (MNAC) desde hace d\u00e9cadas, tal y como ordena la sentencia del Tribunal Supremo dictada en mayo, el informe t\u00e9cnico presentado este martes por Arag\u00f3n sugiere desmontar el conjunto mural en las 72 piezas en las que se compone la obra para facilitar su maniobrabilidad y traslado al monasterio aragon\u00e9s. \u201cCada fragmento ser\u00e1 tratado de forma individualizada con las m\u00e1ximas garant\u00edas\u201d, ha asegurado al respecto el director general de Cultura, Pedro Olloqui.<\/p>\n<p data-gtm-element-container=\"modulo-texto-link\" class=\"paragraph\">En la presentaci\u00f3n del informe, liderado por la conservadora Natalia Mart\u00ednez de Pis\u00f3n, el director general ha incidido en que el traslado es \u201cviable\u201d, ya que, tras el an\u00e1lisis qu\u00edmico, se ha constatado que el estado de las pinturas \u201ces estable\u201d y no presentan \u201criesgos significativos\u201d para su desplazamiento, opini\u00f3n que no comparten desde la instituci\u00f3n catalana.<\/p>\n<p>Pinturas Sijena<br \/>\nArag\u00f3n defiende la viabilidad del traslado y que el estado de las pinturas \u201ces estable\u201d<\/p>\n<p data-gtm-element-container=\"modulo-texto-link\" class=\"paragraph\">Adem\u00e1s, ha resaltado que, gracias al estudio de la microtopograf\u00eda de las pinturas, ahora son conscientes de su estado \u201cal mil\u00edmetro\u201d, lo que les permite conocer \u201clas fortalezas y debilidades\u201d de cada uno de los espacios que componen los murales. \u201cSabemos de las zonas que tienen alg\u00fan tipo de debilidad y en la que ser\u00eda necesario realizar alguna acci\u00f3n de refuerzo\u201d, ha a\u00f1adido.<\/p>\n<p data-gtm-element-container=\"modulo-texto-link\" class=\"paragraph\">Por todo ello, desde Arag\u00f3n defienden la viabilidad del cronograma de siete meses que presentaron al juzgado para ejecutar el traslado, frente a los 18 meses que estiman necesarios desde el MNAC.<\/p>\n<p>        Lee tambi\u00e9n<\/p>\n<p>    Ismael Arana<\/p>\n<p>             <img loading=\"lazy\" decoding=\"async\" data-full-src=\"https:\/\/www.lavanguardia.com\/uploads\/2025\/10\/03\/68dfec3c6e856.jpeg\" alt=\"Horizontal\" width=\"104\" height=\"108\" src=\"https:\/\/www.europesays.com\/es\/wp-content\/uploads\/2025\/10\/68dfec3c6e856.r_d.2544-1696.jpeg\" class=\"lazy\"\/><\/p>\n<p data-gtm-element-container=\"modulo-texto-link\" class=\"paragraph\">Para ello, sugieren ese desmontaje en 72 subfragmentos, ya que, subrayan, \u201cofrece mayores garant\u00edas para su seguridad\u201d al facilitar su manejo y la adopci\u00f3n de medidas de protecci\u00f3n espec\u00edficas de refuerzo temporal y frente a las vibraciones. \u201cPedimos que se tenga en cuenta nuestra propuesta, basada en argumentos t\u00e9cnicos\u201d, ha se\u00f1alado Mart\u00ednez de Pis\u00f3n. El informe ha sido remitido al juzgado n\u00famero 2 de Huesca, encargado del caso, que es quien debe dictaminar los pasos a seguir.<\/p>\n<p data-gtm-element-container=\"modulo-texto-link\" class=\"paragraph\">Para abordar este estudio, un equipo de t\u00e9cnicos aragoneses accedi\u00f3 entre el 28 y el 30 de julio a las salas del MNAC donde se exponen los frescos. Adem\u00e1s de una inspecci\u00f3n visual y la extracci\u00f3n de micromuestras, se realiz\u00f3 un \u201cexhaustivo\u201d registro gr\u00e1fico \u2013con m\u00e1s de 7.000 im\u00e1genes- tanto de las superficies pict\u00f3ricas como del espacio interior de los arcos, para lo que emplearon diferentes medios tecnol\u00f3gicos.<\/p>\n<p>Pinturas Sijena<br \/>\nEl informe ha sido remitido al juzgado de Huesca que debe decidir los pasos a seguir<\/p>\n<p data-gtm-element-container=\"modulo-texto-link\" class=\"paragraph\">Sin embargo, desde Arag\u00f3n han acusado a la direcci\u00f3n del museo catal\u00e1n de no facilitarles la totalidad de la informaci\u00f3n y documentaci\u00f3n requerida. Asimismo, han criticado su \u201cfalta de diligencia suficiente\u201d en el cuidado de las pinturas tras haber detectado se\u00f1ales de humedades posteriores a 1995, cuando se instal\u00f3 en su ubicaci\u00f3n actual\u2013algo que ya denunciaron hace semanas al juzgado en otro informe- o restos de escombros, suciedad y colillas en el interior de sus soportes.<\/p>\n<p data-gtm-element-container=\"modulo-texto-link\" class=\"paragraph\">Las pinturas \u201cson valoradas pero no son queridas\u201d, ha asegurado Olloqui. A su parecer, los estudios constatan que la conservaci\u00f3n en el museo \u201cno ha tenido los est\u00e1ndares que hubieran sido deseables y necesarios\u201d, lo que \u201cdesmonta\u201d el \u201crelato interesado e idealizado\u201d de que las pinturas han estado bien cuidadas y estar\u00edan mejor conservadas en el museo catal\u00e1n.<\/p>\n<p>        Lee tambi\u00e9n<\/p>\n<p>    Teresa Ses\u00e9, Ismael Arana<\/p>\n<p>             <img loading=\"lazy\" decoding=\"async\" data-full-src=\"https:\/\/www.lavanguardia.com\/uploads\/2025\/09\/18\/68cbf6c8c9dff.jpeg\" alt=\"Imagen de las supuestas humedades en las pinturas de Sijena expuestas en el MNAC que denuncia el Gobierno de Arag\u00f3n\" width=\"104\" height=\"108\" src=\"https:\/\/www.europesays.com\/es\/wp-content\/uploads\/2025\/10\/68cbf6c8c9dff.jpeg\" class=\"lazy\"\/><\/p>\n<p data-gtm-element-container=\"modulo-texto-link\" class=\"paragraph\">Por su parte, Mart\u00ednez de Pis\u00f3n se mostr\u00f3 m\u00e1s cauta y no quiso hablar de falta de diligencia, aunque s\u00ed que ha asegurado que las pinturas, \u201caunque no se trasladaran, demandan una intervenci\u00f3n\u201d. \u201cNo solo vale con el control de la humedad y la temperatura, hay una serie de problemas que demandan su correcci\u00f3n\u201d, algo que piensan abordar \u201ccuando vengan\u201d.\u00a0<\/p>\n","protected":false},"excerpt":{"rendered":"Con la vista puesta en la futura mudanza de las pinturas murales de Sijena que exhibe el Museu&hellip;\n","protected":false},"author":2,"featured_media":205508,"comment_status":"","ping_status":"","sticky":false,"template":"","format":"standard","meta":{"footnotes":""},"categories":[173],"tags":[229,233,231,230,232,234,146,147,25,24,23],"class_list":{"0":"post-205507","1":"post","2":"type-post","3":"status-publish","4":"format-standard","5":"has-post-thumbnail","7":"category-arte-y-diseno","8":"tag-arte","9":"tag-arte-y-diseno","10":"tag-arts","11":"tag-arts-and-design","12":"tag-design","13":"tag-diseno","14":"tag-entertainment","15":"tag-entretenimiento","16":"tag-es","17":"tag-espana","18":"tag-spain"},"share_on_mastodon":{"url":"https:\/\/pubeurope.com\/@es\/115452158124601784","error":""},"_links":{"self":[{"href":"https:\/\/www.europesays.com\/es\/wp-json\/wp\/v2\/posts\/205507","targetHints":{"allow":["GET"]}}],"collection":[{"href":"https:\/\/www.europesays.com\/es\/wp-json\/wp\/v2\/posts"}],"about":[{"href":"https:\/\/www.europesays.com\/es\/wp-json\/wp\/v2\/types\/post"}],"author":[{"embeddable":true,"href":"https:\/\/www.europesays.com\/es\/wp-json\/wp\/v2\/users\/2"}],"replies":[{"embeddable":true,"href":"https:\/\/www.europesays.com\/es\/wp-json\/wp\/v2\/comments?post=205507"}],"version-history":[{"count":0,"href":"https:\/\/www.europesays.com\/es\/wp-json\/wp\/v2\/posts\/205507\/revisions"}],"wp:featuredmedia":[{"embeddable":true,"href":"https:\/\/www.europesays.com\/es\/wp-json\/wp\/v2\/media\/205508"}],"wp:attachment":[{"href":"https:\/\/www.europesays.com\/es\/wp-json\/wp\/v2\/media?parent=205507"}],"wp:term":[{"taxonomy":"category","embeddable":true,"href":"https:\/\/www.europesays.com\/es\/wp-json\/wp\/v2\/categories?post=205507"},{"taxonomy":"post_tag","embeddable":true,"href":"https:\/\/www.europesays.com\/es\/wp-json\/wp\/v2\/tags?post=205507"}],"curies":[{"name":"wp","href":"https:\/\/api.w.org\/{rel}","templated":true}]}}