{"id":205514,"date":"2025-10-28T14:06:13","date_gmt":"2025-10-28T14:06:13","guid":{"rendered":"https:\/\/www.europesays.com\/es\/205514\/"},"modified":"2025-10-28T14:06:13","modified_gmt":"2025-10-28T14:06:13","slug":"cristina-perez-impulsa-la-vacunacion-en-ceuta-contra-gripe-y-covid","status":"publish","type":"post","link":"https:\/\/www.europesays.com\/es\/205514\/","title":{"rendered":"Cristina P\u00e9rez impulsa la vacunaci\u00f3n en Ceuta contra gripe y COVID"},"content":{"rendered":"<p style=\"text-align: justify;\">La delegada del Gobierno en Ceuta, <strong>Cristina P\u00e9rez<\/strong>, ha recibido este lunes las vacunas contra la <strong>gripe<\/strong>, el <strong>COVID-19<\/strong> y la <strong>neumon\u00eda<\/strong>, en el marco de la campa\u00f1a de vacunaci\u00f3n impulsada por la <strong>Delegaci\u00f3n del Gobierno<\/strong> y la <strong>Direcci\u00f3n Territorial del INGESA<\/strong>. La representante del Ejecutivo central ha aprovechado la ocasi\u00f3n para lanzar un mensaje de concienciaci\u00f3n a la ciudadan\u00eda, especialmente a los <strong>colectivos m\u00e1s vulnerables<\/strong>, sobre la importancia de la <strong>prevenci\u00f3n<\/strong>.<\/p>\n<p style=\"text-align: justify;\">\u201c<strong>He venido \u00fanica y exclusivamente a recibir la vacuna<\/strong> tanto de COVID como de gripe y, en mi caso, tambi\u00e9n de neumon\u00eda, porque aunque no es obligatoria, es una posibilidad que ofrece el sistema de salud para estar prevenidos\u201d, explic\u00f3 P\u00e9rez, quien subray\u00f3 que su intenci\u00f3n al hacer p\u00fablico el acto era \u201c<strong>incentivar la vacunaci\u00f3n entre los ceut\u00edes<\/strong>\u201d.<\/p>\n<p style=\"text-align: justify;\">La delegada insisti\u00f3 en los beneficios de la inmunizaci\u00f3n para <strong>personas mayores<\/strong>, <strong>pacientes con patolog\u00edas previas<\/strong> y <strong>cuidadores<\/strong>: \u201cEste tipo de vacunaci\u00f3n es de vital importancia tambi\u00e9n para quienes cuidan a otras personas, porque si ellos no est\u00e1n bien, no pueden prestar ese servicio tan necesario\u201d.<\/p>\n<p style=\"text-align: justify;\">P\u00e9rez asegur\u00f3 que el proceso de vacunaci\u00f3n es \u201c<strong>r\u00e1pido, indoloro y sin efectos secundarios<\/strong>\u201d, y anim\u00f3 a la ciudadan\u00eda a acudir a sus centros de salud \u201csin miedo alguno\u201d. \u201cNos salv\u00f3 en pandemia con las vacunas del COVID, y <strong>mantener esa prevenci\u00f3n es fundamental<\/strong>\u201d, recalc\u00f3.<\/p>\n<p style=\"text-align: justify;\">La delegada destac\u00f3 adem\u00e1s el papel de la <strong>sanidad p\u00fablica<\/strong> en la promoci\u00f3n de la salud y la prevenci\u00f3n de enfermedades. \u201cEs una sanidad que incentiva la prevenci\u00f3n. <strong>M\u00e1s vale prevenir que curar<\/strong>, como dec\u00edan nuestros abuelos. Yo me he puesto tres vacunas, no ha pasado nada, y me siento reforzada para afrontar el invierno\u201d, afirm\u00f3.<\/p>\n<p style=\"text-align: justify;\">P\u00e9rez concluy\u00f3 con un mensaje de confianza en el sistema sanitario: \u201cLas vacunas est\u00e1n <strong>totalmente probadas y garantizadas<\/strong>, y la <strong>sanidad p\u00fablica<\/strong> responde siempre a las necesidades de los ciudadanos\u201d.<\/p>\n","protected":false},"excerpt":{"rendered":"La delegada del Gobierno en Ceuta, Cristina P\u00e9rez, ha recibido este lunes las vacunas contra la gripe, el&hellip;\n","protected":false},"author":2,"featured_media":205515,"comment_status":"","ping_status":"","sticky":false,"template":"","format":"standard","meta":{"footnotes":""},"categories":[92],"tags":[4486,56186,25,24,165,9855,166,23,1454],"class_list":{"0":"post-205514","1":"post","2":"type-post","3":"status-publish","4":"format-standard","5":"has-post-thumbnail","7":"category-salud","8":"tag-ceuta","9":"tag-cristina-perez","10":"tag-es","11":"tag-espana","12":"tag-health","13":"tag-ingesa","14":"tag-salud","15":"tag-spain","16":"tag-vacunas"},"share_on_mastodon":{"url":"https:\/\/pubeurope.com\/@es\/115452181491504247","error":""},"_links":{"self":[{"href":"https:\/\/www.europesays.com\/es\/wp-json\/wp\/v2\/posts\/205514","targetHints":{"allow":["GET"]}}],"collection":[{"href":"https:\/\/www.europesays.com\/es\/wp-json\/wp\/v2\/posts"}],"about":[{"href":"https:\/\/www.europesays.com\/es\/wp-json\/wp\/v2\/types\/post"}],"author":[{"embeddable":true,"href":"https:\/\/www.europesays.com\/es\/wp-json\/wp\/v2\/users\/2"}],"replies":[{"embeddable":true,"href":"https:\/\/www.europesays.com\/es\/wp-json\/wp\/v2\/comments?post=205514"}],"version-history":[{"count":0,"href":"https:\/\/www.europesays.com\/es\/wp-json\/wp\/v2\/posts\/205514\/revisions"}],"wp:featuredmedia":[{"embeddable":true,"href":"https:\/\/www.europesays.com\/es\/wp-json\/wp\/v2\/media\/205515"}],"wp:attachment":[{"href":"https:\/\/www.europesays.com\/es\/wp-json\/wp\/v2\/media?parent=205514"}],"wp:term":[{"taxonomy":"category","embeddable":true,"href":"https:\/\/www.europesays.com\/es\/wp-json\/wp\/v2\/categories?post=205514"},{"taxonomy":"post_tag","embeddable":true,"href":"https:\/\/www.europesays.com\/es\/wp-json\/wp\/v2\/tags?post=205514"}],"curies":[{"name":"wp","href":"https:\/\/api.w.org\/{rel}","templated":true}]}}