{"id":205520,"date":"2025-10-28T14:09:09","date_gmt":"2025-10-28T14:09:09","guid":{"rendered":"https:\/\/www.europesays.com\/es\/205520\/"},"modified":"2025-10-28T14:09:09","modified_gmt":"2025-10-28T14:09:09","slug":"apple-se-une-a-la-euforia-alcanza-los-cuatro-billones-de-dolares-de-capitalizacion-por-primera-vez-economia","status":"publish","type":"post","link":"https:\/\/www.europesays.com\/es\/205520\/","title":{"rendered":"Apple se une a la euforia: alcanza los cuatro billones de d\u00f3lares de capitalizaci\u00f3n por primera vez | Econom\u00eda"},"content":{"rendered":"<p class=\"\">Objetivo logrado. Las acciones de Apple han subido a la apertura m\u00e1s de un 0,4%, situando la capitalizaci\u00f3n burs\u00e1til de la compa\u00f1\u00eda, por vez primera, por encima de los cuatro billones de d\u00f3lares. La empresa dirigida por Tim Cook, <a href=\"https:\/\/elpais.com\/economia\/2025-10-20\/apple-bate-su-maximo-historico-en-bolsa-y-se-asoma-a-los-cuatro-billones-de-capitalizacion.html\" target=\"_self\" rel=\"nofollow noopener\" title=\"https:\/\/elpais.com\/economia\/2025-10-20\/apple-bate-su-maximo-historico-en-bolsa-y-se-asoma-a-los-cuatro-billones-de-capitalizacion.html\">que hab\u00eda rozado este r\u00e9cord en los \u00faltimos d\u00edas<\/a>, se ha visto favorecida por el rally de las \u00faltimas semanas, al calor de los nuevos modelos de iPhone, presentados a mediados de septiembre.<\/p>\n<p class=\"\">Desde comienzos de 2025, las acciones de Apple suben m\u00e1s de un 7%, ampliando la capitalizaci\u00f3n burs\u00e1til en m\u00e1s de 211.000 millones de d\u00f3lares. <\/p>\n<p class=\"\">Eso s\u00ed, desde el precio m\u00ednimo anual de 169 d\u00f3lares, marcado el 8 de abril, en medio de la incertidumbre generada por la guerra de los aranceles, los t\u00edtulos de Apple se han revalorizado un 159%.<\/p>\n<p class=\"\">Nvidia inaugur\u00f3 este club en julio pasado, al convertirse en la primera compa\u00f1\u00eda de la historia en alcanzar este valor de mercado, alcanzado posteriormente por Microsoft. Alphabet es la cuarta empresa del mundo por capitalizaci\u00f3n burs\u00e1til, si bien, todav\u00eda no ha alcanzado dicha cota. Actualmente capitaliza cerca de 3,25 billones de d\u00f3lares.<\/p>\n<p class=\"\">El gigante de los chips para IA se mantiene como l\u00edder global en este ranking. De hecho, ha acelerado en los \u00faltimos d\u00edas, y est\u00e1 a punto de batir, por en\u00e9sima vez su m\u00e1ximo hist\u00f3rico, por encima de 4,6 billones de d\u00f3lares. Nvidia se ha visto impulsada por las recomendaciones de firmas como Cantor Fitzgerald, que valor a la compa\u00f1\u00eda en m\u00e1s de 7,3 billones, o HSBC, que sit\u00faa en precio objetivo de la acci\u00f3n en 320 d\u00f3lares, con lo que su valor de mercado rondar\u00eda los ocho billones.<\/p>\n<p class=\"\">Noticia en desarrollo. Habr\u00e1 ampliaci\u00f3n<\/p>\n","protected":false},"excerpt":{"rendered":"Objetivo logrado. Las acciones de Apple han subido a la apertura m\u00e1s de un 0,4%, situando la capitalizaci\u00f3n&hellip;\n","protected":false},"author":2,"featured_media":205521,"comment_status":"","ping_status":"","sticky":false,"template":"","format":"standard","meta":{"footnotes":""},"categories":[80],"tags":[2823,82,95,94,2308,25,24,11314,2822,10070,3505,12223,23],"class_list":{"0":"post-205520","1":"post","2":"type-post","3":"status-publish","4":"format-standard","5":"has-post-thumbnail","7":"category-economia","8":"tag-apple","9":"tag-business","10":"tag-economia","11":"tag-economy","12":"tag-empresas","13":"tag-es","14":"tag-espana","15":"tag-grandes-tecnologicas","16":"tag-iphone","17":"tag-microsoft","18":"tag-nasdaq","19":"tag-nvidia-corporation","20":"tag-spain"},"share_on_mastodon":{"url":"https:\/\/pubeurope.com\/@es\/115452193469487495","error":""},"_links":{"self":[{"href":"https:\/\/www.europesays.com\/es\/wp-json\/wp\/v2\/posts\/205520","targetHints":{"allow":["GET"]}}],"collection":[{"href":"https:\/\/www.europesays.com\/es\/wp-json\/wp\/v2\/posts"}],"about":[{"href":"https:\/\/www.europesays.com\/es\/wp-json\/wp\/v2\/types\/post"}],"author":[{"embeddable":true,"href":"https:\/\/www.europesays.com\/es\/wp-json\/wp\/v2\/users\/2"}],"replies":[{"embeddable":true,"href":"https:\/\/www.europesays.com\/es\/wp-json\/wp\/v2\/comments?post=205520"}],"version-history":[{"count":0,"href":"https:\/\/www.europesays.com\/es\/wp-json\/wp\/v2\/posts\/205520\/revisions"}],"wp:featuredmedia":[{"embeddable":true,"href":"https:\/\/www.europesays.com\/es\/wp-json\/wp\/v2\/media\/205521"}],"wp:attachment":[{"href":"https:\/\/www.europesays.com\/es\/wp-json\/wp\/v2\/media?parent=205520"}],"wp:term":[{"taxonomy":"category","embeddable":true,"href":"https:\/\/www.europesays.com\/es\/wp-json\/wp\/v2\/categories?post=205520"},{"taxonomy":"post_tag","embeddable":true,"href":"https:\/\/www.europesays.com\/es\/wp-json\/wp\/v2\/tags?post=205520"}],"curies":[{"name":"wp","href":"https:\/\/api.w.org\/{rel}","templated":true}]}}