{"id":205522,"date":"2025-10-28T14:10:09","date_gmt":"2025-10-28T14:10:09","guid":{"rendered":"https:\/\/www.europesays.com\/es\/205522\/"},"modified":"2025-10-28T14:10:09","modified_gmt":"2025-10-28T14:10:09","slug":"ultima-hora-del-huracan-melissa-en-directo-la-agencia-meteorologica-de-la-onu-dice-que-melissa-sera-la-tormenta-del-siglo-para-jamaica-intern","status":"publish","type":"post","link":"https:\/\/www.europesays.com\/es\/205522\/","title":{"rendered":"\u00daltima hora del hurac\u00e1n \u2018Melissa\u2019, en directo | La agencia meteorol\u00f3gica de la ONU dice que \u2018Melissa\u2019 ser\u00e1 la \u201ctormenta del siglo para Jamaica\u201d | Internacional"},"content":{"rendered":"<p class=\"ev-title\">Claves | \u00bfC\u00f3mo se miden los huracanes?<\/p>\n<p>El hurac\u00e1n Melissa, de categor\u00eda cinco (la m\u00e1s alta) en la escala de vientos Saffir-Simpson, avanza en estos momentos hacia Jamaica. Se espera que en las pr\u00f3ximas horas toque tierra, la que ya es la mayor tormenta del mundo en lo que va del a\u00f1o, pero \u00bfc\u00f3mo se categorizan los huracanes?<\/p>\n<p>\u00a0<\/p>\n<p><strong>&#8211; \u00bfQu\u00e9 es la escala de vientos Saffir-Simpson?<\/strong><\/p>\n<p>Esta escala divide a los huracanes seg\u00fan la velocidad de sus vientos, del <a href=\"https:\/\/huracanes.fiu.edu\/_assets\/page-docs\/escaladehuracanes.pdf\" target=\"_blank\" rel=\"nofollow noopener\">1 al 5<\/a>. El sistema de medici\u00f3n sirve para determinar el posible nivel de impacto de un hurac\u00e1n.<\/p>\n<p>Los da\u00f1os medidos por esta escala aumentan por un factor de cuatro en cada incremento de categor\u00eda, y califica las velocidades m\u00e1ximas sostenidas del viento. Este sistema de medici\u00f3n no incluye peligros relacionados, como marejadas cicl\u00f3nicas o inundaciones a ra\u00edz de la lluvia.<\/p>\n<p>Todos los huracanes presentan una amenaza para la vida, pero aquellos de Categor\u00eda 3 o m\u00e1s son considerados como huracanes mayores.<\/p>\n<p>\u00a0<\/p>\n<p><strong>&#8211; \u00bfCu\u00e1les son las divisiones?<\/strong><\/p>\n<p><strong>Categor\u00eda 1<\/strong>: 119\u2013153 kil\u00f3metros por hora, vientos muy peligrosos que causar\u00e1n algunos da\u00f1os.<br \/><strong>Categor\u00eda 2<\/strong>: 154\u2013177 kil\u00f3metros por hora, vientos extremadamente peligrosos que causar\u00e1n da\u00f1os extensos.<br \/><strong>Categor\u00eda 3<\/strong>: 178\u2013208 kil\u00f3metros por hora, ocurrir\u00e1n da\u00f1os devastadores.<br \/><strong>Categor\u00eda 4<\/strong>: 209\u2013251 kil\u00f3metros por hora, ocurrir\u00e1n da\u00f1os catastr\u00f3ficos.<br \/><strong>Categor\u00eda 5<\/strong>: 252 kil\u00f3metros por hora o m\u00e1s, es\u00a0el tipo m\u00e1s mort\u00edfero.<\/p>\n<p>\u00a0<\/p>\n<p><strong>&#8211; \u00bfQu\u00e9 velocidad tiene \u2018Melissa\u2019?<\/strong><\/p>\n<p>Se han registrado r\u00e1fagas de hasta\u00a0<a href=\"https:\/\/elpais.com\/america\/2025-10-28\/jamaica-comienza-a-sentir-la-inminente-llegada-del-catastrofico-huracan-melissa-que-deja-ya-tres-muertos.html\" target=\"_blank\" rel=\"nofollow noopener\">300 kil\u00f3metros por hora<\/a>, lo cual ubica al hurac\u00e1n en <a href=\"https:\/\/elpais.com\/internacional\/2025-10-27\/el-huracan-melissa-alcanza-la-maxima-categoria-en-su-avance-hacia-jamaica.html\" target=\"_blank\" rel=\"nofollow noopener\">lo m\u00e1s alto de la escala Saffir-Simpson<\/a>. Para referencia, el <a href=\"https:\/\/elpais.com\/internacional\/2025-08-24\/20-anos-del-huracan-katrina-heroes-activistas-climaticos-y-musicos-cuentan-como-el-desastre-les-cambio-la-vida.html\" target=\"_blank\" rel=\"nofollow noopener\">hurac\u00e1n Katrina<\/a>, que devast\u00f3 Nueva Orleans (EE UU) en 2005 y dej\u00f3 casi 1.400 muertes, era un categor\u00eda 4. En 2017, el <a href=\"https:\/\/elpais.com\/politica\/2017\/10\/16\/sepa_usted\/1508172864_784003.html\" target=\"_blank\" rel=\"nofollow noopener\">hurac\u00e1n Ophelia<\/a>, un categor\u00eda 3 fue el m\u00e1s potente en acercarse a Europa, contribuy\u00f3 a potenciar los incendios de Asturias y Galicia de aquel a\u00f1o.<\/p>\n","protected":false},"excerpt":{"rendered":"Claves | \u00bfC\u00f3mo se miden los huracanes? El hurac\u00e1n Melissa, de categor\u00eda cinco (la m\u00e1s alta) en la&hellip;\n","protected":false},"author":2,"featured_media":205523,"comment_status":"","ping_status":"","sticky":false,"template":"","format":"standard","meta":{"footnotes":""},"categories":[42],"tags":[17,18,1164,13193,12226,4978,13,14,11,21272,61,62,63,64,29744,19,20,28088,11347,9,10,15,16,21985,12,21,22,6641,65,66,67],"class_list":{"0":"post-205522","1":"post","2":"type-post","3":"status-publish","4":"format-standard","5":"has-post-thumbnail","7":"category-internacional","8":"tag-breaking-news","9":"tag-breakingnews","10":"tag-cuba","11":"tag-el-tiempo","12":"tag-emergencia-climatica","13":"tag-emergencias","14":"tag-featured-news","15":"tag-featurednews","16":"tag-headlines","17":"tag-huracanes","18":"tag-internacional","19":"tag-international","20":"tag-international-news","21":"tag-internationalnews","22":"tag-jamaica","23":"tag-latest-news","24":"tag-latestnews","25":"tag-lluvias-torrenciales","26":"tag-meteorologia","27":"tag-news","28":"tag-noticias","29":"tag-noticias-destacadas","30":"tag-noticiasdestacadas","31":"tag-temporales","32":"tag-titulares","33":"tag-ultimas-noticias","34":"tag-ultimasnoticias","35":"tag-viento","36":"tag-world","37":"tag-world-news","38":"tag-worldnews"},"share_on_mastodon":{"url":"","error":"Validation failed: Text character limit of 500 exceeded"},"_links":{"self":[{"href":"https:\/\/www.europesays.com\/es\/wp-json\/wp\/v2\/posts\/205522","targetHints":{"allow":["GET"]}}],"collection":[{"href":"https:\/\/www.europesays.com\/es\/wp-json\/wp\/v2\/posts"}],"about":[{"href":"https:\/\/www.europesays.com\/es\/wp-json\/wp\/v2\/types\/post"}],"author":[{"embeddable":true,"href":"https:\/\/www.europesays.com\/es\/wp-json\/wp\/v2\/users\/2"}],"replies":[{"embeddable":true,"href":"https:\/\/www.europesays.com\/es\/wp-json\/wp\/v2\/comments?post=205522"}],"version-history":[{"count":0,"href":"https:\/\/www.europesays.com\/es\/wp-json\/wp\/v2\/posts\/205522\/revisions"}],"wp:featuredmedia":[{"embeddable":true,"href":"https:\/\/www.europesays.com\/es\/wp-json\/wp\/v2\/media\/205523"}],"wp:attachment":[{"href":"https:\/\/www.europesays.com\/es\/wp-json\/wp\/v2\/media?parent=205522"}],"wp:term":[{"taxonomy":"category","embeddable":true,"href":"https:\/\/www.europesays.com\/es\/wp-json\/wp\/v2\/categories?post=205522"},{"taxonomy":"post_tag","embeddable":true,"href":"https:\/\/www.europesays.com\/es\/wp-json\/wp\/v2\/tags?post=205522"}],"curies":[{"name":"wp","href":"https:\/\/api.w.org\/{rel}","templated":true}]}}