{"id":205536,"date":"2025-10-28T14:23:15","date_gmt":"2025-10-28T14:23:15","guid":{"rendered":"https:\/\/www.europesays.com\/es\/205536\/"},"modified":"2025-10-28T14:23:15","modified_gmt":"2025-10-28T14:23:15","slug":"si-tuviera-que-rejuvenecer-mi-piso-de-60-anos-seguiria-las-5-ideas-de-oro-que-aprendi-de-la-revista-interiores","status":"publish","type":"post","link":"https:\/\/www.europesays.com\/es\/205536\/","title":{"rendered":"Si tuviera que rejuvenecer mi piso de 60 a\u00f1os, seguir\u00eda las 5 ideas de oro que aprend\u00ed de la revista Interiores"},"content":{"rendered":"<p>Si hay algo que he aprendido tras hojear incontables n\u00fameros de esta cabecera, la <a href=\"https:\/\/www.revistainteriores.es\/estilo-de-vida\/asi-han-sido-premios-interiores-2025-ganadores-escenas-gran-noche_12294\" rel=\"nofollow noopener\" target=\"_blank\">revista Interiores<\/a>, es que <a href=\"https:\/\/www.revistainteriores.es\/casas\/pisos-reformados-barcelona-modernos-elegantes-y-llenos-ideas_12311\" rel=\"nofollow noopener\" target=\"_blank\">rejuvenecer un piso antiguo<\/a> no siempre requiere grandes obras ni presupuestos desorbitados. A veces, los cambios m\u00e1s peque\u00f1os son los que transforman por completo la atm\u00f3sfera de un hogar. Si hoy tuviera que devolverle la frescura a mi piso de 60 a\u00f1os, seguir\u00eda estas cinco ideas que aprend\u00ed de sus p\u00e1ginas.<\/p>\n<p>&#13;<img loading=\"lazy\" decoding=\"async\"   src=\"https:\/\/www.europesays.com\/es\/wp-content\/uploads\/2025\/10\/antes-y-despues-dormitorio-individual_6e2831a7_38_251028111915_1570x1056.webp.webp\" alt=\"antes y despu\u00e9s dormitorio individual\" class=\"lazyload\" width=\"1570\" height=\"1056\" data-aspectratio=\"1570\/1056\"\/><\/p>\n<p>&#13;&#13;Foto: despu\u00e9s: Amador Toril &#8211; Interiorismo: Estudio Alberto Torres &#8211; Estilismo: Beatriz S\u00e1nchez&#13;<\/p>\n<p> Las cinco ideas para actualizar un piso desfasado de la revista Interiores1. La importancia de los peque\u00f1os cambios: a\u00f1ade texturas<\/p>\n<p>Varios interioristas han apuntado a la importancia de los <a href=\"https:\/\/www.revistainteriores.es\/ideas-casa\/ni-muebles-ni-pintura-este-interiorista-nos-da-solucion-que-renueva-nuestro-hogar-facil-sin-obras_11388\" rel=\"nofollow noopener\" target=\"_blank\">peque\u00f1os cambios para renovar<\/a>\u00a0un espacio, sin necesidad de empezar grandes obras o invertir altas cantidades de dinero. A menudo, lo que nuestro espacio necesita es un toque de dinamismo o una pincelada de color: cosas tan sencillas como cambiar una alfombra o invertir en un nuevo conjunto de fundas para cojines le puede dar un giro de 180\u00ba a nuestro espacio. En el pasado, nos hemos hecho eco de la importancia del poder de las texturas para renovar un espacio:<\/p>\n<ul>\n<li>Opta por materiales con diferentes acabados (como tejidos naturales, fibras, madera o cer\u00e1mica) que aporten profundidad, calidez y car\u00e1cter a cada rinc\u00f3n. A veces es tan simple como pasarte a una alfombra de rafia en verano, u opta por una de lana para aportar calidez en los meses de invierno.<\/li>\n<\/ul>\n<p>&#13;<img loading=\"lazy\" decoding=\"async\"   src=\"https:\/\/www.europesays.com\/es\/wp-content\/uploads\/2025\/10\/salon-sofa-azul_f5ae1ca3_251027180639_1280x1919.webp.webp\" alt=\"Sal\u00f3n sof\u00e1 azul\" class=\"lazyload\" width=\"1280\" height=\"1919\" data-aspectratio=\"1280\/1919\"\/><\/p>\n<p>Mezclar texturas en los textiles para aportar un toque renovado es una idea sencilla y resultona de modernizar el ambiente.\u00a0<\/p>\n<p>&#13;Foto: Foto: Amador Toril &#8211; Proyecto: Alberto Torres &#8211; Estilismo: Beatriz S\u00e1nchez<br \/>\n <a href=\"https:\/\/www.revistainteriores.es\/ideas-casa\/maria-valle-interiorista-color-ral-9010-pisos-pequenos-amplitud-limpieza-visual_12328\" data-ga4_event=\"custom_event\" data-ga4_event_name=\"click_intext\" data-ga4_link_url=\"https:\/\/www.revistainteriores.es\/ideas-casa\/maria-valle-interiorista-color-ral-9010-pisos-pequenos-amplitud-limpieza-visual_12328\" data-ga4_link_text=\"maria_del_valle_interiorista_nos_gusta_el_color_ral_9010_suele_encajar_siempre_en_pisos_pequenos\" data-ga4_content_type=\"photo\" data-ga4_element=\"related\" rel=\"nofollow noopener\" target=\"_blank\">&#13;&#13;<img loading=\"lazy\" decoding=\"async\" src=\"https:\/\/www.europesays.com\/es\/wp-content\/uploads\/2025\/10\/maria-del-valle-interiorismo-comedor-roble-sillas-beige-palilleria-lamparas-lino-colores-neutros-6_5.webp\" alt=\"maria del valle interiorismo comedor roble sillas beige paliller\u00eda lamparas lino colores neutros (6)\" class=\"lazyload\" width=\"600\" height=\"600\" data-aspectratio=\"600\/600\"\/>&#13;&#13;<\/p>\n<p class=\"epigraph\">                    &#13;Noticia relacionada<\/p>\n<p class=\"title\">Mar\u00eda del Valle, interiorista: \u00abNos gusta el color RAL 9010 suele encajar siempre en pisos peque\u00f1os\u00bb<\/p>\n<p><\/a><\/p>\n<ul>\n<li><a href=\"https:\/\/www.revistainteriores.es\/ideas-casa\/decorar-casa-otono-textiles_12081\" rel=\"nofollow noopener\" target=\"_blank\">Cambia los textiles<\/a> de sof\u00e1s o la ropa de cama del dormitorio: te sorprender\u00e1 el poder de gestos tan simples como incorporar un plaid nuevo, o dar una nota de color a trav\u00e9s de las fundas de los cojines.<\/li>\n<li>Si quieres un cambio m\u00e1s radical, una buena opci\u00f3n es apostar por el <strong>papel pintado<\/strong>: aporta un toque \u00fanico a cualquier estancia, y decora por s\u00ed solo.<\/li>\n<\/ul>\n<p>2. Quiz\u00e1s sea momento de invertir en un cambio de suelos<\/p>\n<p>Hay suelos que no envejecen por el desgaste, sino por el estilo. Los suelos brillantes est\u00e1n pasados de moda, al igual que los que tienden a amarillear. El parquet, sin embargo, es una joya atemporal: <a href=\"https:\/\/www.revistainteriores.es\/tendencias\/clara-perez-interiorista-si-primero-que-vemos-entrar-vivienda-madrid-es-este-tipo-suelos-sabemos-que-estara-anticuada_10816\" rel=\"nofollow noopener\" target=\"_blank\">las interioristas prefieren el m\u00e1s claro<\/a>, y el de dise\u00f1o de espiga aporta un dinamismo muy especial. Una buena opci\u00f3n para aquellas casas en las que el parquet sea de color oscuro, o est\u00e9 ya muy desgastado por el paso del tiempo, es renovarlo con un simple lijado y barnizado, para sanearlo y conseguir un acabado m\u00e1s natural y mate.<\/p>\n<p>3. No abuses de la madera oscura<\/p>\n<p>Seguro que el primer recuerdo que te viene de la casa de tu abuela son los muebles de estilo rococ\u00f3, las camas con postes altos ornamentados o los aparadores decorados con mantelitos de puntilla. \u00bfEl elemento en com\u00fan de todas estas piezas? <a href=\"https:\/\/www.revistainteriores.es\/estilo-de-vida\/alerta-senales-indican-que-tu-casa-tiene-mas-60-anos-que-deberias-cambiar-algo-para-renovarla_9808\" rel=\"nofollow noopener\" target=\"_blank\">La madera oscura<\/a>.<\/p>\n<p>A pesar de que es un material rico que puede dar un toque distinguido a tu hogar, es mejor no abusar de \u00e9l: relegarlo a un segundo plano le va a dar un aire fresco a la decoraci\u00f3n de la estancia. Combinarlo con piezas m\u00e1s coloridas, o de l\u00edneas m\u00e1s org\u00e1nicas y modernas, es una buena forma de conservar el car\u00e1cter que aportan sin que quede encallado en el pasado.<\/p>\n<p>&#13;<img loading=\"lazy\" decoding=\"async\"   src=\"https:\/\/www.europesays.com\/es\/wp-content\/uploads\/2025\/10\/la-casa-de-espacios-abiertos-y-detalles-de-arte-de-isabel-jimenez_50ee1af0_251027180836_1200x1799.we.webp\" alt=\"La casa de espacios abiertos y detalles de arte de Isabel Jim\u00e9nez\" class=\"lazyload\" width=\"1200\" height=\"1799\" data-aspectratio=\"1200\/1799\"\/><\/p>\n<p>Los espacios abiertos dan paso a la luz y modernizan el ambiente de forma autom\u00e1tica.\u00a0<\/p>\n<p>&#13;Foto: AMADOR TORIL ESTILISMO: CRISTINA RODR\u00cdGUEZ GOITIA<br \/>\n <a href=\"https:\/\/www.revistainteriores.es\/estilo-de-vida\/arquitectura-orden-expertas-vaciar-casas_12144\" data-ga4_event=\"custom_event\" data-ga4_event_name=\"click_intext\" data-ga4_link_url=\"https:\/\/www.revistainteriores.es\/estilo-de-vida\/arquitectura-orden-expertas-vaciar-casas_12144\" data-ga4_link_text=\"arquitectura_del_orden_expertas_en_vaciar_casas_no_tires_nada_de_la_abuela\" data-ga4_content_type=\"photo\" data-ga4_element=\"related\" rel=\"nofollow noopener\" target=\"_blank\">&#13;&#13;<img loading=\"lazy\" decoding=\"async\" src=\"https:\/\/www.europesays.com\/es\/wp-content\/uploads\/2025\/10\/mobiliario-antiguo-y-elementos-decorativos_911a364a_251015122543_600x600.webp.webp\" alt=\"mobiliario antiguo y elementos decorativos \" class=\"lazyload\" width=\"600\" height=\"600\" data-aspectratio=\"600\/600\"\/>&#13;&#13;<\/p>\n<p class=\"epigraph\">                    &#13;Noticia relacionada<\/p>\n<p class=\"title\">Arquitectura del Orden, expertas en vaciar casas: \u00abNo tires nada de la abuela\u00bb<\/p>\n<p><\/a>4. Abre los espacios para dar continuidad al hogar<\/p>\n<p>La caracter\u00edstica por excelencia de los <a href=\"https:\/\/www.revistainteriores.es\/estilo-de-vida\/diseno-espanol-tendencia_12087\" rel=\"nofollow noopener\" target=\"_blank\">pisos espa\u00f1oles<\/a> de los 60 es la compartimentaci\u00f3n: muy ligada a un estilo de vida m\u00e1s privado e individualista, las cocinas cerradas, los pasillos con puertas infinitas y las estancias peque\u00f1as de cuestionable utilidad son una de las cosas que m\u00e1s denotan antig\u00fcedad. Para <a href=\"https:\/\/www.revistainteriores.es\/ideas-casa\/casas-60-70-deberian-eliminar-estas-cosas-para-dejar-envejecer_11558\" rel=\"nofollow noopener\" target=\"_blank\">fomentar una forma de vivir m\u00e1s moderna<\/a> y funcional, y dejar que la luz fluya de forma natural e invada cada rinc\u00f3n, tira tabiques u opta por puertas correderas que faciliten la versatilidad del espacio.<\/p>\n<p>5. Que cocina y ba\u00f1o deban ir revestidos de azulejos no es dogma<\/p>\n<p>De hecho, envejecen bastante el ambiente y existen soluciones mucho m\u00e1s pr\u00e1cticas. El papel pintado con estampados geom\u00e9tricos, por ejemplo, moderniza de inmediato y evita problemas de humedades y moho. Si, de todas formas, prefieres un estilo cl\u00e1sico de <a href=\"https:\/\/www.revistainteriores.es\/tendencias\/colores-tendencia-matices-elegantes-emocionales-para-pintar-paredes-casa-2025_10405\" rel=\"nofollow noopener\" target=\"_blank\">cocina alicatada<\/a> y ba\u00f1os con azulejos, incl\u00ednate por tonos claros que den luz al espacio. Para inspirarte, te contamos <a href=\"https:\/\/www.revistainteriores.es\/tendencias\/colores-tendencia-matices-elegantes-emocionales-para-pintar-paredes-casa-2025_10405\" rel=\"nofollow noopener\" target=\"_blank\">cu\u00e1les son los colores tendencia de este a\u00f1o<\/a> (te adelantamos que evocan a la naturaleza).<\/p>\n","protected":false},"excerpt":{"rendered":"Si hay algo que he aprendido tras hojear incontables n\u00fameros de esta cabecera, la revista Interiores, es que&hellip;\n","protected":false},"author":2,"featured_media":205537,"comment_status":"","ping_status":"","sticky":false,"template":"","format":"standard","meta":{"footnotes":""},"categories":[173],"tags":[229,233,231,230,232,234,146,147,25,24,23],"class_list":{"0":"post-205536","1":"post","2":"type-post","3":"status-publish","4":"format-standard","5":"has-post-thumbnail","7":"category-arte-y-diseno","8":"tag-arte","9":"tag-arte-y-diseno","10":"tag-arts","11":"tag-arts-and-design","12":"tag-design","13":"tag-diseno","14":"tag-entertainment","15":"tag-entretenimiento","16":"tag-es","17":"tag-espana","18":"tag-spain"},"share_on_mastodon":{"url":"https:\/\/pubeurope.com\/@es\/115452248349604552","error":""},"_links":{"self":[{"href":"https:\/\/www.europesays.com\/es\/wp-json\/wp\/v2\/posts\/205536","targetHints":{"allow":["GET"]}}],"collection":[{"href":"https:\/\/www.europesays.com\/es\/wp-json\/wp\/v2\/posts"}],"about":[{"href":"https:\/\/www.europesays.com\/es\/wp-json\/wp\/v2\/types\/post"}],"author":[{"embeddable":true,"href":"https:\/\/www.europesays.com\/es\/wp-json\/wp\/v2\/users\/2"}],"replies":[{"embeddable":true,"href":"https:\/\/www.europesays.com\/es\/wp-json\/wp\/v2\/comments?post=205536"}],"version-history":[{"count":0,"href":"https:\/\/www.europesays.com\/es\/wp-json\/wp\/v2\/posts\/205536\/revisions"}],"wp:featuredmedia":[{"embeddable":true,"href":"https:\/\/www.europesays.com\/es\/wp-json\/wp\/v2\/media\/205537"}],"wp:attachment":[{"href":"https:\/\/www.europesays.com\/es\/wp-json\/wp\/v2\/media?parent=205536"}],"wp:term":[{"taxonomy":"category","embeddable":true,"href":"https:\/\/www.europesays.com\/es\/wp-json\/wp\/v2\/categories?post=205536"},{"taxonomy":"post_tag","embeddable":true,"href":"https:\/\/www.europesays.com\/es\/wp-json\/wp\/v2\/tags?post=205536"}],"curies":[{"name":"wp","href":"https:\/\/api.w.org\/{rel}","templated":true}]}}