{"id":205538,"date":"2025-10-28T14:25:11","date_gmt":"2025-10-28T14:25:11","guid":{"rendered":"https:\/\/www.europesays.com\/es\/205538\/"},"modified":"2025-10-28T14:25:11","modified_gmt":"2025-10-28T14:25:11","slug":"famoso-visita-caceres-coque-nacho-guerreros","status":"publish","type":"post","link":"https:\/\/www.europesays.com\/es\/205538\/","title":{"rendered":"FAMOSO VISITA C\u00c1CERES COQUE NACHO GUERREROS"},"content":{"rendered":"<p class=\"ft-text ft-helper-closenews\">Cualquier excusa es buena para visitar la ciudad de <a class=\"ft-link ft-link--decoration\" href=\"https:\/\/www.elperiodicoextremadura.com\/caceres-local\/2022\/11\/13\/caceres-ciudad-famosos-78500304.html\" target=\"_blank\" rel=\"nofollow noopener\"><strong>C\u00e1ceres<\/strong><\/a>. Desde el paseo de C\u00e1novas hasta las calles empedradas del casco hist\u00f3rico pasando por la <strong>plaza Mayor<\/strong>, cada rinc\u00f3n es un buen lugar para sentarte a disfrutar de la belleza y la inmensidad de un espacio que es reconocido como Patrimonio de la Humanidad por la Unesco y uno de los espacios medievales mejor conservados.<\/p>\n<p class=\"ft-text\">Y as\u00ed lo hizo el actor riojano Nacho Guerreros, conocido popularmente por su papel de <a class=\"ft-link ft-link--decoration\" href=\"https:\/\/www.elperiodicoextremadura.com\/caceres-local\/2025\/01\/24\/martin-berasategui-visita-caceres-disfruta-113684661.html\" target=\"_blank\" rel=\"nofollow noopener\"><strong>Coque Calatrava<\/strong><\/a> en la serie La Que Se Avecina. Aprovechando su visita a la ciudad hace unas semanas con motivo de su actuaci\u00f3n <strong>La Noche Es Comedia<\/strong> en el Palacio de Congresos, poste\u00f3 en Instagram un carrusel de im\u00e1genes de su paseo por el casco hist\u00f3rico.<\/p>\n<p>Recorrido<\/p>\n<p class=\"ft-text\">La plaza Mayor, San Juan, Santa Mar\u00eda, el Arco de la Estrella, la Preciosa Sangre, la Cuesta de la Compa\u00f1\u00eda, la Torre de Bujaco y, como no puede ser de otra manera, la estatua de Leoncia. As\u00ed fue el <strong>itinerario <\/strong>del artista, tal y como comparti\u00f3 en sus redes sociales. A Guerreros lo acompa\u00f1aron el actor Xavier Deltell o Ra\u00fal Rubio, jefe de comunicaci\u00f3n de La Noche Es Comedia y bater\u00eda en el grupo Attica.<\/p>\n<p class=\"ft-text\">En el post, Guerreros record\u00f3 una de las<strong> <\/strong><a class=\"ft-link ft-link--decoration\" href=\"https:\/\/www.elperiodicoextremadura.com\/caceres-local\/2025\/01\/24\/martin-berasategui-visita-caceres-disfruta-113684661.html\" target=\"_blank\" rel=\"nofollow noopener\"><strong>leyendas medievales<\/strong><\/a> que se esconden entre las paredes de la parte antigua de C\u00e1ceres: \u00abUna joven que no quer\u00eda profesar fue obligada a hacerlo. Muri\u00f3 de pena poco despu\u00e9s y su esp\u00edritu, dicen los vecinos, se aparece en las noches fr\u00edas, caminando por el adarve junto a San Pablo, con las manos cruzadas y el rostro cubierto. Muchos juraban haberla visto entre la niebla\u00bb.<\/p>\n<p>Actuaci\u00f3n<\/p>\n<p class=\"ft-text\">La Noche Es Comedia lleg\u00f3 a C\u00e1ceres el pasado <a class=\"ft-link ft-link--decoration\" href=\"https:\/\/www.elperiodicoextremadura.com\/extremadura\/2025\/04\/12\/planes-semana-santa-famosos-extremadura-116214278.html\" target=\"_blank\" rel=\"nofollow noopener\"><strong>18 de octubre<\/strong><\/a><strong> <\/strong>a las 20.30 horas y reuni\u00f3 a monologuistas como el propio Nacho Guerreros, Macarena G\u00f3mez, Tom\u00e1s Garc\u00eda, Miki Dkai, Xavier Delltell y Eva Yqu\u00e9.<\/p>\n<p data-close=\"closedContent\" class=\"subscribeHideForDisplay\">Suscr\u00edbete para seguir leyendo<\/p>\n","protected":false},"excerpt":{"rendered":"Cualquier excusa es buena para visitar la ciudad de C\u00e1ceres. Desde el paseo de C\u00e1novas hasta las calles&hellip;\n","protected":false},"author":2,"featured_media":205539,"comment_status":"","ping_status":"","sticky":false,"template":"","format":"standard","meta":{"footnotes":""},"categories":[171],"tags":[1014,3975,146,147,25,24,33960,3300,11589,19588,492,45138,23,214,938],"class_list":{"0":"post-205538","1":"post","2":"type-post","3":"status-publish","4":"format-standard","5":"has-post-thumbnail","7":"category-tv","8":"tag-actores","9":"tag-caceres","10":"tag-entertainment","11":"tag-entretenimiento","12":"tag-es","13":"tag-espana","14":"tag-guerreros","15":"tag-nacho","16":"tag-plaza-mayor","17":"tag-presume","18":"tag-sociedad","19":"tag-sociedades","20":"tag-spain","21":"tag-tv","22":"tag-visita"},"share_on_mastodon":{"url":"https:\/\/pubeurope.com\/@es\/115452256082965923","error":""},"_links":{"self":[{"href":"https:\/\/www.europesays.com\/es\/wp-json\/wp\/v2\/posts\/205538","targetHints":{"allow":["GET"]}}],"collection":[{"href":"https:\/\/www.europesays.com\/es\/wp-json\/wp\/v2\/posts"}],"about":[{"href":"https:\/\/www.europesays.com\/es\/wp-json\/wp\/v2\/types\/post"}],"author":[{"embeddable":true,"href":"https:\/\/www.europesays.com\/es\/wp-json\/wp\/v2\/users\/2"}],"replies":[{"embeddable":true,"href":"https:\/\/www.europesays.com\/es\/wp-json\/wp\/v2\/comments?post=205538"}],"version-history":[{"count":0,"href":"https:\/\/www.europesays.com\/es\/wp-json\/wp\/v2\/posts\/205538\/revisions"}],"wp:featuredmedia":[{"embeddable":true,"href":"https:\/\/www.europesays.com\/es\/wp-json\/wp\/v2\/media\/205539"}],"wp:attachment":[{"href":"https:\/\/www.europesays.com\/es\/wp-json\/wp\/v2\/media?parent=205538"}],"wp:term":[{"taxonomy":"category","embeddable":true,"href":"https:\/\/www.europesays.com\/es\/wp-json\/wp\/v2\/categories?post=205538"},{"taxonomy":"post_tag","embeddable":true,"href":"https:\/\/www.europesays.com\/es\/wp-json\/wp\/v2\/tags?post=205538"}],"curies":[{"name":"wp","href":"https:\/\/api.w.org\/{rel}","templated":true}]}}