{"id":205542,"date":"2025-10-28T14:28:09","date_gmt":"2025-10-28T14:28:09","guid":{"rendered":"https:\/\/www.europesays.com\/es\/205542\/"},"modified":"2025-10-28T14:28:09","modified_gmt":"2025-10-28T14:28:09","slug":"josep-martinez-portero-espanol-del-inter-de-milan-atropella-a-un-anciano-en-silla-de-ruedas-que-invadio-su-calzada","status":"publish","type":"post","link":"https:\/\/www.europesays.com\/es\/205542\/","title":{"rendered":"Josep Mart\u00ednez, portero espa\u00f1ol del Inter de Mil\u00e1n, atropella a un anciano en silla de ruedas que invadi\u00f3 su calzada"},"content":{"rendered":"<p>28\/10\/2025<br \/>\n<br \/><strong><br \/>\nActualizado a las 13:44h.<br \/>\n<\/strong><\/p>\n<p class=\"voc-p\" style=\"\"><strong>Josep Mart\u00ednez<\/strong>, portero espa\u00f1ol que jug\u00f3 en Las Palmas, Leipzig y Genoa, y en la actualidad suplente en el <strong>Inter de Mil\u00e1n<\/strong>, atropell\u00f3 en la ma\u00f1ana de este martes a un hombre de 81 a\u00f1os que se desplazaba en silla de ruedas cerca  &#8230; del centro de entrenamiento del club, caus\u00e1ndole la muerte seg\u00fan informan medios italianos. <\/p>\n<p class=\"voc-p\" style=\"\">Seg\u00fan estos, el accidente ha tenido lugar a las 9.43 de la ma\u00f1ana en la Via Bergamo de Fenegr\u00f2, provincia de Como, <strong>muy cerca de Appiano Gentile, donde se encuentra la ciudad deportiva del conjunto interista<\/strong>. <\/p>\n<p class=\"voc-p\" style=\"\">Pese a la r\u00e1pida intervenci\u00f3n de los servicios de emergencias el anciano fue declarado muerto en el lugar del siniestro. \u00abEl impacto fue extremadamente violento. Los servicios de emergencia acudieron de inmediato: un helic\u00f3ptero, una ambulancia y los carabinieri\u00bb, <a href=\"https:\/\/milano.repubblica.it\/cronaca\/2025\/10\/28\/news\/josep_martinez_investe_auto_uccide_anziano-424942594\/?ref=RHLF-BG-P3-S1-T1-s368\" target=\"_blank\" data-voc-vtm-id=\"in-text-traffic\" title=\"explica en su web el diario &#039;La Repubblica&#039;\" data-mrf-link=\"milano.repubblica.it\" rel=\"nofollow noopener\">explica en su web el diario &#8216;La Repubblica&#8217;<\/a>.<\/p>\n<p class=\"voc-p\" style=\"\">Las autoridades est\u00e1n realizando investigaciones para reconstruir el accidente, en el que Mart\u00ednez result\u00f3 ileso, y determinar posibles responsabilidades. Seg\u00fan &#8216;La Repubblica&#8217; las primeras investigaciones sobre el terreno apuntan a que <strong>la v\u00edctima podr\u00eda haber sentido un mareo<\/strong>, lo que habr\u00eda provocado que invadiera el carril contrario provocando la colisi\u00f3n. <\/p>\n<p class=\"voc-p\" style=\"\">Apuntan tambi\u00e9n, que el portero valenciano, de 27 a\u00f1os, que trat\u00f3 de auxiliar a la v\u00edctima de inmediato, estaba \u00abvisiblemente afectado\u00bb y colabor\u00f3 en todo momento con las autoridades.<\/p>\n<p>\nArt\u00edculo solo para suscriptores\n<\/p>\n<p>Reportar un error<\/p>\n","protected":false},"excerpt":{"rendered":"28\/10\/2025 Actualizado a las 13:44h. Josep Mart\u00ednez, portero espa\u00f1ol que jug\u00f3 en Las Palmas, Leipzig y Genoa, y&hellip;\n","protected":false},"author":2,"featured_media":205543,"comment_status":"","ping_status":"","sticky":false,"template":"","format":"standard","meta":{"footnotes":""},"categories":[93],"tags":[19174,33796,168,25,24,1489,25395,15090,825,8688,56187,620,20673,6888,23,167],"class_list":{"0":"post-205542","1":"post","2":"type-post","3":"status-publish","4":"format-standard","5":"has-post-thumbnail","7":"category-deportes","8":"tag-anciano","9":"tag-atropella","10":"tag-deportes","11":"tag-es","12":"tag-espana","13":"tag-espanol","14":"tag-inter","15":"tag-josep","16":"tag-martinez","17":"tag-milan","18":"tag-mortalmente","19":"tag-portero","20":"tag-ruedas","21":"tag-silla","22":"tag-spain","23":"tag-sports"},"share_on_mastodon":{"url":"https:\/\/pubeurope.com\/@es\/115452268051248614","error":""},"_links":{"self":[{"href":"https:\/\/www.europesays.com\/es\/wp-json\/wp\/v2\/posts\/205542","targetHints":{"allow":["GET"]}}],"collection":[{"href":"https:\/\/www.europesays.com\/es\/wp-json\/wp\/v2\/posts"}],"about":[{"href":"https:\/\/www.europesays.com\/es\/wp-json\/wp\/v2\/types\/post"}],"author":[{"embeddable":true,"href":"https:\/\/www.europesays.com\/es\/wp-json\/wp\/v2\/users\/2"}],"replies":[{"embeddable":true,"href":"https:\/\/www.europesays.com\/es\/wp-json\/wp\/v2\/comments?post=205542"}],"version-history":[{"count":0,"href":"https:\/\/www.europesays.com\/es\/wp-json\/wp\/v2\/posts\/205542\/revisions"}],"wp:featuredmedia":[{"embeddable":true,"href":"https:\/\/www.europesays.com\/es\/wp-json\/wp\/v2\/media\/205543"}],"wp:attachment":[{"href":"https:\/\/www.europesays.com\/es\/wp-json\/wp\/v2\/media?parent=205542"}],"wp:term":[{"taxonomy":"category","embeddable":true,"href":"https:\/\/www.europesays.com\/es\/wp-json\/wp\/v2\/categories?post=205542"},{"taxonomy":"post_tag","embeddable":true,"href":"https:\/\/www.europesays.com\/es\/wp-json\/wp\/v2\/tags?post=205542"}],"curies":[{"name":"wp","href":"https:\/\/api.w.org\/{rel}","templated":true}]}}