{"id":205562,"date":"2025-10-28T14:44:11","date_gmt":"2025-10-28T14:44:11","guid":{"rendered":"https:\/\/www.europesays.com\/es\/205562\/"},"modified":"2025-10-28T14:44:11","modified_gmt":"2025-10-28T14:44:11","slug":"cuentas-real-oviedo-del-deficit-al-superavit-como-influyen-los-millones-de-las-televisiones-en-las-cuentas-del-real-oviedo","status":"publish","type":"post","link":"https:\/\/www.europesays.com\/es\/205562\/","title":{"rendered":"CUENTAS REAL OVIEDO | Del d\u00e9ficit al super\u00e1vit: \u00bfC\u00f3mo influyen los millones de las televisiones en las cuentas del Real Oviedo?"},"content":{"rendered":"<p class=\"ft-text ft-helper-closenews\"><strong>El Grupo Pachuca se la jug\u00f3<\/strong> a un ascenso que lleg\u00f3 a la tercera, y con \u00e9l, <strong>un cambio de escenario en todos los frentes<\/strong>. Tambi\u00e9n en el <strong>econ\u00f3mico<\/strong>. El \u00faltimo curso de los azules en <strong>Segunda Divisi\u00f3n<\/strong> volvi\u00f3 a dejar p\u00e9rdidas, esta vez de <strong>5,6 millones de euros<\/strong>, ampliadas en gran parte por los <strong>4,5 millones<\/strong> que el club reparti\u00f3 en <strong>primas por el ascenso<\/strong>.<\/p>\n<p class=\"ft-text\">Pero ahora, con el equipo en <strong>Primera Divisi\u00f3n<\/strong>, el panorama cambia por completo, y lo hace porque <strong>los derechos televisivos suponen un cambio radical<\/strong>. De los poco m\u00e1s de <strong>3 millones ingresados el curso pasado<\/strong> por retransmisiones se pasa en el actual a <strong>43,5 millones de euros<\/strong>, que permiten hablar de <strong>estabilidad econ\u00f3mica<\/strong> en el nuevo escenario. El influjo de los derechos televisivos es tan grande que el club ha presupuestado un <strong>super\u00e1vit de 6,1 millones de euros<\/strong> para el pr\u00f3ximo curso.<\/p>\n<p>Una temporada que acent\u00faa las p\u00e9rdidas<\/p>\n<p class=\"ft-text\">El <strong>\u00e9xito deportivo del ascenso a Primera Divisi\u00f3n<\/strong> tambi\u00e9n tiene un coste importante para las arcas del <strong>Real Oviedo<\/strong>. El club azul gener\u00f3 unas <strong>p\u00e9rdidas de 5.578.650 euros<\/strong> la pasada temporada, seg\u00fan revelan las cuentas de la entidad. El mayor peso dentro de los gastos se concentra en los <strong>m\u00e1s de 16 millones de euros en plantilla deportiva<\/strong>.<\/p>\n<p class=\"ft-text\">Sin embargo, el concepto que descuadra los n\u00fameros \u2014y que no exist\u00eda en cursos anteriores\u2014 es el relativo a las <strong>\u201cprimas colectivas\u201d<\/strong>, el premio econ\u00f3mico por el ascenso, que se eleva a <strong>4,5 millones de euros<\/strong>. Las cuentas explican, no obstante, que <strong>el ascenso y el aumento de ingresos en Primera dotar\u00e1n de estabilidad presupuestaria este curso<\/strong>, para el que se ha proyectado un <strong>super\u00e1vit de 6,1 millones de euros<\/strong>.<\/p>\n<p class=\"ft-text\">Adem\u00e1s de las primas, el <strong>despido de Javi Calleja<\/strong> y los <strong>fichajes para reforzar la plantilla<\/strong> tambi\u00e9n son motivos de peso en el d\u00e9ficit que la junta someter\u00e1 a aprobaci\u00f3n, costes a los que se suma la <strong>reforma del Tartiere<\/strong>.<\/p>\n<p class=\"ft-text\">El propio auditor destaca estos tres factores al explicar los n\u00fameros, apuntando que el incremento de personal deportivo se debe \u201cprincipalmente al <strong>despido e indemnizaci\u00f3n del anterior cuerpo t\u00e9cnico<\/strong>\u201d. Adem\u00e1s, \u201cse han devengado <strong>primas por ascenso<\/strong> que aumentan de forma sustancial el gasto en esta partida y se han realizado <strong>nuevas incorporaciones de jugadores<\/strong> no previstas inicialmente\u201d, posibles gracias al <strong>dinero de CVC<\/strong>.<\/p>\n<p class=\"ft-text\">Sobre las reformas, se reconoce que \u201clas <strong>inversiones han sido superiores a las inicialmente previstas<\/strong> debido principalmente a la <strong>remodelaci\u00f3n de determinadas zonas del estadio<\/strong> y al <strong>inicio del proyecto de la nueva ciudad deportiva<\/strong>\u201d.<\/p>\n<p class=\"ft-text\">Los n\u00fameros son negativos pese a que muchos conceptos marcaron <strong>r\u00e9cords hist\u00f3ricos<\/strong>. El mayor crecimiento se ve en el <strong>ingreso por abonados<\/strong>, que alcanz\u00f3 los <strong>5.068.747 euros<\/strong>, muy por encima de los 3,5 millones del curso anterior. Tambi\u00e9n suponen ingresos destacados los de <strong>competiciones (1.972.266 euros)<\/strong>, <strong>retransmisi\u00f3n (3.039.208 euros)<\/strong>, <strong>comercializaci\u00f3n (3.035.735 euros)<\/strong> \u2014frente a los 2,2 millones del a\u00f1o anterior\u2014 o <strong>publicidad (5.780.227 euros)<\/strong>, frente a los 4,8 del curso previo.<\/p>\n<p class=\"ft-text\">En cuanto a los gastos, la <strong>plantilla deportiva cost\u00f3 16,7 millones de euros<\/strong> (el a\u00f1o anterior, 10,7), con un fuerte incremento en <strong>sueldos y salarios<\/strong>, que pasaron de 7,4 a 9 millones. Tambi\u00e9n pesan las <strong>indemnizaciones a jugadores (996.667 euros en 24\/25)<\/strong>. Pero el gran salto est\u00e1 en las <strong>primas colectivas<\/strong>, que ascendieron a <strong>4,5 millones<\/strong>, frente a los 313.333 euros del curso pasado, con play-off pero sin ascenso.<\/p>\n<p class=\"ft-text\">Adem\u00e1s, el <strong>gasto en servicios exteriores<\/strong> creci\u00f3 de 5,9 millones a casi 7, y el club registra <strong>599.567 euros en amortizaciones por fichajes<\/strong>. Uno de los gastos m\u00e1s destacados del curso fue la <strong>remodelaci\u00f3n parcial del Carlos Tartiere<\/strong>, centrada en la <strong>creaci\u00f3n de palcos VIP<\/strong>. El club invirti\u00f3 <strong>3.433.216,10 euros<\/strong> en este apartado.<\/p>\n<p class=\"ft-text\">La <strong>nueva tienda del Parque Principado<\/strong> y su almac\u00e9n costaron <strong>107.020 euros<\/strong>. A ello se suman el <strong>nuevo c\u00e9sped<\/strong> instalado hace dos veranos y el <strong>videomarcador<\/strong>, que supusieron <strong>1,2 millones m\u00e1s<\/strong>. Y un gasto notable, el de la <strong>implantaci\u00f3n de una nueva valla publicitaria<\/strong>, de <strong>6,4 millones de euros<\/strong>.<\/p>\n<p class=\"ft-text\">Otro dato llamativo es el de <strong>mobiliario<\/strong>, que las cuentas agrupan bajo el concepto \u201c<strong>material deportivo y sillas del Carlos Tartiere<\/strong>\u201d: m\u00e1s de <strong>230.000 euros<\/strong>. La suma de todos esos factores dieron como resultado el <strong>d\u00e9ficit de la temporada pasada<\/strong> que ahora, ya en Primera, el <strong>Oviedo conjugar\u00e1 con ingresos mucho m\u00e1s altos<\/strong>.<\/p>\n<p>Una campa\u00f1a para generar beneficios<\/p>\n<p class=\"ft-text\">El informe explica que, al cierre del pasado ejercicio, el <strong>Oviedo ten\u00eda fondos propios negativos de 3,3 millones de euros<\/strong>. No obstante, el auditor subraya que \u201cel <strong>ascenso a Primera Divisi\u00f3n<\/strong> supondr\u00e1 un <strong>incremento significativo en los derechos audiovisuales<\/strong>, as\u00ed como en otros <strong>ingresos de explotaci\u00f3n<\/strong> durante la temporada 2025\/26\u201d, lo que \u201cprovocar\u00e1 la generaci\u00f3n de flujos de efecto positivo que <strong>restablecer\u00e1n la situaci\u00f3n financiera y patrimonial<\/strong>\u201d.<\/p>\n<p class=\"ft-text\">De hecho, el <strong>presupuesto para este curso prev\u00e9 un super\u00e1vit de 6.069.000 euros<\/strong>, sustentado en los <strong>43,5 millones que recibir\u00e1 el club por derechos televisivos<\/strong>. Tambi\u00e9n se proyecta un <strong>nuevo r\u00e9cord de abonados<\/strong>, con <strong>6.258.000 euros<\/strong>.<\/p>\n<p data-close=\"closedContent\" class=\"subscribeHideForDisplay\">Suscr\u00edbete para seguir leyendo<\/p>\n","protected":false},"excerpt":{"rendered":"El Grupo Pachuca se la jug\u00f3 a un ascenso que lleg\u00f3 a la tercera, y con \u00e9l, un&hellip;\n","protected":false},"author":2,"featured_media":205563,"comment_status":"","ping_status":"","sticky":false,"template":"","format":"standard","meta":{"footnotes":""},"categories":[268],"tags":[56198,5078,1798,5893,168,25,24,280,282,21499,8829,21104,1429,29913,281,23,167],"class_list":{"0":"post-205562","1":"post","2":"type-post","3":"status-publish","4":"format-standard","5":"has-post-thumbnail","7":"category-futbol","8":"tag-ascenso-a-primera","9":"tag-beneficios","10":"tag-club","11":"tag-deficit","12":"tag-deportes","13":"tag-es","14":"tag-espana","15":"tag-football","16":"tag-futbol","17":"tag-importantes","18":"tag-influyen","19":"tag-numeros","20":"tag-plantilla","21":"tag-rojos","22":"tag-soccer","23":"tag-spain","24":"tag-sports"},"share_on_mastodon":{"url":"https:\/\/pubeurope.com\/@es\/115452330936914128","error":""},"_links":{"self":[{"href":"https:\/\/www.europesays.com\/es\/wp-json\/wp\/v2\/posts\/205562","targetHints":{"allow":["GET"]}}],"collection":[{"href":"https:\/\/www.europesays.com\/es\/wp-json\/wp\/v2\/posts"}],"about":[{"href":"https:\/\/www.europesays.com\/es\/wp-json\/wp\/v2\/types\/post"}],"author":[{"embeddable":true,"href":"https:\/\/www.europesays.com\/es\/wp-json\/wp\/v2\/users\/2"}],"replies":[{"embeddable":true,"href":"https:\/\/www.europesays.com\/es\/wp-json\/wp\/v2\/comments?post=205562"}],"version-history":[{"count":0,"href":"https:\/\/www.europesays.com\/es\/wp-json\/wp\/v2\/posts\/205562\/revisions"}],"wp:featuredmedia":[{"embeddable":true,"href":"https:\/\/www.europesays.com\/es\/wp-json\/wp\/v2\/media\/205563"}],"wp:attachment":[{"href":"https:\/\/www.europesays.com\/es\/wp-json\/wp\/v2\/media?parent=205562"}],"wp:term":[{"taxonomy":"category","embeddable":true,"href":"https:\/\/www.europesays.com\/es\/wp-json\/wp\/v2\/categories?post=205562"},{"taxonomy":"post_tag","embeddable":true,"href":"https:\/\/www.europesays.com\/es\/wp-json\/wp\/v2\/tags?post=205562"}],"curies":[{"name":"wp","href":"https:\/\/api.w.org\/{rel}","templated":true}]}}