{"id":205594,"date":"2025-10-28T15:09:12","date_gmt":"2025-10-28T15:09:12","guid":{"rendered":"https:\/\/www.europesays.com\/es\/205594\/"},"modified":"2025-10-28T15:09:12","modified_gmt":"2025-10-28T15:09:12","slug":"arte-tomellosero-en-las-redes-dos-retratos-y-una-bella-acuarela","status":"publish","type":"post","link":"https:\/\/www.europesays.com\/es\/205594\/","title":{"rendered":"Arte tomellosero en las redes: Dos retratos y una bella acuarela"},"content":{"rendered":"<p>En nuestra exposici\u00f3n virtual de arte tomellosero en las redes, Mart\u00edn P\u00e9rez Ure\u00f1a nos deleita con su acuarela \u00abEl Farol\u00bb de 37&#215;26 cent\u00edmetros, sobre papel Arches 300 grs.<\/p>\n<p>Por su parte, Ana Parra ha participado en la Primera Exposici\u00f3n de Retrato de personas con discapacidad, que se ha realizado en Valdepe\u00f1as. Una experiencia que ha sido muy gratificante para la artista. En las redes sociales ha declarado que \u00abgracias a Laborvalia y AFAD por contar con la asociaci\u00f3n @juevesaldesnudo y gracias a Silvia y Joaqu\u00edn, he disfrutado mucho haciendo vuestros retratos, me hab\u00e9is mostrado que la belleza est\u00e1 en la autenticidad de la persona y no en su capacidad\u00bb.<\/p>\n","protected":false},"excerpt":{"rendered":"En nuestra exposici\u00f3n virtual de arte tomellosero en las redes, Mart\u00edn P\u00e9rez Ure\u00f1a nos deleita con su acuarela&hellip;\n","protected":false},"author":2,"featured_media":205595,"comment_status":"","ping_status":"","sticky":false,"template":"","format":"standard","meta":{"footnotes":""},"categories":[173],"tags":[229,233,231,230,299,634,232,234,2560,95,146,147,25,24,282,10,23,3022],"class_list":{"0":"post-205594","1":"post","2":"type-post","3":"status-publish","4":"format-standard","5":"has-post-thumbnail","7":"category-arte-y-diseno","8":"tag-arte","9":"tag-arte-y-diseno","10":"tag-arts","11":"tag-arts-and-design","12":"tag-baloncesto","13":"tag-deporte","14":"tag-design","15":"tag-diseno","16":"tag-economa","17":"tag-economia","18":"tag-entertainment","19":"tag-entretenimiento","20":"tag-es","21":"tag-espana","22":"tag-futbol","23":"tag-noticias","24":"tag-spain","25":"tag-tomelloso"},"share_on_mastodon":{"url":"https:\/\/pubeurope.com\/@es\/115452429230274719","error":""},"_links":{"self":[{"href":"https:\/\/www.europesays.com\/es\/wp-json\/wp\/v2\/posts\/205594","targetHints":{"allow":["GET"]}}],"collection":[{"href":"https:\/\/www.europesays.com\/es\/wp-json\/wp\/v2\/posts"}],"about":[{"href":"https:\/\/www.europesays.com\/es\/wp-json\/wp\/v2\/types\/post"}],"author":[{"embeddable":true,"href":"https:\/\/www.europesays.com\/es\/wp-json\/wp\/v2\/users\/2"}],"replies":[{"embeddable":true,"href":"https:\/\/www.europesays.com\/es\/wp-json\/wp\/v2\/comments?post=205594"}],"version-history":[{"count":0,"href":"https:\/\/www.europesays.com\/es\/wp-json\/wp\/v2\/posts\/205594\/revisions"}],"wp:featuredmedia":[{"embeddable":true,"href":"https:\/\/www.europesays.com\/es\/wp-json\/wp\/v2\/media\/205595"}],"wp:attachment":[{"href":"https:\/\/www.europesays.com\/es\/wp-json\/wp\/v2\/media?parent=205594"}],"wp:term":[{"taxonomy":"category","embeddable":true,"href":"https:\/\/www.europesays.com\/es\/wp-json\/wp\/v2\/categories?post=205594"},{"taxonomy":"post_tag","embeddable":true,"href":"https:\/\/www.europesays.com\/es\/wp-json\/wp\/v2\/tags?post=205594"}],"curies":[{"name":"wp","href":"https:\/\/api.w.org\/{rel}","templated":true}]}}