{"id":20560,"date":"2025-08-02T11:31:08","date_gmt":"2025-08-02T11:31:08","guid":{"rendered":"https:\/\/www.europesays.com\/es\/20560\/"},"modified":"2025-08-02T11:31:08","modified_gmt":"2025-08-02T11:31:08","slug":"un-pequeno-corte-puede-ser-el-causante","status":"publish","type":"post","link":"https:\/\/www.europesays.com\/es\/20560\/","title":{"rendered":"\u00abUn peque\u00f1o corte puede ser el causante\u00bb"},"content":{"rendered":"<p class=\"ft-text\"><strong>Comienza el\u00a0<\/strong><a href=\"https:\/\/www.farodevigo.es\/tags\/verano\/\" class=\"ft-link ft-link--decoration\" rel=\"nofollow noopener\" target=\"_blank\"><strong>verano<\/strong><\/a><strong> <\/strong>y la\u00a0<strong>depilaci\u00f3n<\/strong>\u00a0para lucir bien el ba\u00f1ador o el bikini est\u00e1 a la orden de d\u00eda.\u00a0<strong>Sea con l\u00e1ser, cremas depilatorias o cuchillas<\/strong>\u00a0siempre hay que llevar mucha precauci\u00f3n, pero\u00a0<strong>la \u00faltima opci\u00f3n puede ser la m\u00e1s peligrosa<\/strong>\u00a0si no se hace con cuidado.<\/p>\n<p class=\"ft-text\">Depilarse con cuchilla es la\u00a0<strong>alternativa m\u00e1s r\u00e1pida\u00a0<\/strong>cuando hay un plan de \u00faltima hora y necesitas darte un repaso, pero\u00a0<strong>una mala pr\u00e1ctica y una grave <\/strong><a href=\"https:\/\/www.farodevigo.es\/tags\/infeccion\/\" class=\"ft-link ft-link--decoration\" rel=\"nofollow noopener\" target=\"_blank\"><strong>infecci\u00f3n<\/strong><\/a><strong> <\/strong>pueden llevarte a<strong>\u00a0urgencias.<\/strong><\/p>\n<p>La infecci\u00f3n de la &#8216;bacteria come carne&#8217;<\/p>\n<p class=\"ft-text\"><a href=\"https:\/\/www.tiktok.com\/@miguelassal?lang=es\" class=\"ft-link ft-link--decoration\" rel=\"nofollow noopener\" target=\"_blank\"><strong>Miguel Assal<\/strong><\/a><strong>, agente de Emergencias<\/strong>\u00a0ha lanzado una advertencia importante sobre un riesgo poco conocido, pero potencialmente mortal: la\u00a0<strong>fascitis necrosante<\/strong>, una infecci\u00f3n causada por la conocida como\u00a0\u00ab<strong>bacteria come carne\u00bb<\/strong>.<\/p>\n<p class=\"ft-text\">Aunque el nombre suene alarmante, esta bacteria\u00a0<strong>no devora la carne literalmente<\/strong>, sino que\u00a0<strong>destruye el tejido subcut\u00e1neo<\/strong>, incluyendo\u00a0<strong>nervios, m\u00fasculos y grasa<\/strong>. En cuesti\u00f3n de d\u00edas, puede poner en riesgo la vida de quien la contrae.<\/p>\n<p class=\"ft-text\">El caso m\u00e1s reciente es el de una mujer que sufri\u00f3 la\u00a0<strong>amputaci\u00f3n de una pierna<\/strong>\u00a0tras cortarse levemente mientras se depilaba.\u00a0<strong>El uso de una cuchilla sucia y reutilizada<\/strong>\u00a0pudo haber sido la\u00a0<strong>puerta de entrada<\/strong>\u00a0para la infecci\u00f3n.<\/p>\n<p class=\"ft-text\">Pero no es el \u00fanico caso. Tambi\u00e9n se han registrado infecciones tras consumir\u00a0<strong>alimentos o bebidas contaminadas<\/strong>, como le ocurri\u00f3 a\u00a0<strong>\u00c1ngel Ll\u00e1cer<\/strong>.<\/p>\n<p class=\"ft-text\">Los\u00a0<strong>s\u00edntomas iniciales<\/strong>\u00a0pueden parecer leves:<\/p>\n<ul class=\"ft-list ft-list--primary\" data-aida-text=\"\">\n<li class=\"ft-list__item\"><strong>Dolor intenso<\/strong><\/li>\n<li class=\"ft-list__item\"><strong>Enrojecimiento<\/strong><\/li>\n<li class=\"ft-list__item\"><strong>Hinchaz\u00f3n<\/strong><\/li>\n<\/ul>\n<p class=\"ft-text\">Sin embargo, la infecci\u00f3n avanza r\u00e1pidamente y puede derivar en\u00a0<strong>septicemia<\/strong>, una condici\u00f3n\u00a0<strong>letal<\/strong>\u00a0si no se trata a tiempo. Por ello, los expertos insisten en acudir a\u00a0<strong>urgencias ante cualquier s\u00edntoma sospechoso<\/strong>.<\/p>\n<p>\u00bfC\u00f3mo puedes protegerte de la &#8216;bacteria come carne&#8217;?<\/p>\n<ul class=\"ft-list ft-list--primary\" data-aida-text=\"\">\n<li class=\"ft-list__item\">No reutilices cuchillas\u00a0<strong>sin desinfectarlas.<\/strong><\/li>\n<li class=\"ft-list__item\">Evita ba\u00f1arte en\u00a0<strong>aguas estancadas.<\/strong><\/li>\n<li class=\"ft-list__item\">Ten precauci\u00f3n con\u00a0<strong>mariscos y pescados crudos.<\/strong><\/li>\n<li class=\"ft-list__item\">Nunca uses cuchillas si tienes\u00a0<strong>heridas abiertas.<\/strong><\/li>\n<\/ul>\n<p class=\"ft-text\">La\u00a0<strong>fascitis necrosante<\/strong>\u00a0puede desarrollarse\u00a0<strong>a partir de un simple corte<\/strong>, pero sus consecuencias pueden ser devastadoras.\u00a0<strong>La prevenci\u00f3n y la higiene son esenciales.<\/strong><\/p>\n<p><script async src=\"\/\/www.tiktok.com\/embed.js\"><\/script><\/p>\n","protected":false},"excerpt":{"rendered":"Comienza el\u00a0verano y la\u00a0depilaci\u00f3n\u00a0para lucir bien el ba\u00f1ador o el bikini est\u00e1 a la orden de d\u00eda.\u00a0Sea con&hellip;\n","protected":false},"author":2,"featured_media":20561,"comment_status":"","ping_status":"","sticky":false,"template":"","format":"standard","meta":{"footnotes":""},"categories":[92],"tags":[3827,3830,12352,4482,4978,25,24,165,1373,2218,4098,166,23,12353,1793],"class_list":{"0":"post-20560","1":"post","2":"type-post","3":"status-publish","4":"format-standard","5":"has-post-thumbnail","7":"category-salud","8":"tag-agente","9":"tag-alerta","10":"tag-assal","11":"tag-dv","12":"tag-emergencias","13":"tag-es","14":"tag-espana","15":"tag-health","16":"tag-infeccion","17":"tag-infecciones","18":"tag-miguel","19":"tag-salud","20":"tag-spain","21":"tag-urgencias","22":"tag-verano"},"share_on_mastodon":{"url":"","error":""},"_links":{"self":[{"href":"https:\/\/www.europesays.com\/es\/wp-json\/wp\/v2\/posts\/20560","targetHints":{"allow":["GET"]}}],"collection":[{"href":"https:\/\/www.europesays.com\/es\/wp-json\/wp\/v2\/posts"}],"about":[{"href":"https:\/\/www.europesays.com\/es\/wp-json\/wp\/v2\/types\/post"}],"author":[{"embeddable":true,"href":"https:\/\/www.europesays.com\/es\/wp-json\/wp\/v2\/users\/2"}],"replies":[{"embeddable":true,"href":"https:\/\/www.europesays.com\/es\/wp-json\/wp\/v2\/comments?post=20560"}],"version-history":[{"count":0,"href":"https:\/\/www.europesays.com\/es\/wp-json\/wp\/v2\/posts\/20560\/revisions"}],"wp:featuredmedia":[{"embeddable":true,"href":"https:\/\/www.europesays.com\/es\/wp-json\/wp\/v2\/media\/20561"}],"wp:attachment":[{"href":"https:\/\/www.europesays.com\/es\/wp-json\/wp\/v2\/media?parent=20560"}],"wp:term":[{"taxonomy":"category","embeddable":true,"href":"https:\/\/www.europesays.com\/es\/wp-json\/wp\/v2\/categories?post=20560"},{"taxonomy":"post_tag","embeddable":true,"href":"https:\/\/www.europesays.com\/es\/wp-json\/wp\/v2\/tags?post=20560"}],"curies":[{"name":"wp","href":"https:\/\/api.w.org\/{rel}","templated":true}]}}