{"id":205600,"date":"2025-10-28T15:13:11","date_gmt":"2025-10-28T15:13:11","guid":{"rendered":"https:\/\/www.europesays.com\/es\/205600\/"},"modified":"2025-10-28T15:13:11","modified_gmt":"2025-10-28T15:13:11","slug":"la-prensa-internacional-alaba-esta-pelicula-de-misterio-y-suspense-con-ana-de-armas-y-jude-law-que-acaba-de-llegar-a-prime-video","status":"publish","type":"post","link":"https:\/\/www.europesays.com\/es\/205600\/","title":{"rendered":"la prensa internacional alaba esta pel\u00edcula de misterio y suspense con Ana de Armas y Jude Law que acaba de llegar a Prime Video"},"content":{"rendered":"<p data-journey-content=\"true\" data-node-id=\"3\" class=\"css-6wxqfj emevuu60\"><strong data-node-id=\"3.0\">Si &#8216;Ed\u00e9n&#8217; no indicara que est\u00e1 basada en hechos reales, pensar\u00edas que el guionista<\/strong>, Noah Pink, <strong data-node-id=\"3.2\">y el director,<\/strong> Ron Howard (&#8216;Una mente maravillosa&#8217;, &#8216;Apolo 13&#8217;), se han ido de farra y <strong data-node-id=\"3.4\">se han pasado con los tripis.<\/strong> Es una de esas pel\u00edculas que no puedes ver scrolleando con el m\u00f3vil, porque requiere toda tu atenci\u00f3n: \u00bfesto pas\u00f3 en realidad?<\/p>\n<p data-journey-content=\"true\" data-node-id=\"6\" class=\"css-6wxqfj emevuu60\">Presentada en el Festival de Cine de Toronto 2024, la pel\u00edcula &#8216;Ed\u00e9n&#8217;, que acaba de llegar a Prime Video, <strong data-node-id=\"6.1\">se basa en la historia real de unos supervivientes europeos que viven aislados en una isla deshabitada de las Gal\u00e1pagos llamada Floreana.<\/strong> Es una pel\u00edcula muy loca y salvaje, pero resulta divertida cuando aborda la mezquindad del ser humano.<\/p>\n<p data-journey-content=\"true\" data-node-id=\"9\" class=\"css-6wxqfj emevuu60\"><strong data-node-id=\"9.0\">El doctor Friedrich Ritter (Jude Law) y su compa\u00f1era Dora Strauch (Vanessa Kirby) viajan a Floreana en 1929 para vivir aislado.<\/strong> El cient\u00edfico se dedica a escribir un manifiesto con el que se supone que salvar\u00e1 a la humanidad. Influidos por su trabajo, Heinz Wittmer (Daniel Br\u00fchl), su esposa Margaret (Sydney Sweeney) y su hijo Harry (Jonathan Tittel) se mudan a la isla, para gran consternaci\u00f3n de Friedrich y Dora. Aunque a estos \u00faltimos no les gustan los Wittmer, todo su mundo se ve sacudido cuando la baronesa Eloise Bosquet de Wagner Wehrhorn (<a href=\"https:\/\/www.elle.com\/es\/living\/ocio-cultura\/a42430685\/ana-de-armas-peliculas-biografia\/\" data-vars-ga-outbound-link=\"https:\/\/www.elle.com\/es\/living\/ocio-cultura\/a42430685\/ana-de-armas-peliculas-biografia\/\" data-vars-ga-ux-element=\"Hyperlink\" data-vars-ga-call-to-action=\"Ana de Armas\" data-node-id=\"9.2\" class=\"body-link css-103hk4r emevuu60\" rel=\"nofollow noopener\" target=\"_blank\">Ana de Armas<\/a>) llega a la isla con un ambicioso plan para construir un hotel exclusivo.<\/p>\n<p>Lo que ELLE ha seleccionado para ti<a data-theme-key=\"base-link\" href=\"#\" class=\"e1fx7w0v5 css-3u38w7 e1c1bym14\">Reg\u00edstrate para recibir contenido personalizado<img decoding=\"async\" data-dynamic-svg=\"true\" src=\"https:\/\/www.elle.com\/_assets\/design-tokens\/elle\/static\/icons\/arrow-right-regular.377c654.svg?primary=%2523000000\" loading=\"lazy\" data-testid=\"dynamic-svg-base\" height=\"auto\" width=\"100%\" alt=\"\" class=\"css-13htjwu e1fx7w0v1\"\/><\/a><img draggable=\"true\" alt=\"pel\u00edcula eden prime video ana de armas\" title=\"Pel\u00edcula Eden prime video\" loading=\"lazy\" width=\"1739\" height=\"877\" decoding=\"async\" data-nimg=\"1\" style=\"color:transparent;width:100%;height:auto;\"   src=\"https:\/\/www.europesays.com\/es\/wp-content\/uploads\/2025\/10\/captura-de-pantalla-2025-10-28-102528-69009c65880f5.png\" class=\"css-0 e1g79fud0\"\/><a target=\"_blank\" rel=\"noopener nofollow\" data-theme-key=\"base-link\" href=\"https:\/\/pinterest.com\/pin\/create\/button\/?url=https:\/\/www.elle.com\/es\/living\/ocio-cultura\/a69174410\/eden-pelicula-prime-video\/&amp;description=- ElleSpain&amp;media=https:\/\/hips.hearstapps.com\/hmg-prod\/images\/captura-de-pantalla-2025-10-28-102528-69009c65880f5.png?resize=1600:*\" class=\"pinterest css-on9hn5 e1c1bym14\"><img decoding=\"async\" data-dynamic-svg=\"true\" src=\"https:\/\/www.elle.com\/_assets\/design-tokens\/fre\/static\/icons\/social\/pinterest.e8cf655.svg?primary=%2523ffffff\" loading=\"lazy\" data-testid=\"dynamic-svg-base\" height=\"auto\" width=\"auto\" alt=\"pinterest\" class=\"css-4lml0h e1mlxuuw1\"\/><\/a><\/p>\n<p>Distribuidora<\/p>\n<p data-journey-content=\"true\" data-node-id=\"14\" class=\"css-6wxqfj emevuu60\"><strong data-node-id=\"14.0\">Si has le\u00eddo &#8216;El se\u00f1or de las moscas&#8217;, de William Golding, ver\u00e1s que &#8216;Ed\u00e9n&#8217; es una especie de versi\u00f3n para adultos.<\/strong> Empieza de forma inquietante pero mejora cuando analiza el comportamiento humano, a veces peligroso y competitivo. La iron\u00eda es que Friedrich quiere salvar a la humanidad, pero en la isla odia a las personas. <\/p>\n<p>&#8216;Ed\u00e9n&#8217;: oscura parece, divertida es<\/p>\n<p data-journey-content=\"true\" data-node-id=\"17\" class=\"css-6wxqfj emevuu60\"><strong data-node-id=\"17.0\">Quiz\u00e1s Ron Howard quer\u00eda hacer una pel\u00edcula oscura, pero en realidad le ha salido una comedia divertida. <\/strong>Nos est\u00e1 provocando para que tomamos partido por algunos de los bandos, pero como &#8216;Ed\u00e9n&#8217; es fren\u00e9tica, a veces resulta un poco inc\u00f3moda de seguir por el espectador. Lo que s\u00ed ha logrado es que haya personajes, como el de <a href=\"https:\/\/www.elle.com\/es\/living\/ocio-cultura\/a64810096\/ana-de-armas-entrevista-criticas-salud-mental\/\" data-vars-ga-outbound-link=\"https:\/\/www.elle.com\/es\/living\/ocio-cultura\/a64810096\/ana-de-armas-entrevista-criticas-salud-mental\/\" data-vars-ga-ux-element=\"Hyperlink\" data-vars-ga-call-to-action=\"Ana de Armas\" data-node-id=\"17.2\" class=\"body-link css-103hk4r emevuu60\" rel=\"nofollow noopener\" target=\"_blank\">Ana de Armas<\/a>, que se odian desde el primer momento.<\/p>\n<p><img draggable=\"true\" alt=\"pel\u00edcula eden prime video\" title=\"Pel\u00edcula Eden prime video\" loading=\"lazy\" width=\"1797\" height=\"897\" decoding=\"async\" data-nimg=\"1\" style=\"color:transparent;width:100%;height:auto;\"   src=\"https:\/\/www.europesays.com\/es\/wp-content\/uploads\/2025\/10\/captura-de-pantalla-2025-10-28-102511-6900a57b50cae.png\" class=\"css-0 e1g79fud0\"\/><a target=\"_blank\" rel=\"noopener nofollow\" data-theme-key=\"base-link\" href=\"https:\/\/pinterest.com\/pin\/create\/button\/?url=https:\/\/www.elle.com\/es\/living\/ocio-cultura\/a69174410\/eden-pelicula-prime-video\/&amp;description=- ElleSpain&amp;media=https:\/\/hips.hearstapps.com\/hmg-prod\/images\/captura-de-pantalla-2025-10-28-102511-6900a57b50cae.png?resize=1600:*\" class=\"pinterest css-on9hn5 e1c1bym14\"><img decoding=\"async\" data-dynamic-svg=\"true\" src=\"https:\/\/www.elle.com\/_assets\/design-tokens\/fre\/static\/icons\/social\/pinterest.e8cf655.svg?primary=%2523ffffff\" loading=\"lazy\" data-testid=\"dynamic-svg-base\" height=\"auto\" width=\"auto\" alt=\"pinterest\" class=\"css-4lml0h e1mlxuuw1\"\/><\/a><\/p>\n<p>Distribuidora<\/p>\n<p data-journey-content=\"true\" data-node-id=\"20\" class=\"css-6wxqfj emevuu60\">Precisamente la aparici\u00f3n de la actriz cubana hace que &#8216;Ed\u00e9n&#8217; comience a cobrar inter\u00e9s, ya que la pel\u00edcula tarda un poco en encontrar su ritmo. <strong data-node-id=\"20.1\">Una vez lo hace, el drama mezquino alcanza su punto \u00e1lgido y la pel\u00edcula se convierte en todo un espect\u00e1culo. <\/strong>La pel\u00edcula habr\u00eda sido mucho menos interesante sin <a href=\"https:\/\/www.elle.com\/es\/living\/ocio-cultura\/a64835456\/ana-de-armas-madrid\/\" data-vars-ga-outbound-link=\"https:\/\/www.elle.com\/es\/living\/ocio-cultura\/a64835456\/ana-de-armas-madrid\/\" data-vars-ga-ux-element=\"Hyperlink\" data-vars-ga-call-to-action=\"De Armas\" data-node-id=\"20.3\" class=\"body-link css-103hk4r emevuu60\" rel=\"nofollow noopener\" target=\"_blank\">De Armas<\/a>.<\/p>\n<p data-journey-content=\"true\" data-node-id=\"22\" class=\"css-6wxqfj emevuu60\">Howard se deja llevar por los acontecimientos y no profundiza en ellos ni en los temas, pero &#8216;Ed\u00e9n&#8217; es una pel\u00edcula muy disfrutona. Los personajes se esfuerzan por ser civilizados, pero no lo consiguen. Estos momentos son uno de los puntos fuertes de la pel\u00edcula, ya que revelan su verdadera naturaleza. <strong data-node-id=\"22.1\">En definitiva: me gust\u00f3 &#8216;Ed\u00e9n&#8217; porque quer\u00eda mostrarnos la estupidez de la humanidad y logra su objetivo.<\/strong><\/p>\n<p data-journey-content=\"true\" data-node-id=\"24\" class=\"css-6wxqfj emevuu60\"><a href=\"https:\/\/go.redirectingat.com?id=86370X1578079&amp;url=https%3A%2F%2Fwww.primevideo.com%2Fdetail%2F0S4Y9TWSJ8XHZUM5DE8GQBHAST%2F\" target=\"_blank\" data-vars-ga-outbound-link=\"https:\/\/www.primevideo.com\/detail\/0S4Y9TWSJ8XHZUM5DE8GQBHAST\/\" data-vars-ga-call-to-action=\"VER &#039;ED\u00c9N&#039; EN PRIME VIDEO \" rel=\"nofollow noopener\" data-vars-ga-ux-element=\"Hyperlink\" data-vars-ga-product-id=\"d267d404-1086-4206-9a21-5a7f2472bcb1\" data-node-id=\"24.0\" data-href=\"https:\/\/www.primevideo.com\/detail\/0S4Y9TWSJ8XHZUM5DE8GQBHAST\/\" data-product-url=\"https:\/\/www.primevideo.com\/detail\/0S4Y9TWSJ8XHZUM5DE8GQBHAST\/\" data-affiliate=\"true\" data-affiliate-url=\"https:\/\/go.redirectingat.com?id=86370X1578079&amp;url=https%3A%2F%2Fwww.primevideo.com%2Fdetail%2F0S4Y9TWSJ8XHZUM5DE8GQBHAST%2F\" data-affiliate-network=\"{&quot;site_id&quot;:&quot;5545cc0d-2c00-4ffe-8b27-aa070fd2db3c&quot;,&quot;metadata&quot;:null,&quot;network&quot;:{&quot;name&quot;:&quot;Skimlinks&quot;},&quot;product_metadata&quot;:null,&quot;afflink_redirect&quot;:&quot;\/_p\/afflink\/z6R2\/primevideo-placeholder&quot;}\" data-vars-ga-product-price=\"0,00\u00a0$\" data-vars-ga-product-retailer-id=\"c27e4459-5985-4cfa-bf3a-081caf2d36cc\" data-vars-ga-link-treatment=\"(not set) | (not set)\" class=\"body-btn-link product-links-button css-1er316g e1aq0z090\">VER &#8216;ED\u00c9N&#8217; EN PRIME VIDEO <\/a><\/p>\n<p><img src=\"https:\/\/www.europesays.com\/es\/wp-content\/uploads\/2025\/10\/1761664391_480_b1a4d5e6-08b9-4f30-abc3-fb139534505c_1547635299.file\" alt=\"Headshot of Bego\u00f1a Alonso\" title=\"Headshot of Bego\u00f1a Alonso\" width=\"100%\" height=\"100%\" decoding=\"async\" loading=\"lazy\" class=\"css-o0wq4v ev8dhu53\"\/><\/p>\n<p>Bego\u00f1a Alonso es experta en ocio, cultura y estilo de vida, coordinando la secci\u00f3n de Living en Elle.es desde hace m\u00e1s de seis a\u00f1os. Llevar la secci\u00f3n de Living supone que lo mismo escribe un reportaje sobre las mejores series de terror de Netflix, que un art\u00edculo de viajes y lunas de miel, un perfil de una activista feminista o un listado de los mejores libros de la historia que tienes que leer.\u00a0<\/p>\n<p>Siempre suele decir que la vida no le da para todo: libros, agenda, m\u00fasica, ocio, cine, series, plataformas de streaming (Netflix, Amazon, HBO, Disney+, Filmin, Movistar+, Apple TV+\u2026), maternidad, televisi\u00f3n, feminismo, viajes, cultura, \u2018lifestyle\u2019, motor, tecnolog\u00eda\u2026 Pero es capaz de llegar a todas partes para ofrecer siempre los contenidos m\u00e1s actuales e interesantes.\u00a0<\/p>\n<p>Bego\u00f1a Alonso se licenci\u00f3 en 1999 en Periodismo en la Universidad Complutense de Madrid, pero cuenta casi con 30 a\u00f1os de experiencia en la profesi\u00f3n. Se estren\u00f3 en medios locales como Huelva Informaci\u00f3n o Las Provincias, pas\u00f3 por radios vecinales haciendo programas de cine y luego aterriz\u00f3 en el mundo del papel, en medios como La Raz\u00f3n, Maxim o Reporter.\u00a0<\/p>\n<p>Tras 9 a\u00f1os dedicada al \u2018branded content\u2019, Bego\u00f1a lleva una d\u00e9cada en ELLE, el mismo tiempo que ha transcurrido desde que consiguiera el Premio 20 Blogs por \u2018The Best of the 80s\u2019, un blog de m\u00fasica de los 80, una de sus pasiones. Tambi\u00e9n adora las pel\u00edculas de boda y se pasa m\u00e1s tiempo planificando viajes que llev\u00e1ndolos a cabo, pero eso es otra historia. \u00a0<\/p>\n","protected":false},"excerpt":{"rendered":"Si &#8216;Ed\u00e9n&#8217; no indicara que est\u00e1 basada en hechos reales, pensar\u00edas que el guionista, Noah Pink, y el&hellip;\n","protected":false},"author":2,"featured_media":205601,"comment_status":"","ping_status":"","sticky":false,"template":"","format":"standard","meta":{"footnotes":""},"categories":[169],"tags":[177,253,146,147,25,24,176,175,23],"class_list":{"0":"post-205600","1":"post","2":"type-post","3":"status-publish","4":"format-standard","5":"has-post-thumbnail","7":"category-cine","8":"tag-cine","9":"tag-discover","10":"tag-entertainment","11":"tag-entretenimiento","12":"tag-es","13":"tag-espana","14":"tag-film","15":"tag-movies","16":"tag-spain"},"share_on_mastodon":{"url":"https:\/\/pubeurope.com\/@es\/115452445378533139","error":""},"_links":{"self":[{"href":"https:\/\/www.europesays.com\/es\/wp-json\/wp\/v2\/posts\/205600","targetHints":{"allow":["GET"]}}],"collection":[{"href":"https:\/\/www.europesays.com\/es\/wp-json\/wp\/v2\/posts"}],"about":[{"href":"https:\/\/www.europesays.com\/es\/wp-json\/wp\/v2\/types\/post"}],"author":[{"embeddable":true,"href":"https:\/\/www.europesays.com\/es\/wp-json\/wp\/v2\/users\/2"}],"replies":[{"embeddable":true,"href":"https:\/\/www.europesays.com\/es\/wp-json\/wp\/v2\/comments?post=205600"}],"version-history":[{"count":0,"href":"https:\/\/www.europesays.com\/es\/wp-json\/wp\/v2\/posts\/205600\/revisions"}],"wp:featuredmedia":[{"embeddable":true,"href":"https:\/\/www.europesays.com\/es\/wp-json\/wp\/v2\/media\/205601"}],"wp:attachment":[{"href":"https:\/\/www.europesays.com\/es\/wp-json\/wp\/v2\/media?parent=205600"}],"wp:term":[{"taxonomy":"category","embeddable":true,"href":"https:\/\/www.europesays.com\/es\/wp-json\/wp\/v2\/categories?post=205600"},{"taxonomy":"post_tag","embeddable":true,"href":"https:\/\/www.europesays.com\/es\/wp-json\/wp\/v2\/tags?post=205600"}],"curies":[{"name":"wp","href":"https:\/\/api.w.org\/{rel}","templated":true}]}}