{"id":205627,"date":"2025-10-28T15:32:19","date_gmt":"2025-10-28T15:32:19","guid":{"rendered":"https:\/\/www.europesays.com\/es\/205627\/"},"modified":"2025-10-28T15:32:19","modified_gmt":"2025-10-28T15:32:19","slug":"si-no-hay-coherencia-estetica-es-muy-dificil-que-una-casa-te-guste-de-verdad","status":"publish","type":"post","link":"https:\/\/www.europesays.com\/es\/205627\/","title":{"rendered":"Si no hay coherencia est\u00e9tica, es muy dif\u00edcil que una casa te guste de verdad"},"content":{"rendered":"<p id=\"eScZI7VN41-\" data-wc=\"60\">Todos so\u00f1amos con una casa que nos haga sentir bien, en la que descansar, disfrutar y compartir momentos. Sin embargo, <strong>no siempre conseguimos que nuestro hogar nos\u00a0<\/strong><a class=\"hm-link ho-link\" href=\"https:\/\/www.hola.com\/decoracion\/20250716844045\/claves-decoracion-estilo-natural-ms\/\" data-mrf-recirculation=\"article-body-link\" rel=\"nofollow noopener\" target=\"_blank\">transmita esa sensaci\u00f3n de bienestar<\/a>. \u00bfEl motivo? Desde una mala distribuci\u00f3n hasta una iluminaci\u00f3n deficiente o la falta de coherencia est\u00e9tica. Esos <strong>errores en el dise\u00f1o pueden condicionar c\u00f3mo nos sentimos en casa<\/strong>.\u00a0<\/p>\n<p id=\"eU1WAws5kjr\" data-wc=\"39\">La arquitecta de interiores <strong>Paloma Ibarra, de Estudio Ibarra<\/strong>, nos desvela cu\u00e1les son los fallos m\u00e1s frecuentes y tambi\u00e9n qu\u00e9 tendencias y soluciones pueden ayudarnos a transformar cualquier vivienda en un espacio en el que queramos quedarnos para siempre.<\/p>\n<p>111<\/p>\n<p>  <img src=\"https:\/\/www.europesays.com\/es\/wp-content\/uploads\/2025\/10\/7a91612e13c3-sonfoguero70.jpg\"   width=\"1080\" height=\"1800\" loading=\"lazy\" decoding=\"async\" alt=\"Son Foguer\u00f3, hotel boutique hol\u00edstico en Mallorca\" fetchpriority=\"auto\" class=\"image ho-image\"\/>\u00a9 Son Foguer\u00f3, hotel boutique hol\u00edstico en Mallorca<\/p>\n<p> \u00bfQu\u00e9 tendencias en arquitectura de interiores est\u00e1n ayudando a que las casas sean m\u00e1s agradables para vivir?<\/p>\n<p id=\"edXUqFvOzD\">La arquitecta <strong>Paloma Ibarra, al frente de Estudio Ibarra\u00a0<\/strong>(www.estudio-ibarra.com), detalla las cinco tendencias que ella destaca:<\/p>\n<ul>\n<li><strong>Personalizaci\u00f3n<\/strong>. Se busca que los espacios reflejen la personalidad, historia o gustos de quienes viven all\u00ed.<\/li>\n<li><strong>Espacios dedicados al descanso y cuidado personal<\/strong>. \u00abCada vez nos piden m\u00e1s incorporar a los proyectos zonas wellness o espacios para la meditaci\u00f3n, yoga o peque\u00f1os gimnasios\u00bb, indica Paloma Ibarra.<\/li>\n<li><strong>Curvas y formas org\u00e1nicas<\/strong>. Tanto la arquitectura como el mobiliario empiezan a integrar bordes suaves para evitar l\u00edneas demasiado r\u00edgidas y generar fluidez.<\/li>\n<li><strong>Dise\u00f1o de carpinter\u00eda a medida<\/strong>, que optimice el almacenamiento sin renunciar a la est\u00e9tica.<\/li>\n<li><strong>Conexi\u00f3n con la naturaleza<\/strong>. Si las caracter\u00edsticas de la vivienda lo permiten, apertura de grandes ventanales que dejen entrar la luz natural, as\u00ed como una <a class=\"hm-link ho-link\" href=\"https:\/\/www.hola.com\/decoracion\/20230608232869\/claves-conectar-ambientes-exterior-am\/\" data-mrf-recirculation=\"article-body-link\" rel=\"nofollow noopener\" target=\"_blank\">conexi\u00f3n directa con el exterio<\/a>r.<\/li>\n<\/ul>\n<p id=\"eMGjw4YVE58\">En la imagen, una estancia conectada con el exterior, del hotel hol\u00edstico Son Folguer\u00f3 en Mallorca.<\/p>\n<p>211<\/p>\n<p>  <img src=\"https:\/\/www.europesays.com\/es\/wp-content\/uploads\/2025\/10\/ee8af89d4e09-foto-03lupe-clemente-y-pilar-perea.jpg\"   width=\"1920\" height=\"1080\" loading=\"lazy\" decoding=\"async\" alt=\"Cocina con isla\" fetchpriority=\"auto\" class=\"image ho-image\"\/>\u00a9 Lupe Clemente Fotograf\u00eda<\/p>\n<p> \u00bfHay algo que las personas pidan cada vez m\u00e1s al construir o reformar?<\/p>\n<p id=\"eZ6_Tbu2oyu\">\u00abUna de las mayores demandas a la hora de recibir un encargo es la <a class=\"hm-link ho-link\" href=\"https:\/\/www.hola.com\/decoracion\/20240912717668\/cocinas-abiertas-al-salon\/\" data-mrf-recirculation=\"article-body-link\" rel=\"nofollow noopener\" target=\"_blank\">cocina abierta a la zona social<\/a>. La cocina ha dejado de ser un rinc\u00f3n apartado y cada vez es m\u00e1s habitual vincular la cocina a la zona social. Esto permite que quien cocina no quede aislado del resto\u00bb, comenta Paloma Ibarra. Esa cocina es punto de encuentro, permitiendo recibir visitas e interactuar con ellas mientras se cocina.\u00a0<\/p>\n<p id=\"esZGuaRK_9P\">\u00abNuestra sugerencia siempre es c<strong>olocar un filtro entre la cocina y la zona social, ya que<\/strong>\u00a0hay momentos en que se querr\u00e1 aislar de ruidos u olores. Si hay espacio suficiente, separar una zona de lavander\u00eda e integrar un office es lo ideal\u00bb. Cocina proyectada por Estudio Ibarra con estilismo de Pilar Perea.<\/p>\n<p>311<\/p>\n<p>  <img src=\"https:\/\/www.europesays.com\/es\/wp-content\/uploads\/2025\/10\/59deccdef181-foto-07lupe-clemente-y-pilar-perea.jpg\"   width=\"1920\" height=\"1080\" loading=\"lazy\" decoding=\"async\" alt=\"Cocina abierta\" fetchpriority=\"auto\" class=\"image ho-image\"\/>\u00a9 Lupe Clemente Fotografia<\/p>\n<p> \u00bfC\u00f3mo influye el dise\u00f1o en nuestro bienestar emocional y mental?<\/p>\n<p id=\"e5HnOW0t2j5\">\u00abEl dise\u00f1o \u2014especialmente el de interiores y arquitectura residencial\u2014 tiene una influencia directa y profunda en nuestro bienestar emocional y mental. Los <strong>espacios que habitamos afectan c\u00f3mo nos sentimos, nos relacionamos<\/strong>, descansamos e incluso c\u00f3mo nos concentramos o dormimos\u00bb, asegura la arquitecta. Los colores, formas, iluminaci\u00f3n, materiales y distribuci\u00f3n espacial pueden generar sensaci\u00f3n de calma o estr\u00e9s, as\u00ed como generar mayor productividad o distracci\u00f3n.\u00a0<\/p>\n<p id=\"e7X5QWI5tgN\">Un ejemplo es la <a class=\"hm-link ho-link\" href=\"https:\/\/www.hola.com\/decoracion\/20240311250673\/trucos-ganar-luminosidad-segun-interioristas-ms\/\" data-mrf-recirculation=\"article-body-link\" rel=\"nofollow noopener\" target=\"_blank\">exposici\u00f3n a luz natural<\/a><strong>\u00a0que regula nuestros ritmos circadianos<\/strong>, que afectan el sue\u00f1o, la concentraci\u00f3n y el estado emocional. As\u00ed, por ejemplo, espacios oscuros o mal iluminados pueden generar apat\u00eda o tristeza, mientras que ambientes con buena entrada de luz natural favorecen la liberaci\u00f3n de serotonina y melatonina clave en el bienestar emocional.\u00a0<\/p>\n<p id=\"ekMd3Y8MJeK\"><a class=\"hm-link ho-link\" href=\"https:\/\/www.hola.com\/decoracion\/20240724702142\/claves-ordenar-casa-para-vivir-mejor\/\" data-mrf-recirculation=\"article-body-link\" rel=\"nofollow noopener\" target=\"_blank\">El orden y la organizaci\u00f3n<\/a><strong>\u00a0tambi\u00e9n influyen<\/strong>: el dise\u00f1o que incorpora soluciones de almacenamiento discretas, espacios abiertos, circulaci\u00f3n fluida y limpieza visual contribuye a la claridad mental y emocional. En la imagen, un proyecto de Estudio Ibarra.\u00a0<\/p>\n<p>411<\/p>\n<p>  <img src=\"https:\/\/www.europesays.com\/es\/wp-content\/uploads\/2025\/10\/a19dc92db329-northdecosummer251739.jpg\"   width=\"1080\" height=\"1800\" loading=\"lazy\" decoding=\"async\" alt=\"Comedor\" fetchpriority=\"auto\" class=\"image ho-image\"\/>\u00a9 Northdeco<\/p>\n<p> <strong>Paloma Ibarra: \u00abLa casa perfecta tiene coherencia est\u00e9tica\u00bb<\/strong><\/p>\n<p id=\"e7kb0IJx2QQ\">As\u00ed es como la define la arquitecta de Estudio Ibarra. \u00abQue tenga<strong>\u00a0<\/strong><a class=\"hm-link ho-link\" href=\"https:\/\/www.hola.com\/decoracion\/20231026241939\/trucos-interiorista-ampliar-visualmente-espacio-am\/\" data-mrf-recirculation=\"article-body-link\" rel=\"nofollow noopener\" target=\"_blank\">circulaciones f\u00e1ciles\u00a0que saquen todo el potencial de los espacios<\/a> y ambientes amplios y bien iluminados (tanto luz natural como artificial)\u00bb, a\u00f1ade. Una casa perfecta cuanta con un dormitorio que <strong>optimice al m\u00e1ximo el almacenaje<\/strong>, con una iluminaci\u00f3n bien pensada, que junto con los textiles cree un ambiente c\u00e1lido y acogedor. Tiene una cocina con almacenaje suficiente, abierta a la zona social, pero con un filtro que permita independizar olores y ruidos cuando sea necesario. Con lavander\u00eda y office.<\/p>\n<p id=\"e5VQPV0d2mQ\">En general, <strong>l<\/strong><strong>a casa perfecta estudia bien la iluminaci\u00f3n artificial y elige siempre todos c\u00e1lidos y materiales nobles<\/strong> en suelos y carpinter\u00edas. En la imagen, propuesta decorativa de la firma de mobiliario Northdeco.<\/p>\n<p>511<\/p>\n<p>  <img src=\"https:\/\/www.europesays.com\/es\/wp-content\/uploads\/2025\/10\/397f5816edf9-comedormariadelvalleinteriorismomesamaderaalfombramoldurapapelpintado.jpg\"   width=\"1920\" height=\"1080\" loading=\"lazy\" decoding=\"async\" alt=\"Comedor\" fetchpriority=\"auto\" class=\"image ho-image\"\/>\u00a9 Mar\u00eda del Valle Interiorismo<\/p>\n<p> Los 7 motivos de la arquitecta por los que una casa puede no llegar a gustar<\/p>\n<p id=\"epsRSRvTlcw\">Aqu\u00ed, Paloma Ibarra entra en faena con motivos concretos para que los localices si sientes que tu casa no te recibe cada d\u00eda como te gustar\u00eda.\u00a0<\/p>\n<p> 1. Falta de coherencia est\u00e9tica<\/p>\n<p id=\"eAXEMgEuE-J\">Uno de los errores m\u00e1s comunes al decorar una casa es dejarse llevar por modas o compras impulsivas sin pensar en el conjunto. <strong>Esa\u00a0<\/strong><a class=\"hm-link ho-link\" href=\"https:\/\/www.hola.com\/decoracion\/20240826714579\/mezclar-estilo-clasico-y-moderno\/\" data-mrf-recirculation=\"article-body-link\" rel=\"nofollow noopener\" target=\"_blank\">mezcla de estilos<\/a><strong>\u00a0sin sentido, la elecci\u00f3n aleatoria de materiales o una paleta crom\u00e1tica desordenada hacen que el resultado final se perciba ca\u00f3tico<\/strong>. Seg\u00fan Paloma Ibarra, la coherencia est\u00e9tica es clave para que una vivienda transmita armon\u00eda. Si no hay unidad en los colores, materiales y formas, es muy dif\u00edcil que una casa te guste de verdad.\u00a0<\/p>\n<p id=\"eHv7CmCNEKv\">En la imagen, un comedor coherente, que encaja en el sal\u00f3n, con el que comparte espacio y que prolonga el papel de la pared en la zona por la que se accede. Pertenece a un proyecto de Mar\u00eda del Valle Interiorismo.<\/p>\n<p>611<\/p>\n<p>  <img src=\"https:\/\/www.europesays.com\/es\/wp-content\/uploads\/2025\/10\/95d3b19683ca-traditionpratlivingroomgroupnorthern.jpg\"   width=\"1080\" height=\"1800\" loading=\"lazy\" decoding=\"async\" alt=\"L\u00e1mpara colgantes en la zona de estar\" fetchpriority=\"auto\" class=\"image ho-image\"\/>\u00a9 Tradition\/Northern<\/p>\n<p> 2. Iluminaci\u00f3n deficiente<\/p>\n<p id=\"eObHXv0VFGk\">La<a class=\"hm-link ho-link\" href=\"https:\/\/www.hola.com\/decoracion\/20250331822480\/iluminacion-ideal-rincon-casa-consejos-experto-am\/\" data-mrf-recirculation=\"article-body-link\" rel=\"nofollow noopener\" target=\"_blank\">\u00a0luz puede transformar por completo la percepci\u00f3n de un espacio<\/a>, y, sin embargo, es uno de los aspectos m\u00e1s descuidados. Una<strong>\u00a0iluminaci\u00f3n pobre, mal dirigida o que no se adapta a la funci\u00f3n o necesidades de cada estancia provoca sensaci\u00f3n de incomodidad y resta calidez<\/strong>. No es lo mismo iluminar un dormitorio \u2014donde se busca un ambiente acogedor\u2014 que una cocina o una zona de trabajo, donde se necesita claridad. Hay que pensar y dise\u00f1ar la iluminaci\u00f3n de una casa, tanto natural como artificial, para que esta \u201cinvite a vivirse\u201d en cada momento del d\u00eda.<\/p>\n<p id=\"enlsc2id0McX\">Sobre estas l\u00edneas, sal\u00f3n con techo alto y l\u00e1mparas colgantes cayendo sobre la mesa de centro. Modelo Tradition, de Morten &amp; Jonas para Northern en Nordic Nest.<\/p>\n<p>711<\/p>\n<p>  <img src=\"https:\/\/www.europesays.com\/es\/wp-content\/uploads\/2025\/10\/f2d4955c3bd1-nuria-selva-en-mallorca-janajsamplemercewebres8.jpg\"   width=\"1080\" height=\"1800\" loading=\"lazy\" decoding=\"async\" alt=\"Dormitorio\" fetchpriority=\"auto\" class=\"image ho-image\"\/>\u00a9 NSV ARQUITECTURA &amp; INTERIORISMO<\/p>\n<p> 3. Demasiada compartimentaci\u00f3n<\/p>\n<p id=\"e6VEhXwR_OE\"><strong>Las casas con excesivas divisiones internas suelen sentirse m\u00e1s peque\u00f1as de lo que realmente son<\/strong>. Pasillos largos, puertas innecesarias o tabiques que restan amplitud generan espacios oscuros y poco pr\u00e1cticos. La tendencia actual apuesta por <a class=\"hm-link ho-link\" href=\"https:\/\/www.hola.com\/decoracion\/20231204244590\/secretos-distribucion-abierta-espacios-nu\/\" data-mrf-recirculation=\"article-body-link\" rel=\"nofollow noopener\" target=\"_blank\">distribuciones abiertas y fluidas<\/a>, que favorecen la circulaci\u00f3n y multiplican la sensaci\u00f3n de amplitud. Reducir la compartimentaci\u00f3n no significa renunciar a la privacidad, sino encontrar el equilibrio entre lo abierto y lo \u00edntimo.<\/p>\n<p id=\"e3A59ic98S8\">Proyecto de reforma nivel arquitectura, de Jaume Sanchez Vidal. El interiorismo lo firma la arquitecta N\u00faria Selva Villaronga, de NSV Arquitectura &amp; Interiorismo. La ropa de cama y cojines son de d\u2019Oliver Mobiliari.<\/p>\n<p>811<\/p>\n<p>  <img src=\"https:\/\/www.europesays.com\/es\/wp-content\/uploads\/2025\/10\/91a283b4de57-jysksilla-guderup-carvalho-escuronatural1793.jpg\"   width=\"1080\" height=\"1800\" loading=\"lazy\" decoding=\"async\" alt=\"Comedor con aparador\" fetchpriority=\"auto\" class=\"image ho-image\"\/>\u00a9 JYSK<\/p>\n<p> 4. Distribuci\u00f3n poco pr\u00e1ctica<\/p>\n<p id=\"epj1-0F4BG0\">Es decir, una distribuci\u00f3n \u00aben la que no se ha tenido en cuenta c\u00f3mo se va a amueblar la vivienda, lo que se traduce en muebles que no caben en las estancias\u00bb, recuerda Paloma Ibarra. <strong>Muchas veces el problema no est\u00e1 en el tama\u00f1o de la vivienda, sino en c\u00f3mo se organiza<\/strong>. Si al proyectar no se piensa en el mobiliario y su ubicaci\u00f3n, el resultado son habitaciones inc\u00f3modas, con muebles desproporcionados o esquinas imposibles de aprovechar. Una buena distribuci\u00f3n tiene en cuenta desde el principio d\u00f3nde ir\u00e1 el sof\u00e1, la cama o la mesa del comedor, evitando as\u00ed que la casa termine siendo un puzzle mal encajado.\u00a0<\/p>\n<p id=\"enZbZ2-efKP\">En la imagen, comedor decorado con <strong>est\u00e9tica y practicidad al\u00a0<\/strong><a class=\"hm-link ho-link\" href=\"https:\/\/www.hola.com\/decoracion\/20220505208679\/comedores-soluciones-almacenaje-am\/\" data-mrf-recirculation=\"article-body-link\" rel=\"nofollow noopener\" target=\"_blank\">no descuidar la capacidad de almacenamiento<\/a>. Un aparador acompa\u00f1a al conjunto de mesa y sillas, todo con coherencia en tonos y materiales. Piezas de la colecci\u00f3n oto\u00f1o-invierno de la firma JYSK, que combina colores tradicionales y c\u00e1lidos con dise\u00f1os modernos y org\u00e1nicos.<\/p>\n<p>911<\/p>\n<p>  <img src=\"https:\/\/www.europesays.com\/es\/wp-content\/uploads\/2025\/10\/5e852176fdea-eva-jurado-amdor-y-cris.jpg\"   width=\"1080\" height=\"1800\" loading=\"lazy\" decoding=\"async\" alt=\"Entrada y paso al sal\u00f3n, de estilo contempor\u00e1neo\" fetchpriority=\"auto\" class=\"image ho-image\"\/>\u00a9 Amador Toril<\/p>\n<p> 5. Desconexi\u00f3n entre el estilo de la casa y la esencia del inmueble<\/p>\n<p id=\"eIXRRXlIn09\">Otro motivo por el que puede que tu casa no te guste es la falta de respeto hacia la <strong>propia identidad arquitect\u00f3nica del edificio<\/strong>. Por ejemplo, realizar intervenciones excesivamente modernas en viviendas cl\u00e1sicas \u2014o al rev\u00e9s\u2014. Esto puede generar una sensaci\u00f3n de incoherencia dif\u00edcil de digerir. <a class=\"hm-link ho-link\" href=\"https:\/\/www.hola.com\/decoracion\/20240124246768\/elementos-arquitectonicos-para-recuperar-reforma-casa-nu\/\" data-mrf-recirculation=\"article-body-link\" rel=\"nofollow noopener\" target=\"_blank\">Respetar la esencia del inmueble y reinterpretarla<\/a> con un lenguaje actual es lo que permite que la vivienda gane personalidad sin perder autenticidad.\u00a0<\/p>\n<p id=\"eXb5LRQiDzC\">Proyecto de estilo contempor\u00e1neo. Paso del recibidor al sal\u00f3n, a trav\u00e9s de un cerramiento acristalado. Es un proyecto de Eva Jurado con estilismo de Cristina Rodr\u00edguez Goitia.<\/p>\n<p>1011<\/p>\n<p>  <img src=\"https:\/\/www.europesays.com\/es\/wp-content\/uploads\/2025\/10\/1f3ad81fc6ca-estudio-raquel-gonzalezproyecto-16-usategi-fotoamadortoril-estilismo-cristina.jpg\"   width=\"1080\" height=\"1800\" loading=\"lazy\" decoding=\"async\" alt=\"Ba\u00f1o\" fetchpriority=\"auto\" class=\"image ho-image\"\/>\u00a9 Amador Toril<\/p>\n<p> 6. Falta de atenci\u00f3n a las instalaciones<\/p>\n<p id=\"ehgIueE2-p9\">La arquitectura de interiores no solo se mide por la est\u00e9tica, tambi\u00e9n por la calidad t\u00e9cnica de los espacios. <strong>Ignorar aspectos como la climatizaci\u00f3n, la ventilaci\u00f3n o las instalaciones el\u00e9ctricas puede tener consecuencias est\u00e9ticas<\/strong> y funcionales importantes, como techos innecesariamente bajados o elementos mal integrados. Una casa con instalaciones deficientes no solo es menos c\u00f3moda, tambi\u00e9n acaba transmitiendo la sensaci\u00f3n de estar mal resuelta. Ba\u00f1o proyectado por la interiorista Raquel Gonz\u00e1lez con estilismo de Cristina Rodr\u00edguez Goitia.<\/p>\n<p>1111<\/p>\n<p>  <img src=\"https:\/\/www.europesays.com\/es\/wp-content\/uploads\/2025\/10\/02210df34290-tindas-project-proyecto-calonge-casa-invitados-foto-maria-pujol-estilismo-mar-ga.jpg\"   width=\"1920\" height=\"1080\" loading=\"lazy\" decoding=\"async\" alt=\"Sal\u00f3n con chimenea y salida al exterior\" fetchpriority=\"auto\" class=\"image ho-image\"\/>\u00a9 Mar\u00eda Pujol<\/p>\n<p> 7. Falta de conexi\u00f3n entre el interior y el exterior<\/p>\n<p id=\"e3romwHUAP-\">\u00abVentanas peque\u00f1as que hacen que parezca que los espacios dan la espalda al paisaje en lugar de abrirse a \u00e9l\u00bb, se\u00f1ala la arquitecta de Estudio Ibarra. Por tanto, <strong>v<\/strong><strong>ivir de espaldas al exterior es otro de los grandes errores<\/strong>. Ventanas peque\u00f1as o mal ubicadas hacen que la casa parezca cerrada y oscura, perdiendo la <a class=\"hm-link ho-link\" href=\"https:\/\/www.hola.com\/decoracion\/20250626838323\/tendencia-interiorismo-naturaleza-en-casa-am\/\" data-mrf-recirculation=\"article-body-link\" rel=\"nofollow noopener\" target=\"_blank\">oportunidad de disfrutar de la luz natural y de una relaci\u00f3n directa con el paisaje<\/a>.\u00a0<\/p>\n<p id=\"eiGRKn_nTIi\">Un gran ventanal o incluso un peque\u00f1o patio interior pueden transformar por completo la manera de habitar un espacio. Este sal\u00f3n, conectado con el exterior, pertenece a un proyecto llevado a cabo por el estudio Tinda&#8217;s Project con estilismo de Mar Gausachs.\u00a0<\/p>\n","protected":false},"excerpt":{"rendered":"Todos so\u00f1amos con una casa que nos haga sentir bien, en la que descansar, disfrutar y compartir momentos.&hellip;\n","protected":false},"author":2,"featured_media":205628,"comment_status":"","ping_status":"","sticky":false,"template":"","format":"standard","meta":{"footnotes":""},"categories":[173],"tags":[229,233,231,230,8372,14046,232,234,146,147,25,24,23],"class_list":{"0":"post-205627","1":"post","2":"type-post","3":"status-publish","4":"format-standard","5":"has-post-thumbnail","7":"category-arte-y-diseno","8":"tag-arte","9":"tag-arte-y-diseno","10":"tag-arts","11":"tag-arts-and-design","12":"tag-decoracion","13":"tag-decoracion-de-interiores","14":"tag-design","15":"tag-diseno","16":"tag-entertainment","17":"tag-entretenimiento","18":"tag-es","19":"tag-espana","20":"tag-spain"},"share_on_mastodon":{"url":"https:\/\/pubeurope.com\/@es\/115452519804504464","error":""},"_links":{"self":[{"href":"https:\/\/www.europesays.com\/es\/wp-json\/wp\/v2\/posts\/205627","targetHints":{"allow":["GET"]}}],"collection":[{"href":"https:\/\/www.europesays.com\/es\/wp-json\/wp\/v2\/posts"}],"about":[{"href":"https:\/\/www.europesays.com\/es\/wp-json\/wp\/v2\/types\/post"}],"author":[{"embeddable":true,"href":"https:\/\/www.europesays.com\/es\/wp-json\/wp\/v2\/users\/2"}],"replies":[{"embeddable":true,"href":"https:\/\/www.europesays.com\/es\/wp-json\/wp\/v2\/comments?post=205627"}],"version-history":[{"count":0,"href":"https:\/\/www.europesays.com\/es\/wp-json\/wp\/v2\/posts\/205627\/revisions"}],"wp:featuredmedia":[{"embeddable":true,"href":"https:\/\/www.europesays.com\/es\/wp-json\/wp\/v2\/media\/205628"}],"wp:attachment":[{"href":"https:\/\/www.europesays.com\/es\/wp-json\/wp\/v2\/media?parent=205627"}],"wp:term":[{"taxonomy":"category","embeddable":true,"href":"https:\/\/www.europesays.com\/es\/wp-json\/wp\/v2\/categories?post=205627"},{"taxonomy":"post_tag","embeddable":true,"href":"https:\/\/www.europesays.com\/es\/wp-json\/wp\/v2\/tags?post=205627"}],"curies":[{"name":"wp","href":"https:\/\/api.w.org\/{rel}","templated":true}]}}