{"id":205691,"date":"2025-10-28T16:17:12","date_gmt":"2025-10-28T16:17:12","guid":{"rendered":"https:\/\/www.europesays.com\/es\/205691\/"},"modified":"2025-10-28T16:17:12","modified_gmt":"2025-10-28T16:17:12","slug":"creo-en-el-amor-eterno-pero-creo-en-la-separacion-tambien","status":"publish","type":"post","link":"https:\/\/www.europesays.com\/es\/205691\/","title":{"rendered":"Creo en el amor eterno, pero creo en la separaci\u00f3n tambi\u00e9n"},"content":{"rendered":"<p data-journey-content=\"true\" data-node-id=\"3\" class=\"css-6wxqfj emevuu60\">La vida les dio un <strong data-node-id=\"3.1\">giro de 180 grados<\/strong> a la nutricionista y colaboradora televisiva <strong data-node-id=\"3.3\">Patricia P\u00e9rez<\/strong> y a su marido,<strong data-node-id=\"3.5\"> Luis Canut<\/strong>, en 2023, cuando <a href=\"https:\/\/www.diezminutos.es\/famosos-corazon\/famosos-espanoles\/a46323452\/patricia-perez-presentadora-problema-salud-marido-luis-canut-meningitis\/\" target=\"_blank\" data-vars-ga-outbound-link=\"https:\/\/www.diezminutos.es\/famosos-corazon\/famosos-espanoles\/a46323452\/patricia-perez-presentadora-problema-salud-marido-luis-canut-meningitis\/\" data-vars-ga-ux-element=\"Hyperlink\" data-vars-ga-call-to-action=\"una meningitis criptoc\u00f3cica afect\u00f3 al director y productor\" data-node-id=\"3.7\" class=\"body-link css-177bzfx emevuu60\" rel=\"nofollow noopener\">una <strong data-node-id=\"3.7.1\">meningitis criptoc\u00f3cica<\/strong> afect\u00f3 al director y productor<\/a>, postr\u00e1ndole meses en cama e incluso <strong data-node-id=\"3.9\"><a href=\"https:\/\/www.diezminutos.es\/famosos-corazon\/famosos-espanoles\/a46728584\/patricia-perez-marido-luis-canut-secuelas-meningitis-vista-peso\/\" target=\"_blank\" data-vars-ga-outbound-link=\"https:\/\/www.diezminutos.es\/famosos-corazon\/famosos-espanoles\/a46728584\/patricia-perez-marido-luis-canut-secuelas-meningitis-vista-peso\/\" data-vars-ga-ux-element=\"Hyperlink\" data-vars-ga-call-to-action=\"dej\u00e1ndole en apenas 52 kilos\" data-node-id=\"3.9.0\" class=\"body-link css-177bzfx emevuu60\" rel=\"nofollow noopener\">dej\u00e1ndole en apenas 52 kilos<\/a><\/strong>. Adaptarse a su nueva vida no ha sido f\u00e1cil, porque ahora es una persona dependiente a pesar de que ha hecho un gran progreso en su recuperaci\u00f3n, pero las secuelas siguen y van a seguir ah\u00ed, especialmente la p\u00e9rdida de visi\u00f3n. Ahora, Luis se ha afiliado a la ONCE mientras <a href=\"https:\/\/www.diezminutos.es\/famosos-corazon\/famosos-espanoles\/a63180028\/luis-canut-marido-patricia-perez-nueva-vida-ciego\/\" target=\"_blank\" data-vars-ga-outbound-link=\"https:\/\/www.diezminutos.es\/famosos-corazon\/famosos-espanoles\/a63180028\/luis-canut-marido-patricia-perez-nueva-vida-ciego\/\" data-vars-ga-ux-element=\"Hyperlink\" data-vars-ga-call-to-action=\"se acostumbra poco a poco a su ceguera\" data-node-id=\"3.11\" class=\"body-link css-177bzfx emevuu60\" rel=\"nofollow noopener\">se acostumbra poco a poco a su ceguera<\/a>, pero esto no le ha quitado las ganas de seguir adelante: \u00ab<strong data-node-id=\"3.13\">Yo me par\u00e9 porque me par\u00f3 la enfermedad, pero el mundo no se par\u00f3<\/strong>, y lo bueno que tiene esto es que esa decisi\u00f3n es m\u00eda. <strong data-node-id=\"3.15\">Hay otras que no he podido tomar por mi enfermedad, por mis limitaciones, pero la segu\u00ed disfrutando<\/strong>. Ser <strong data-node-id=\"3.17\">amable <\/strong>y <strong data-node-id=\"3.19\">positivo <\/strong>es una decisi\u00f3n que nadie me la puede quitar\u00bb, dijo hace unos meses Luis. Ahora ha sido Patricia la que ha hablado de c\u00f3mo est\u00e1 siendo su vida al lado de Luis, sorprendiendo con sus declaraciones: <strong data-node-id=\"3.21\">\u00abCreo en el amor eterno, pero creo en la separaci\u00f3n tambi\u00e9n<\/strong>\u00ab.<\/p>\n<p data-journey-content=\"true\" data-node-id=\"6\" class=\"css-6wxqfj emevuu60\">La nutricionista se ha querido sincerar en un acto organizado por la <strong data-node-id=\"6.1\">Fundaci\u00f3n Peque\u00f1o Deseo<\/strong>, y ha hablado abiertamente de<strong data-node-id=\"6.3\"> c\u00f3mo es su vida junto a Luis tras todos los cambios que ha habido<\/strong>, y <a href=\"https:\/\/www.diezminutos.es\/famosos-corazon\/famosos-espanoles\/a62690356\/patricia-perez-logros-superacion-marido-luis-canut-problema-vision-enfermedad\/\" target=\"_blank\" data-vars-ga-outbound-link=\"https:\/\/www.diezminutos.es\/famosos-corazon\/famosos-espanoles\/a62690356\/patricia-perez-logros-superacion-marido-luis-canut-problema-vision-enfermedad\/\" data-vars-ga-ux-element=\"Hyperlink\" data-vars-ga-call-to-action=\"orgullosa por los logros de su marido\" data-node-id=\"6.5\" class=\"body-link css-177bzfx emevuu60\" rel=\"nofollow noopener\">orgullosa por los logros de su marido<\/a> -y feliz por seguir teni\u00e9ndole a su lado-, se declara<strong data-node-id=\"6.7\"> una mujer m\u00e1s enamorada que nunca<\/strong>: \u00ab\u00c9l es muy bueno. <strong data-node-id=\"6.9\">Yo creo en el amor eterno, y creo que mi marido es el hombre de mi vida, pero creo en la separaci\u00f3n tambi\u00e9n<\/strong>\u00ab, dijo para sorpresa de los reporteros. Ella misma se explic\u00f3, y es que tiene raz\u00f3n en que, por muy enamorada que est\u00e9 a d\u00eda de hoy, nunca sabe lo que depara el futuro: \u00ab<strong data-node-id=\"6.11\">Si alg\u00fan d\u00eda me separo, seguir\u00e1 siendo el hombre de mi vida, el amor de mi vida y todo. O sea que espero morirme a su lado<\/strong>\u00ab, puntualiz\u00f3, y a\u00f1adi\u00f3: \u00abYo lo trato igual. <strong data-node-id=\"6.13\">Hacemos la misma vida.<\/strong> Es distinto, pero yo tampoco soy de quejarme. No, <strong data-node-id=\"6.15\">yo siempre soy agradecida a la vida<\/strong>. Entonces yo creo que <strong data-node-id=\"6.17\">entre los dos nos apoyamos mucho mutuamente en ese sentido<\/strong>. Eso es lo bonito\u00bb.<\/p>\n<p><img draggable=\"true\" alt=\"patricia perez junto a su marido, luis canut, en una foto de archivo\" title=\"Patricia Perez junto a su marido, Luis Canut, en una foto de archivo\" loading=\"lazy\" width=\"3000\" height=\"2000\" decoding=\"async\" data-nimg=\"1\" style=\"color:transparent;width:100%;height:auto;\"   src=\"https:\/\/www.europesays.com\/es\/wp-content\/uploads\/2025\/10\/patricia-perez-luis-canut-690074b1b7b3e.jpg\" class=\"css-0 e1g79fud0\"\/><\/p>\n<p>Gtres<\/p>\n<p>As\u00ed ha conseguido superar Luis Canut la meningitis criptoc\u00f3cica<\/p>\n<p data-journey-content=\"true\" data-node-id=\"10\" class=\"css-6wxqfj emevuu60\">El <a href=\"https:\/\/www.diezminutos.es\/famosos-corazon\/famosos-espanoles\/a46565743\/patricia-perez-marido-luis-canut-video-mejora-enfermedad-meningitis-criptococica\/\" target=\"_blank\" data-vars-ga-outbound-link=\"https:\/\/www.diezminutos.es\/famosos-corazon\/famosos-espanoles\/a46565743\/patricia-perez-marido-luis-canut-video-mejora-enfermedad-meningitis-criptococica\/\" data-vars-ga-ux-element=\"Hyperlink\" data-vars-ga-call-to-action=\"camino de superaci\u00f3n de Luis \" data-node-id=\"10.1\" class=\"body-link css-177bzfx emevuu60\" rel=\"nofollow noopener\"><strong data-node-id=\"10.1.0\">camino de superaci\u00f3n de Luis<\/strong> <\/a>no es algo a pasar por alto, porque <strong data-node-id=\"10.3\">no todo el mundo que sufre una meningitis criptoc\u00f3cica<\/strong> -una enfermedad que afecta al sistema nervioso causada por un hongo- <strong data-node-id=\"10.5\">c<\/strong><strong data-node-id=\"10.6\">onsigue recuperarse tan bien como \u00e9l<\/strong>.<\/p>\n<p data-journey-content=\"true\" data-node-id=\"14\" class=\"css-6wxqfj emevuu60\">Es cierto que se ha quedado ciego, pero <strong data-node-id=\"14.1\"><a href=\"https:\/\/www.diezminutos.es\/teleprograma\/programas-tv\/a46788599\/patricia-perez-llamada-luis-canut-tardear\/\" target=\"_blank\" data-vars-ga-outbound-link=\"https:\/\/www.diezminutos.es\/teleprograma\/programas-tv\/a46788599\/patricia-perez-llamada-luis-canut-tardear\/\" data-vars-ga-ux-element=\"Hyperlink\" data-vars-ga-call-to-action=\"podr\u00eda haber sido mucho peor\" data-node-id=\"14.1.0\" class=\"body-link css-177bzfx emevuu60\" rel=\"nofollow noopener\">podr\u00eda haber sido mucho peor<\/a><\/strong>: el productor sufri\u00f3 <strong data-node-id=\"14.3\">p\u00e9rdida de memoria a corto plazo, alteraciones sensoriales y dificultades motoras<\/strong> que le postraron en una cama durante meses, llegando al punto de <strong data-node-id=\"14.5\">quedarse en solo 52 kilos de peso<\/strong>. Gracias a su fuerza de voluntad, Luis <strong data-node-id=\"14.7\">logr\u00f3 recuperar masa muscular y condiciones f\u00edsicas<\/strong>, que perdi\u00f3 durante su ingreso. Y especial esfuerzo puso tambi\u00e9n en la <strong data-node-id=\"14.9\">rehabilitaci\u00f3n cognitiva<\/strong>, esforz\u00e1ndose por recobrar su capacidad ling\u00fc\u00edstica y mental. El camino no ha sido f\u00e1cil, pero sin duda lo est\u00e1 consiguiendo.<\/p>\n<p><img src=\"https:\/\/www.europesays.com\/es\/wp-content\/uploads\/2025\/10\/1761668232_168_a982b4f8-3383-45d0-81ca-fb597fd6fa80_1734436044.jpg\" alt=\"Headshot of Daniel Reyes\" title=\"Headshot of Daniel Reyes\" width=\"100%\" height=\"100%\" decoding=\"async\" loading=\"lazy\" class=\"css-o0wq4v ev8dhu53\"\/><\/p>\n<p>Daniel Reyes se gradu\u00f3 en Periodismo por la Universidad Rey Juan Carlos. Experto en actualidad de coraz\u00f3n, sociedad y televisi\u00f3n; Dani redacta noticias en Diez Minutos desde 2015, donde ha ganado en los \u00faltimos a\u00f1os una gran experiencia a la hora de escribir sobre todas las novedades de los famosos, reality de televisi\u00f3n como &#8216;Supervivientes&#8217; y &#8216;La isla de las tentaciones&#8217; o series.<br \/>\nLas redes sociales no tienen secretos para \u00e9l, donde se mueve como pez en el agua para encontrar la \u00faltima hora de la vida de los famosos o la pol\u00e9mica m\u00e1s reciente: lo mismo te habla de las Kardashian que de Isabel Pantoja, Beyonc\u00e9, &#8216;S\u00e1lvame&#8217; o de Felipe y Letizia: Realeza, al fin y al cabo, aunque cada uno en lo suyo.<br \/>\nPeriodista 360, a lo Paquita Salas, tampoco tiene l\u00edmite a la hora de escribir sobre temas tan variados como pol\u00edtica o maternidad, o incluso sobre sus aficiones, que pasan por la moda, las \u00faltimas tendencias o la belleza, algo en lo que se especializ\u00f3 tras pasar por la revista S Moda entre 2014 y 2015, donde si ya lleg\u00f3 haci\u00e9ndole &#8216;til\u00edn&#8217; todo ese mundillo, all\u00ed se volvi\u00f3 todo un experto del maquillaje, las cremas o los tratamientos puntuales teros. Un pasatiempo que sigue desarroll\u00e1ndose y que compagina con su trabajo como redactor.<\/p>\n","protected":false},"excerpt":{"rendered":"La vida les dio un giro de 180 grados a la nutricionista y colaboradora televisiva Patricia P\u00e9rez y&hellip;\n","protected":false},"author":2,"featured_media":205692,"comment_status":"","ping_status":"","sticky":false,"template":"","format":"standard","meta":{"footnotes":""},"categories":[174],"tags":[255,253,146,147,25,24,256,23],"class_list":{"0":"post-205691","1":"post","2":"type-post","3":"status-publish","4":"format-standard","5":"has-post-thumbnail","7":"category-famosos","8":"tag-celebrities","9":"tag-discover","10":"tag-entertainment","11":"tag-entretenimiento","12":"tag-es","13":"tag-espana","14":"tag-famosos","15":"tag-spain"},"share_on_mastodon":{"url":"https:\/\/pubeurope.com\/@es\/115452697282382419","error":""},"_links":{"self":[{"href":"https:\/\/www.europesays.com\/es\/wp-json\/wp\/v2\/posts\/205691","targetHints":{"allow":["GET"]}}],"collection":[{"href":"https:\/\/www.europesays.com\/es\/wp-json\/wp\/v2\/posts"}],"about":[{"href":"https:\/\/www.europesays.com\/es\/wp-json\/wp\/v2\/types\/post"}],"author":[{"embeddable":true,"href":"https:\/\/www.europesays.com\/es\/wp-json\/wp\/v2\/users\/2"}],"replies":[{"embeddable":true,"href":"https:\/\/www.europesays.com\/es\/wp-json\/wp\/v2\/comments?post=205691"}],"version-history":[{"count":0,"href":"https:\/\/www.europesays.com\/es\/wp-json\/wp\/v2\/posts\/205691\/revisions"}],"wp:featuredmedia":[{"embeddable":true,"href":"https:\/\/www.europesays.com\/es\/wp-json\/wp\/v2\/media\/205692"}],"wp:attachment":[{"href":"https:\/\/www.europesays.com\/es\/wp-json\/wp\/v2\/media?parent=205691"}],"wp:term":[{"taxonomy":"category","embeddable":true,"href":"https:\/\/www.europesays.com\/es\/wp-json\/wp\/v2\/categories?post=205691"},{"taxonomy":"post_tag","embeddable":true,"href":"https:\/\/www.europesays.com\/es\/wp-json\/wp\/v2\/tags?post=205691"}],"curies":[{"name":"wp","href":"https:\/\/api.w.org\/{rel}","templated":true}]}}