{"id":205715,"date":"2025-10-28T16:30:46","date_gmt":"2025-10-28T16:30:46","guid":{"rendered":"https:\/\/www.europesays.com\/es\/205715\/"},"modified":"2025-10-28T16:30:46","modified_gmt":"2025-10-28T16:30:46","slug":"estuve-hace-un-ano-y-el-que-no-estuvo-fue-el-galgo-de-paiporta","status":"publish","type":"post","link":"https:\/\/www.europesays.com\/es\/205715\/","title":{"rendered":"Estuve hace un a\u00f1o y el que no estuvo fue el galgo de Paiporta"},"content":{"rendered":"<p class=\"c-paragraph\">La presidenta de la Comunidad de Madrid, Isabel D\u00edaz Ayuso, ha confirmado que no acudir\u00e1 este mi\u00e9rcoles al funeral que se celebrar\u00e1 con motivo del primer aniversario de la DANA. \u00abEstuve hace un a\u00f1o en la catedral de Valencia <b>con las v\u00edctimas y con los Reyes<\/b>. El que no estuvo fue el galgo de Paiporta\u00bb, ha dicho, en referencia a Pedro S\u00e1nchez.<\/p>\n<p class=\"c-paragraph\">Sobre las cr\u00edticas al presidente de la Generalitat Valenciana por sus \u00faltimas versiones de lo que hizo ese d\u00eda de hace un a\u00f1o, la presidenta madrile\u00f1a ha asegurado que <b>hay \u00abresponsabilidades para todos\u00bb<\/b>, no solo de Carlos Maz\u00f3n, y ha criticado que el Gobierno de Espa\u00f1a solo est\u00e9 centrado en el \u00abc\u00e1lculo pol\u00edtico\u00bb.\u00a0<\/p>\n<p class=\"c-paragraph\">\u00abPienso que el Gobierno de la Comunidad Valenciana<b> est\u00e1 en la recuperaci\u00f3n<\/b> y que, m\u00e1s all\u00e1 de ello, cualquier otra decisi\u00f3n es algo que se tiene que ver de aqu\u00ed al final de la legislatura\u00bb, ha valorado la dirigente auton\u00f3mica en declaraciones a los periodistas desde Torrej\u00f3n de Ardoz.\u00a0<\/p>\n<p class=\"c-paragraph\">Ayuso ha subrayado que esta recuperaci\u00f3n, que es \u00abnecesaria para todos los valencianos\u00bb, <b>no cuenta con \u00abla ayuda\u00bb de la Administraci\u00f3n General del Estado<\/b>, que solo est\u00e1 pendiente \u00abdel c\u00e1lculo pol\u00edtico\u00bb. \u00abMe gustar\u00eda que aquellos de &#8216;Si lo necesitan, que lo pidan&#8217;, que me digan d\u00f3nde estaban ese d\u00eda, por qu\u00e9 estaban todos fuera, por qu\u00e9 tardaron tanto en aparecer, cuando hay responsabilidades para todos. As\u00ed que esto de ir ci\u00f1\u00e9ndonos al relato, ahora que se cumple el aniversario, me parece lo peor\u00bb, ha reprochado.<\/p>\n","protected":false},"excerpt":{"rendered":"La presidenta de la Comunidad de Madrid, Isabel D\u00edaz Ayuso, ha confirmado que no acudir\u00e1 este mi\u00e9rcoles al&hellip;\n","protected":false},"author":2,"featured_media":205716,"comment_status":"","ping_status":"","sticky":false,"template":"","format":"standard","meta":{"footnotes":""},"categories":[5],"tags":[17,18,1467,1681,25,24,13,14,9589,238,11,3515,19,20,9,10,15,16,2959,23,12,21,22],"class_list":{"0":"post-205715","1":"post","2":"type-post","3":"status-publish","4":"format-standard","5":"has-post-thumbnail","7":"category-titulares","8":"tag-breaking-news","9":"tag-breakingnews","10":"tag-comunidad-de-madrid","11":"tag-dana","12":"tag-es","13":"tag-espana","14":"tag-featured-news","15":"tag-featurednews","16":"tag-funeral","17":"tag-generalitat-valenciana","18":"tag-headlines","19":"tag-isabel-diaz-ayuso","20":"tag-latest-news","21":"tag-latestnews","22":"tag-news","23":"tag-noticias","24":"tag-noticias-destacadas","25":"tag-noticiasdestacadas","26":"tag-pedro-sanchez","27":"tag-spain","28":"tag-titulares","29":"tag-ultimas-noticias","30":"tag-ultimasnoticias"},"share_on_mastodon":{"url":"https:\/\/pubeurope.com\/@es\/115452751535533331","error":""},"_links":{"self":[{"href":"https:\/\/www.europesays.com\/es\/wp-json\/wp\/v2\/posts\/205715","targetHints":{"allow":["GET"]}}],"collection":[{"href":"https:\/\/www.europesays.com\/es\/wp-json\/wp\/v2\/posts"}],"about":[{"href":"https:\/\/www.europesays.com\/es\/wp-json\/wp\/v2\/types\/post"}],"author":[{"embeddable":true,"href":"https:\/\/www.europesays.com\/es\/wp-json\/wp\/v2\/users\/2"}],"replies":[{"embeddable":true,"href":"https:\/\/www.europesays.com\/es\/wp-json\/wp\/v2\/comments?post=205715"}],"version-history":[{"count":0,"href":"https:\/\/www.europesays.com\/es\/wp-json\/wp\/v2\/posts\/205715\/revisions"}],"wp:featuredmedia":[{"embeddable":true,"href":"https:\/\/www.europesays.com\/es\/wp-json\/wp\/v2\/media\/205716"}],"wp:attachment":[{"href":"https:\/\/www.europesays.com\/es\/wp-json\/wp\/v2\/media?parent=205715"}],"wp:term":[{"taxonomy":"category","embeddable":true,"href":"https:\/\/www.europesays.com\/es\/wp-json\/wp\/v2\/categories?post=205715"},{"taxonomy":"post_tag","embeddable":true,"href":"https:\/\/www.europesays.com\/es\/wp-json\/wp\/v2\/tags?post=205715"}],"curies":[{"name":"wp","href":"https:\/\/api.w.org\/{rel}","templated":true}]}}