{"id":205719,"date":"2025-10-28T16:38:20","date_gmt":"2025-10-28T16:38:20","guid":{"rendered":"https:\/\/www.europesays.com\/es\/205719\/"},"modified":"2025-10-28T16:38:20","modified_gmt":"2025-10-28T16:38:20","slug":"alustiza-isasa-y-murguialday-renuevan-con-el-euskaltel-euskadi","status":"publish","type":"post","link":"https:\/\/www.europesays.com\/es\/205719\/","title":{"rendered":"Alustiza, Isasa y Murguialday renuevan con el Euskaltel-Euskadi"},"content":{"rendered":"<p data-mrf-recirculation=\"Links P\u00e1rrafos\" class=\"ue-c-article__paragraph paragraph ue-c-article--first-letter-highlighted\">El <strong>Euskaltel-Euskadi<\/strong> anunci\u00f3 la renovaci\u00f3n para la pr\u00f3xima temporada de los corredores <strong>Nicol\u00e1s Alustiza, Xabier Isasa y Jokin Murguialday<\/strong> con los que son ya 19 los ciclistas confirmados por el equipo vasco para 2026.<\/p>\n<p data-mrf-recirculation=\"Links P\u00e1rrafos\" class=\"ue-c-article__paragraph paragraph\">Antes de <strong>Alustiza, Isasa y Murguialday<\/strong> el Euskaltel hizo p\u00fablica la ampliaci\u00f3n del contrato de <strong>Iker Mintegi y los fichajes de Yago Agirre, Unai Aznar, Samuel Fern\u00e1ndez, Gari Ugarte y Axel van der Tuuk.<\/strong><\/p>\n<p data-mrf-recirculation=\"Links P\u00e1rrafos\" class=\"ue-c-article__paragraph paragraph\">Adem\u00e1s, seguir\u00e1n con contrato en vigor, <strong>Jon Agirre, Xabier Berasategi, Mikel Bizkarra, Ander Ganz\u00e1bal, Paul Hennequin, Txomin Juaristi, Jordi L\u00f3pez, Gotzon Mart\u00edn, Louis Sutton y Danny van der Tuuk<\/strong>.<\/p>\n<p data-mrf-recirculation=\"Links P\u00e1rrafos\" class=\"ue-c-article__paragraph paragraph\">\u00abSon tres corredores que han apuntado buenos detalles este a\u00f1o y en su trayectoria y que creo que pueden seguir aportando. Estamos convencidos de que tienen m\u00e1s de lo que hemos podido ver hasta ahora\u00bb, destaca <strong>Jorge Azanza,<\/strong> responsable deportivo de la escuadra naranja.<\/p>\n","protected":false},"excerpt":{"rendered":"El Euskaltel-Euskadi anunci\u00f3 la renovaci\u00f3n para la pr\u00f3xima temporada de los corredores Nicol\u00e1s Alustiza, Xabier Isasa y Jokin&hellip;\n","protected":false},"author":2,"featured_media":205720,"comment_status":"","ping_status":"","sticky":false,"template":"","format":"standard","meta":{"footnotes":""},"categories":[273],"tags":[313,312,168,25,24,23,167],"class_list":{"0":"post-205719","1":"post","2":"type-post","3":"status-publish","4":"format-standard","5":"has-post-thumbnail","7":"category-ciclismo","8":"tag-ciclismo","9":"tag-cycling","10":"tag-deportes","11":"tag-es","12":"tag-espana","13":"tag-spain","14":"tag-sports"},"share_on_mastodon":{"url":"https:\/\/pubeurope.com\/@es\/115452779152521227","error":""},"_links":{"self":[{"href":"https:\/\/www.europesays.com\/es\/wp-json\/wp\/v2\/posts\/205719","targetHints":{"allow":["GET"]}}],"collection":[{"href":"https:\/\/www.europesays.com\/es\/wp-json\/wp\/v2\/posts"}],"about":[{"href":"https:\/\/www.europesays.com\/es\/wp-json\/wp\/v2\/types\/post"}],"author":[{"embeddable":true,"href":"https:\/\/www.europesays.com\/es\/wp-json\/wp\/v2\/users\/2"}],"replies":[{"embeddable":true,"href":"https:\/\/www.europesays.com\/es\/wp-json\/wp\/v2\/comments?post=205719"}],"version-history":[{"count":0,"href":"https:\/\/www.europesays.com\/es\/wp-json\/wp\/v2\/posts\/205719\/revisions"}],"wp:featuredmedia":[{"embeddable":true,"href":"https:\/\/www.europesays.com\/es\/wp-json\/wp\/v2\/media\/205720"}],"wp:attachment":[{"href":"https:\/\/www.europesays.com\/es\/wp-json\/wp\/v2\/media?parent=205719"}],"wp:term":[{"taxonomy":"category","embeddable":true,"href":"https:\/\/www.europesays.com\/es\/wp-json\/wp\/v2\/categories?post=205719"},{"taxonomy":"post_tag","embeddable":true,"href":"https:\/\/www.europesays.com\/es\/wp-json\/wp\/v2\/tags?post=205719"}],"curies":[{"name":"wp","href":"https:\/\/api.w.org\/{rel}","templated":true}]}}